{"id":1095,"date":"2015-08-04T23:04:08","date_gmt":"2015-08-04T21:04:08","guid":{"rendered":"http:\/\/www.area-press.eu\/comunicatistampa\/?p=1095"},"modified":"2018-10-28T18:24:55","modified_gmt":"2018-10-28T17:24:55","slug":"granfondo-dagosto-targate-acsi-fine-mese-nelle-marche-con-la-gf-leopardiana","status":"publish","type":"post","link":"https:\/\/www.area-press.eu\/comunicatistampa\/2015\/08\/04\/granfondo-dagosto-targate-acsi-fine-mese-nelle-marche-con-la-gf-leopardiana\/","title":{"rendered":"GRANFONDO D\u2019AGOSTO TARGATE ACSI, FINE MESE NELLE MARCHE CON LA GF LEOPARDIANA"},"content":{"rendered":"<p>Domenica 2 agosto GF dei Templari a San Quirino (PN)<\/p>\n<p>Successi di peso con Bertuola e Bertolin<\/p>\n<p>Il 30 agosto torna la Fondo Leopardiana<\/p>\n<p>Tre giorni di grande ciclismo a Recanati (MC)<\/p>\n<p>&nbsp;<\/p>\n<p>&nbsp;<\/p>\n<p>Nemmeno nel mese di agosto la stagione delle due ruote targata ACSI si prende un attimo di pausa. Domenica scorsa, infatti, il Campionato Italiano Granfondo e Mediofondo ha fatto tappa a San Quirino (PN) per la Gran Fondo dei Templari dove centinaia di cicloamatori hanno pedalato fra Prealpi e Dolomiti Friulane apprezzando paesaggi, ristori e sicurezza della manifestazione, con tutti gli incroci ottimamente presidiati. L\u2019itinerario granfondo di 144 km ha visto trionfare due granfondisti di spessore come Alessandro Bertuola e Odette Bertolin, mentre nel mediofondo di 107 km si sono imposti Alessandro Bianchin e Michela Bergozza. Domenica 2 agosto, nel Bergamasco, sono state assegnate anche le maglie tricolori del Campionato Italiano della Montagna ACSI sulla salita che da Grone porta ai Colli di San Fermo, dove i pi\u00f9 veloci sono stati Paolo Castelnovo e, fra le donne, Giovanna Maria Zoppetti. Per quanto concerne la pista, ACSI ha anche organizzato il Campionato Nazionale della Pista per gli Enti di Promozione Sportiva che si \u00e8 disputato a Padova, al velodromo Monti, con uno straordinario successo di partecipanti.<\/p>\n<p>Il prossimo appuntamento targato ACSI \u00e8 fissato per il week end del 30 agosto quando a Recanati (MC) si disputer\u00e0 la 18.a Fondo Leopardiana, ultima prova del circuito dedicato alle pi\u00f9 importanti manifestazioni ACSI del Centro e Sud Italia: il Campionato Italiano Fondo. La manifestazione si estende su tre giornate, tutte da vivere nel segno delle due ruote nelle terre di Giacomo Leopardi: si comincia venerd\u00ec 28 agosto con l\u2019Infinito Bike, una divertente gara di mountain bike in notturna fra le vie del centro di Recanati, mentre il sabato toccher\u00e0 alla Randonn\u00e9e cicloturistica \u2018Per le vie del Giovane Favoloso\u2019 e alla gimkana dedicata a bambini e ragazzi, senza dimenticare che durante l\u2019intero fine settimana sono in programma tante altre iniziative di contorno nel segno della musica e della gastronomia locale. Il gran finale, domenica 30 agosto, sar\u00e0 tutto per la granfondo che propone due itinerari da 81 e 131 km fra le colline dell\u2019entroterra marchigiano.<\/p>\n<p>La Fondo Leopardiana sar\u00e0 l\u2019antipasto dei tre grandi eventi targati ACSI del mese di settembre: la GF Pantanissima di Cesenatico (FC) di domenica 6, seguita la settimana successiva dalla GF delle Cinque Terre e della Riviera Spezzina di Deiva Marina (SP) e, infine, dalla debuttante GF Bike Division di Peschiera del Garda (VR) di domenica 27 settembre.<\/p>\n<p>Info: www.acsi.it\/Ciclismo<\/p>\n","protected":false},"excerpt":{"rendered":"<p>Domenica 2 agosto GF dei Templari a San Quirino (PN) Successi di peso con Bertuola e Bertolin Il 30 agosto torna la Fondo Leopardiana Tre giorni di grande ciclismo a Recanati (MC) &nbsp; &nbsp; Nemmeno nel mese di agosto la stagione delle due ruote targata ACSI si prende un attimo di pausa. Domenica scorsa, infatti, [&hellip;]<\/p>\n","protected":false},"author":15,"featured_media":0,"comment_status":"open","ping_status":"open","sticky":false,"template":"","format":"standard","meta":{"footnotes":""},"categories":[15],"tags":[],"class_list":["post-1095","post","type-post","status-publish","format-standard","hentry","category-sport"],"_links":{"self":[{"href":"https:\/\/www.area-press.eu\/comunicatistampa\/wp-json\/wp\/v2\/posts\/1095","targetHints":{"allow":["GET"]}}],"collection":[{"href":"https:\/\/www.area-press.eu\/comunicatistampa\/wp-json\/wp\/v2\/posts"}],"about":[{"href":"https:\/\/www.area-press.eu\/comunicatistampa\/wp-json\/wp\/v2\/types\/post"}],"author":[{"embeddable":true,"href":"https:\/\/www.area-press.eu\/comunicatistampa\/wp-json\/wp\/v2\/users\/15"}],"replies":[{"embeddable":true,"href":"https:\/\/www.area-press.eu\/comunicatistampa\/wp-json\/wp\/v2\/comments?post=1095"}],"version-history":[{"count":2,"href":"https:\/\/www.area-press.eu\/comunicatistampa\/wp-json\/wp\/v2\/posts\/1095\/revisions"}],"predecessor-version":[{"id":34993,"href":"https:\/\/www.area-press.eu\/comunicatistampa\/wp-json\/wp\/v2\/posts\/1095\/revisions\/34993"}],"wp:attachment":[{"href":"https:\/\/www.area-press.eu\/comunicatistampa\/wp-json\/wp\/v2\/media?parent=1095"}],"wp:term":[{"taxonomy":"category","embeddable":true,"href":"https:\/\/www.area-press.eu\/comunicatistampa\/wp-json\/wp\/v2\/categories?post=1095"},{"taxonomy":"post_tag","embeddable":true,"href":"https:\/\/www.area-press.eu\/comunicatistampa\/wp-json\/wp\/v2\/tags?post=1095"}],"curies":[{"name":"wp","href":"https:\/\/api.w.org\/{rel}","templated":true}]}}