{"id":10902,"date":"2016-06-08T15:47:16","date_gmt":"2016-06-08T13:47:16","guid":{"rendered":"http:\/\/www.area-press.eu\/comunicatistampa\/?p=10902"},"modified":"2016-06-08T15:47:16","modified_gmt":"2016-06-08T13:47:16","slug":"lampadari-per-camerette-con-la-giusta-illuminazione-si-cresce-meglio","status":"publish","type":"post","link":"https:\/\/www.area-press.eu\/comunicatistampa\/2016\/06\/08\/lampadari-per-camerette-con-la-giusta-illuminazione-si-cresce-meglio\/","title":{"rendered":"Lampadari per camerette: con la giusta illuminazione si cresce meglio"},"content":{"rendered":"<p>La scelta dei <strong>lampadari per camerette<\/strong> \u00e8 una scelta particolarmente importante, sia che si tratti di un neonato, sia che si tratti di bambini un poco pi\u00f9 grandi. Occorre fare attenzione ad alcune, fondamentali cose per poter scegliere l\u2019articolo giusto.<\/p>\n<h2>lampadari per camerette: luce e sicurezza<\/h2>\n<p>Tra le caratteristiche indispensabili dei lampadari per camerette, al primo posto mettiamo certamente la sicurezza. Oggetti non idonei a restare nella stessa stanza dei nostri figli, anche se sono al momento ancora non a portata di mano, sono un rischio per i nostri figli.<\/p>\n<p>Verifichiamo quindi che gli oggetti acquistati siano a norma.<\/p>\n<p>la scelta invece del <a href=\"http:\/\/catalogo.idealuceonline.it\/lampade-camerette-c-149.html\"><strong>tipo di lampadario per la cameretta dei<\/strong><\/a> nostri figli dipende poi sia dal sesso che dall\u2019et\u00e0 dei bambini.<\/p>\n<p>Esistono moltissimi lampadari per camerette dedicati alle bambine, che possono essere applicati sin dalla prima infanzia.<\/p>\n<p>Spesso sono proprio le bambine che una volta cresciute, continueranno ad apprezzare il lampadario della loro infanzia.<\/p>\n<p>Acquistiamolo, se \u00e8 in stoffa, completamente lavabile, mentre se non \u00e8 on stoffa assicuriamoci di poterlo pulire alla perfezione con molta facilit\u00e0.<\/p>\n<p>La sola luce del lampadario ovviamente non basta: quando i nostri figli dovranno fare i compiti, occorrer\u00e0 preparare una zona con una piccola scrivania ed una lampada che possa adeguatamente illuminare libri e quaderni. non dimentichiamo poi la luce sul comodino, sia per permettere\u00a0 ai nostri figli di leggere, sia per permettere a noi quando sono pi\u00f9 piccoli, di legger loro la classica favola della buona notte.<\/p>\n<p>Il compito dei <strong>lampadari per camerette<\/strong> \u00e8 quello di offrite una illuminazione adeguata alla stanza dei nostri figli, in modo che in qualunque periodo dell\u2019anno tutto sia ben visibile e ben illuminato, evitando sforzi visivi inutili.<\/p>\n<p>A prodotti complicati, belli da vedere ma che offrono una scarsa illuminazione, preferiamo sempre quelli che danno una luce migliore.<\/p>\n<p>Se i nostri figli sono pi\u00f9 grandicelli, dovremo ovviamente tener conto anche dei loro gusti: spetter\u00e0 a noi guidarli nella scelta di un lampadario per cameretta che sia non solo bello, ma anche sicuro e funzionale.<\/p>\n","protected":false},"excerpt":{"rendered":"<p>La scelta dei lampadari per camerette \u00e8 una scelta particolarmente importante, sia che si tratti di un neonato, sia che si tratti di bambini un poco pi\u00f9 grandi. Occorre fare attenzione ad alcune, fondamentali cose per poter scegliere l\u2019articolo giusto. lampadari per camerette: luce e sicurezza Tra le caratteristiche indispensabili dei lampadari per camerette, al [&hellip;]<\/p>\n","protected":false},"author":1030,"featured_media":0,"comment_status":"open","ping_status":"open","sticky":false,"template":"","format":"standard","meta":{"footnotes":""},"categories":[18],"tags":[84,1798,7975],"class_list":["post-10902","post","type-post","status-publish","format-standard","hentry","category-altri-vari","tag-arredamento-casa","tag-illuminazione","tag-lampadari-per-camerette"],"_links":{"self":[{"href":"https:\/\/www.area-press.eu\/comunicatistampa\/wp-json\/wp\/v2\/posts\/10902","targetHints":{"allow":["GET"]}}],"collection":[{"href":"https:\/\/www.area-press.eu\/comunicatistampa\/wp-json\/wp\/v2\/posts"}],"about":[{"href":"https:\/\/www.area-press.eu\/comunicatistampa\/wp-json\/wp\/v2\/types\/post"}],"author":[{"embeddable":true,"href":"https:\/\/www.area-press.eu\/comunicatistampa\/wp-json\/wp\/v2\/users\/1030"}],"replies":[{"embeddable":true,"href":"https:\/\/www.area-press.eu\/comunicatistampa\/wp-json\/wp\/v2\/comments?post=10902"}],"version-history":[{"count":1,"href":"https:\/\/www.area-press.eu\/comunicatistampa\/wp-json\/wp\/v2\/posts\/10902\/revisions"}],"predecessor-version":[{"id":10903,"href":"https:\/\/www.area-press.eu\/comunicatistampa\/wp-json\/wp\/v2\/posts\/10902\/revisions\/10903"}],"wp:attachment":[{"href":"https:\/\/www.area-press.eu\/comunicatistampa\/wp-json\/wp\/v2\/media?parent=10902"}],"wp:term":[{"taxonomy":"category","embeddable":true,"href":"https:\/\/www.area-press.eu\/comunicatistampa\/wp-json\/wp\/v2\/categories?post=10902"},{"taxonomy":"post_tag","embeddable":true,"href":"https:\/\/www.area-press.eu\/comunicatistampa\/wp-json\/wp\/v2\/tags?post=10902"}],"curies":[{"name":"wp","href":"https:\/\/api.w.org\/{rel}","templated":true}]}}