{"id":10896,"date":"2016-06-08T15:47:15","date_gmt":"2016-06-08T13:47:15","guid":{"rendered":"http:\/\/www.area-press.eu\/comunicatistampa\/?p=10896"},"modified":"2016-06-08T15:47:15","modified_gmt":"2016-06-08T13:47:15","slug":"le-maschere-di-carnevale-ditalia","status":"publish","type":"post","link":"https:\/\/www.area-press.eu\/comunicatistampa\/2016\/06\/08\/le-maschere-di-carnevale-ditalia\/","title":{"rendered":"Le maschere di Carnevale d\u2019Italia"},"content":{"rendered":"<p>E\u2019 incredibile constatare che la maggior parte delle regioni italiane possieda delle maschere di Carnevale proprie. Ciascun <strong>vestito di Carnevale<\/strong> ha la sua caratteristica e tradizione. Ma come sono nate le <a href=\"http:\/\/www.divertilandia.it\/\"><strong>maschere di Carnevale<\/strong><\/a> e soprattutto perch\u00e9 ci si <strong>traveste<\/strong> in questo momento dell\u2019anno? Facciamo un passo indietro, fino ad arrivare ai tempi della Preistoria. Gi\u00e0 in questo periodo gli uomini usavano travestirsi in occasione di rituali in onore di varie divinit\u00e0, ma col tempo e col progredire dell\u2019evoluzione umana, si usavano travestimenti per rappresentazioni teatrali o per delle feste popolari. Gli <strong>abiti di Carnevale<\/strong> ne sono un esempio. Il termine <em>maschera<\/em> deriverebbe dal latino antico medievale: <em>masca<\/em> era usato per appellare le streghe, come l\u2019antico tedesco <em>masc <\/em>che significa stregone. Altri linguisti invece sostengono che derivi da <em>mascharat<\/em>, ossia burla in arabo. Ogni maschera di Carnevale, comunque, era indossata per nascondersi e allontanare gli spiriti maligni.<\/p>\n<h2>Origini e significati delle famose maschere di Carnevale<\/h2>\n<p>Ai tempi dei Greci, le maschere erano indossate dagli attori come sorta di travestimento e per incarnare meglio il personaggio. Tutte le <strong>maschere di Carnevale italiane<\/strong> prendono spunto dalla Commedia dell\u2019Arte, una sorta di rappresentazione teatrale che fungeva anche da parata di <strong>travestimenti tragicomici<\/strong>, che s\u00ec, facevano ridere, ma nascondevano sempre un fondo di triste realt\u00e0. Nacque la maschera di Carnevale pi\u00f9 famosa, Arlecchino, dai colori variopinti. Servo di Bergamo, truffaldino e sempre litigioso verso il suo padrone, carattere scanzonato e vestito a pezze colorate con pantaloni larghi, oltre al suo inconfondibile cappello e la sua maschera nera sugli occhi. Colombina \u00e8 la <strong>maschera di Carnevale<\/strong> pi\u00f9 conosciuta: veneziana e servetta anche lei, rappresentala civetteria e la malizia. Pulcinella, altra maschera di Carnevale, fa parte della tradizione partenopea e rappresenta la goffaggine. Balanzone non \u00e8 tanto conosciuto, ma \u00e8 una delle maschere di Carnevale di Bologna, la quale fa le veci della giustizia, essendo dotto e sapiente, ma anche chiacchierone. Il torinese Gianduia \u00e8 uno dei <strong>travestimenti di Carnevale<\/strong> piemontesi ed \u00e8 un intenditore di osterie, ma anche del buon senso. Pierrot \u00e8 il mascheramento pi\u00f9 rappresentativo della Commedia dell\u2019arte, visto che si tratta di un servo perennemente innamorato, malinconico ma dolce e intelligente, tanto da eseguire gli ordini al contrario se gli ritiene sbagliati. Per finire, una delle <strong>maschere di Carnevale veneziane<\/strong> pi\u00f9 antiche: Pantalone, il mercante avaro che insidia le servette (inclusa Colombina).<\/p>\n","protected":false},"excerpt":{"rendered":"<p>E\u2019 incredibile constatare che la maggior parte delle regioni italiane possieda delle maschere di Carnevale proprie. Ciascun vestito di Carnevale ha la sua caratteristica e tradizione. Ma come sono nate le maschere di Carnevale e soprattutto perch\u00e9 ci si traveste in questo momento dell\u2019anno? Facciamo un passo indietro, fino ad arrivare ai tempi della Preistoria. [&hellip;]<\/p>\n","protected":false},"author":1030,"featured_media":0,"comment_status":"open","ping_status":"open","sticky":false,"template":"","format":"standard","meta":{"footnotes":""},"categories":[4],"tags":[7970,7968,7969],"class_list":["post-10896","post","type-post","status-publish","format-standard","hentry","category-attualita-e-societa","tag-costumi-per-le-feste","tag-maschere-di-carnevale","tag-maschere-tradizionali"],"_links":{"self":[{"href":"https:\/\/www.area-press.eu\/comunicatistampa\/wp-json\/wp\/v2\/posts\/10896","targetHints":{"allow":["GET"]}}],"collection":[{"href":"https:\/\/www.area-press.eu\/comunicatistampa\/wp-json\/wp\/v2\/posts"}],"about":[{"href":"https:\/\/www.area-press.eu\/comunicatistampa\/wp-json\/wp\/v2\/types\/post"}],"author":[{"embeddable":true,"href":"https:\/\/www.area-press.eu\/comunicatistampa\/wp-json\/wp\/v2\/users\/1030"}],"replies":[{"embeddable":true,"href":"https:\/\/www.area-press.eu\/comunicatistampa\/wp-json\/wp\/v2\/comments?post=10896"}],"version-history":[{"count":1,"href":"https:\/\/www.area-press.eu\/comunicatistampa\/wp-json\/wp\/v2\/posts\/10896\/revisions"}],"predecessor-version":[{"id":10897,"href":"https:\/\/www.area-press.eu\/comunicatistampa\/wp-json\/wp\/v2\/posts\/10896\/revisions\/10897"}],"wp:attachment":[{"href":"https:\/\/www.area-press.eu\/comunicatistampa\/wp-json\/wp\/v2\/media?parent=10896"}],"wp:term":[{"taxonomy":"category","embeddable":true,"href":"https:\/\/www.area-press.eu\/comunicatistampa\/wp-json\/wp\/v2\/categories?post=10896"},{"taxonomy":"post_tag","embeddable":true,"href":"https:\/\/www.area-press.eu\/comunicatistampa\/wp-json\/wp\/v2\/tags?post=10896"}],"curies":[{"name":"wp","href":"https:\/\/api.w.org\/{rel}","templated":true}]}}