{"id":10761,"date":"2016-06-04T13:05:08","date_gmt":"2016-06-04T11:05:08","guid":{"rendered":"http:\/\/www.area-press.eu\/comunicatistampa\/?p=10761"},"modified":"2016-06-04T13:05:08","modified_gmt":"2016-06-04T11:05:08","slug":"studenti-sul-campo-visite-didattiche-per-gli-alunni-delle-primarie-di-cori-e-giulianello","status":"publish","type":"post","link":"https:\/\/www.area-press.eu\/comunicatistampa\/2016\/06\/04\/studenti-sul-campo-visite-didattiche-per-gli-alunni-delle-primarie-di-cori-e-giulianello\/","title":{"rendered":"Studenti sul campo. Visite didattiche per gli alunni delle primarie di Cori e Giulianello"},"content":{"rendered":"<p><strong><em>Il Programma europeo di formazione\/informazione \u2018<strong>Frutta nelle scuole<\/strong>\u2019 \u00e8 giunto a conclusione con le visite didattiche degli alunni della \u2018Virgilio Laurienti\u2019 e della \u2018Don Silvestro Radicchi\u2019 presso \u2018Il Casale degli Oleandri\u2019 e il Museo Storico di Piana delle Orme. Coinvolti circa 540 ragazzi di tutte e 25 le classi delle scuole elementari dell\u2019I.C. \u2018Cesare Chiominto\u2019.<\/em><\/strong><\/p>\n<p>Si \u00e8 conclusa anche questa edizione del Programma europeo di formazione\/informazione \u2018<strong>Frutta nelle scuole<\/strong>\u2019, curato dal MiPAAF \u2013 Ministero delle Politiche Agricole Alimentari e Forestali &#8211; al quale hanno aderito per il settimo anno consecutivo le scuole elementari dell\u2019Istituto Comprensivo Statale \u2018Cesare Chiominto\u2019. La campagna punta ad <strong>aumentare il consumo di frutta e verdura da parte dei giovani<\/strong>, a stimolare pi\u00f9 corrette abitudini alimentari e una nutrizione maggiormente equilibrata, iniziando proprio dalla fase in cui si formano, oltre a <strong>sviluppare una capacit\u00e0 di scelta consapevole dei diversi prodotti naturali<\/strong>, incentivando un pi\u00f9 stretto rapporto tra il produttore-fornitore e il consumatore.<\/p>\n<p>Per alcuni mesi del 2016, presso la \u2018Virgilio Laurienti\u2019 di Cori e la \u2018Don Silvestro Radicchi\u2019 di Giulianello, vi \u00e8 stata la consueta <strong>distribuzione gratuita ed assistita di prodotti ortofrutticoli freschi<\/strong>, selezionati in base alla loro semplicit\u00e0 d\u2019uso, fruibilit\u00e0 e disponibilit\u00e0 stagionale, ma soprattutto alla loro qualit\u00e0 certificata. All\u2019<strong>attivit\u00e0 informativa ed educativa<\/strong> si sono aggiunte, in questi ultimi giorni dell\u2019anno scolastico, come misura di accompagnamento complementare,<strong> visite didattiche <\/strong>che hanno coinvolto <strong>circa 540 alunni di tutte le classi delle due primarie<\/strong>.<\/p>\n<p>Le <strong>10 prime e seconde<\/strong> sono state ospitate dalla famiglia Scarpellini nell\u2019Agriturismo <strong>\u2018Il Casale degli Oleandri\u2019<\/strong>, a Doganella di Ninfa. Qui i ragazzi hanno appreso sul campo i metodi e le tecniche dell\u2019agricoltura biologica, in un\u2019azienda a certificazione ICEA (Istituto per la Certificazione Etica e Ambientale) marchio di grande qualit\u00e0 e seriet\u00e0 che garantisce con controlli periodici. Per le <strong>15 terze, quarte e quinte<\/strong> invece si sono aperti i cancelli del <strong>Museo Storico di Piana delle Orme<\/strong>. Nei padiglioni del percorso agricolo, gli studenti sono tornati agli inizi del Novecento, immersi nelle tradizioni e nella cultura della civilt\u00e0 contadina, tra bonifica delle Paludi Pontine, vita di campagna, veicoli, mezzi e giocattoli d\u2019epoca.<\/p>\n","protected":false},"excerpt":{"rendered":"<p>Il Programma europeo di formazione\/informazione \u2018Frutta nelle scuole\u2019 \u00e8 giunto a conclusione con le visite didattiche degli alunni della \u2018Virgilio Laurienti\u2019 e della \u2018Don Silvestro Radicchi\u2019 presso \u2018Il Casale degli Oleandri\u2019 e il Museo Storico di Piana delle Orme. Coinvolti circa 540 ragazzi di tutte e 25 le classi delle scuole elementari dell\u2019I.C. \u2018Cesare Chiominto\u2019. [&hellip;]<\/p>\n","protected":false},"author":659,"featured_media":0,"comment_status":"open","ping_status":"open","sticky":false,"template":"","format":"standard","meta":{"footnotes":""},"categories":[4],"tags":[],"class_list":["post-10761","post","type-post","status-publish","format-standard","hentry","category-attualita-e-societa"],"_links":{"self":[{"href":"https:\/\/www.area-press.eu\/comunicatistampa\/wp-json\/wp\/v2\/posts\/10761","targetHints":{"allow":["GET"]}}],"collection":[{"href":"https:\/\/www.area-press.eu\/comunicatistampa\/wp-json\/wp\/v2\/posts"}],"about":[{"href":"https:\/\/www.area-press.eu\/comunicatistampa\/wp-json\/wp\/v2\/types\/post"}],"author":[{"embeddable":true,"href":"https:\/\/www.area-press.eu\/comunicatistampa\/wp-json\/wp\/v2\/users\/659"}],"replies":[{"embeddable":true,"href":"https:\/\/www.area-press.eu\/comunicatistampa\/wp-json\/wp\/v2\/comments?post=10761"}],"version-history":[{"count":1,"href":"https:\/\/www.area-press.eu\/comunicatistampa\/wp-json\/wp\/v2\/posts\/10761\/revisions"}],"predecessor-version":[{"id":10762,"href":"https:\/\/www.area-press.eu\/comunicatistampa\/wp-json\/wp\/v2\/posts\/10761\/revisions\/10762"}],"wp:attachment":[{"href":"https:\/\/www.area-press.eu\/comunicatistampa\/wp-json\/wp\/v2\/media?parent=10761"}],"wp:term":[{"taxonomy":"category","embeddable":true,"href":"https:\/\/www.area-press.eu\/comunicatistampa\/wp-json\/wp\/v2\/categories?post=10761"},{"taxonomy":"post_tag","embeddable":true,"href":"https:\/\/www.area-press.eu\/comunicatistampa\/wp-json\/wp\/v2\/tags?post=10761"}],"curies":[{"name":"wp","href":"https:\/\/api.w.org\/{rel}","templated":true}]}}