{"id":1072,"date":"2015-08-04T23:04:08","date_gmt":"2015-08-04T21:04:08","guid":{"rendered":"http:\/\/www.area-press.eu\/comunicatistampa\/?p=1072"},"modified":"2015-08-04T23:04:08","modified_gmt":"2015-08-04T21:04:08","slug":"trentino-mtb-a-tutto-vapore-la-vecia-ferovia-e-un-successo","status":"publish","type":"post","link":"https:\/\/www.area-press.eu\/comunicatistampa\/2015\/08\/04\/trentino-mtb-a-tutto-vapore-la-vecia-ferovia-e-un-successo\/","title":{"rendered":"TRENTINO MTB A TUTTO VAPORE, LA \u2018VECIA FEROVIA\u2019 \u00c8 UN SUCCESSO"},"content":{"rendered":"<p>Trentino MTB presented by crankbrothers sugli sterrati della Val di Fiemme<\/p>\n<p>Paulissen e Gaddoni trionfano nella quarta tappa del circuito<\/p>\n<p>Tutti i leader del challenge a due gare dalla fine<\/p>\n<p>Appuntamento a fine mese con la Val di Sole Marathon<\/p>\n<p>&nbsp;<\/p>\n<p>&nbsp;<\/p>\n<p>\u2018La Vecia Ferovia dela Val de Fiemme\u2019 era la quarta tappa del circuito Trentino MTB presented by crankbrothers e domenica scorsa ha portato oltre 1300 bikers a pedalare sugli sterrati del Trentino e dell\u2019Alto Adige. La 19.a edizione della \u2018Vecia Ferovia\u2019, senatrice del circuito e delle bike marathon italiane, si \u00e8 svolta all\u2019insegna del sole e del divertimento in una giornata da incorniciare sotto ogni punto di vista. Il sole, infatti, ha fatto compagnia alle migliaia di partecipanti lungo i 40 km del percorso perfettamente allestito dallo staff della Polisportiva Molina di Fiemme, che ha anche curato nei dettagli pasta party, premiazioni, expo e accoglienza dei bikers. Per quanto riguarda il lato agonistico, la \u2018Vecia Ferovia\u2019 2015 ha visto primeggiare due top riders come il belga Roel Paulissen, due volte iridato marathon, ed Elena Gaddoni, al terzo successo di fila sugli sterrati della \u2018Vecia Ferovia\u2019. Se Paulissen ha dovuto attendere lo sprint sul traguardo di Molina di Fiemme per mettere in fila l\u2019altoatesino Fabian Rabensteiner, vincitore nel 2014, e il materano Vito Buono, la Gaddoni invece ha condotto una gara solitaria fin dalle prime battute rifilando un distacco di 1\u201924\u2019\u2019 alla brianzola Mara Fumagalli e di 2\u201902\u2019\u2019 alla forte lituana Katazina Sosna.<\/p>\n<p>\u2018La Vecia Ferovia dela Val de Fiemme\u2019 era gara Jolly di Trentino MTB e tutti i punteggi ottenuti sulla finish-line di Molina sono stati maggiorati del 20%, consentendo ai diversi leader di categoria di rafforzare il proprio primato. Ivan Degasperi e Lorena Zocca, infatti, sono ancora al comando della classifica Assoluta e, oltre a vestire la maglia oro di leader del circuito, guidano anche nelle rispettive graduatorie di categoria, la M1 e la Femminile. Anche Marzio Deho (Open), Gabriele Depaul (Elite Sport), Alberto Lenzi (Junior), Luca Zampedri (M2), Claudio Segata (M3), Michele Bazzanella (M4), Giuseppe Baricchi (M5) e Silvano Janes (M6) si sono confermati in testa grazie ai risultati colti sugli sterrati della Val di Fiemme. Per quanto riguarda le novit\u00e0, invece, il Team Todesco si \u00e8 installato al comando della classifica a squadre con 312 punti davanti al Team Zanolini Bike, che insegue a una sola lunghezza di distanza, e all\u2019Asd Br\u00e3o Caf\u00e9 Unterthurner, terza a 252. Anche Andrea Zamboni ha scalzato Ivan Degasperi dal primo posto della Classifica dello Scalatore, mentre Lorena Zocca ha mantenuto la prima posizione anche dopo la \u2018Vecia Ferovia\u2019.<\/p>\n<p>Il premio della rivista InBici destinato ai concorrenti provenienti da pi\u00f9 lontano \u00e8 stato assegnato ad Augusto Cofano di Lecce e Daniela Gangone di Roma, ennesima conferma dell\u2019appeal della \u2018Vecia Ferovia\u2019 e delle gare di Trentino MTB che attirano bikers provenienti da ogni parte d\u2019Italia.<\/p>\n<p>Il prossimo appuntamento con il circuito \u00e8 fissato per domenica 30 agosto con la Val di Sole Marathon di Mal\u00e9, penultima tappa della serie che si concluder\u00e0 il 4 ottobre in Valsugana con la 3T Bike.<\/p>\n<p>Info: <a href=\"http:\/\/www.trentinomtb.com\/\">www.trentinomtb.com<\/a> e la pagina Facebook \u201cTrentino MTB\u201d.<\/p>\n<p>&nbsp;<\/p>\n<p>&nbsp;<\/p>\n<p>&nbsp;<\/p>\n<p><strong>Classifiche Trentino MTB dopo la 4\u00b0 tappa:<\/strong><\/p>\n<p>&nbsp;<\/p>\n<p>&nbsp;<\/p>\n<p><strong>Individuale Categoria Open<\/strong><\/p>\n<p>1 Deho Marzio Gs Cicli Olympia; 2 Fontana Klaus Torpado Factory Team; 3 Pallaoro Christian Gs Cicli Olympia<\/p>\n<p><strong>Individuale Categoria Elite Sport<\/strong><\/p>\n<p>1 Depaul Gabriele Fassa Bike; 2 Marana Martino Asd Team Rana \u2013 Tagliaro; 3 Tassetti Daniel Team Todesco<\/p>\n<p><strong>Individuale Categoria Fu<\/strong><\/p>\n<p>1 Zocca Lorena Sc Barbieri; 2 Mandelli Chiara Asd Becycle Team; 3 Cavulla Annarita Asd Imola Bike<\/p>\n<p><strong>Individuale Categoria Ju<\/strong><\/p>\n<p>1 Lenzi Alberto Gs Lagorai Bike; 2 Zambelli Davide Team Manuel Bike Frm; 3 Zoccarato Nicolo&#8217; Sc Barbieri<\/p>\n<p><strong>Individuale Categoria M1<\/strong><\/p>\n<p>1 Degasperi Ivan Team Todesco; 2 Zamboni Andrea Asd Br\u00e3\u0192o Caffe&#8217; \u2013 Unterthurner; 3 Della Dora Gabriele Team Todesco<\/p>\n<p>&nbsp;<\/p>\n<p><strong>Individuale Categoria M2<\/strong><\/p>\n<p>1 Zampedri Luca Sc Pergine; 2 Carlin Riccardo Asd Br\u00e3\u0192o Caffe&#8217; \u2013 Unterthurner; 3 Forni Alessandro Team Orobica<\/p>\n<p><strong>Individuale Categoria M3<\/strong><\/p>\n<p>1 Segata Claudio Bren Team Trento; 2 Ludwig Stefan Team Bsr; 3 Gottardini Massimo Team Todesco<\/p>\n<p><strong>Individuale Categoria M4<\/strong><\/p>\n<p>1 Bazzanella Michele Team Bsr; 2 Di Geronimo Michele Asd Br\u00e3\u0192o Caffe&#8217; \u2013 Unterthurner; 3 Margonari Mauro Asd Br\u00e3\u0192o Caffe&#8217; &#8211; Unterthurner<\/p>\n<p><strong>Individuale Categoria M5<\/strong><\/p>\n<p>1 Baricchi Giuseppe Asd Chero Group Team Sfrenati; 2 Linardi Tarcisio Asd Br\u00e3\u0192o Caffe&#8217; \u2013 Unterthurner; 3 Sarcletti Augusto Emporio Del Ciclo Val Di Non<\/p>\n<p><strong>Individuale Categoria M6<\/strong><\/p>\n<p>1 Janes Silvano Asd Br\u00e3\u0192o Caffe&#8217; \u2013 Unterthurner; 2 Dellagiacoma Piergiorgio Asd Br\u00e3\u0192o Caffe&#8217; \u2013 Unterthurner; 3 Oss Agostino Gsa Penne Sprint<\/p>\n<p><strong>Individuale Categoria Maglia Oro Femminile<\/strong><\/p>\n<p>1 Zocca Lorena Sc Barbieri; 2 Mandelli Chiara Asd Becycle Team; 3 Cavulla Annarita Asd Imola Bike<\/p>\n<p><strong>Individuale Categoria Maglia Oro Maschile<\/strong><\/p>\n<p>1 Degasperi Ivan Team Todesco; 2 Deho Marzio Gs Cicli Olympia; 3 Segata Claudio Bren Team Trento<\/p>\n<p><strong>Cronoscalata Abbonati Femminile<\/strong><\/p>\n<p>1 Zocca Lorena Sc Barbieri; 2 D&#8217;amato Patrizia Team Bsr; 3 Cavulla Annarita Asd Imola Bike<\/p>\n<p><strong>Cronoscalata Abbonati Maschile<\/strong><\/p>\n<p>1 Zamboni Andrea Asd Brao Caffe&#8217; \u2013 Unterthurner; 2 Degasperi Ivan Team Todesco; 3 Bazzanella Michele Team Bsr<\/p>\n<p><strong>Societ\u00e0 Trentino Mtb<\/strong><\/p>\n<p>1 Team Todesco; 2 Team Zanolini Bike Professional; 3 Asd Br\u00e3\u0192o Caffe&#8217; &#8211; Unterthurner<\/p>\n<p>&nbsp;<\/p>\n","protected":false},"excerpt":{"rendered":"<p>Trentino MTB presented by crankbrothers sugli sterrati della Val di Fiemme Paulissen e Gaddoni trionfano nella quarta tappa del circuito Tutti i leader del challenge a due gare dalla fine Appuntamento a fine mese con la Val di Sole Marathon &nbsp; &nbsp; \u2018La Vecia Ferovia dela Val de Fiemme\u2019 era la quarta tappa del circuito [&hellip;]<\/p>\n","protected":false},"author":15,"featured_media":0,"comment_status":"open","ping_status":"open","sticky":false,"template":"","format":"standard","meta":{"footnotes":""},"categories":[15],"tags":[],"class_list":["post-1072","post","type-post","status-publish","format-standard","hentry","category-sport"],"_links":{"self":[{"href":"https:\/\/www.area-press.eu\/comunicatistampa\/wp-json\/wp\/v2\/posts\/1072","targetHints":{"allow":["GET"]}}],"collection":[{"href":"https:\/\/www.area-press.eu\/comunicatistampa\/wp-json\/wp\/v2\/posts"}],"about":[{"href":"https:\/\/www.area-press.eu\/comunicatistampa\/wp-json\/wp\/v2\/types\/post"}],"author":[{"embeddable":true,"href":"https:\/\/www.area-press.eu\/comunicatistampa\/wp-json\/wp\/v2\/users\/15"}],"replies":[{"embeddable":true,"href":"https:\/\/www.area-press.eu\/comunicatistampa\/wp-json\/wp\/v2\/comments?post=1072"}],"version-history":[{"count":1,"href":"https:\/\/www.area-press.eu\/comunicatistampa\/wp-json\/wp\/v2\/posts\/1072\/revisions"}],"predecessor-version":[{"id":1073,"href":"https:\/\/www.area-press.eu\/comunicatistampa\/wp-json\/wp\/v2\/posts\/1072\/revisions\/1073"}],"wp:attachment":[{"href":"https:\/\/www.area-press.eu\/comunicatistampa\/wp-json\/wp\/v2\/media?parent=1072"}],"wp:term":[{"taxonomy":"category","embeddable":true,"href":"https:\/\/www.area-press.eu\/comunicatistampa\/wp-json\/wp\/v2\/categories?post=1072"},{"taxonomy":"post_tag","embeddable":true,"href":"https:\/\/www.area-press.eu\/comunicatistampa\/wp-json\/wp\/v2\/tags?post=1072"}],"curies":[{"name":"wp","href":"https:\/\/api.w.org\/{rel}","templated":true}]}}