{"id":10719,"date":"2016-06-03T12:12:17","date_gmt":"2016-06-03T10:12:17","guid":{"rendered":"http:\/\/www.area-press.eu\/comunicatistampa\/?p=10719"},"modified":"2016-06-03T12:12:17","modified_gmt":"2016-06-03T10:12:17","slug":"childrens-pride-la-festa-dei-diritti-dei-bambini-il-10-e-11-giugno-a-carrara","status":"publish","type":"post","link":"https:\/\/www.area-press.eu\/comunicatistampa\/2016\/06\/03\/childrens-pride-la-festa-dei-diritti-dei-bambini-il-10-e-11-giugno-a-carrara\/","title":{"rendered":"Children&#8217;s Pride, la festa dei diritti dei bambini il 10 e 11 Giugno a Carrara"},"content":{"rendered":"<p><span style=\"font-family: Verdana, sans-serif\"><span style=\"font-size: small\">Dal 10 all&#8217;11 Giugno 2016, il centro storico di Carrara ospiter\u00e0 un evento molto importante di comunicazione sociale in cui i bambini sono il tema fondamentale.<\/span><\/span><\/p>\n<p><span style=\"font-family: Verdana, sans-serif\"><span style=\"font-size: small\">Una grande festa dove i bambini e i loro diritti saranno gli assoluti protagonisti in una cornice di gioco, sport, spettacolo e cultura.<\/span><\/span><\/p>\n<p><span style=\"font-family: Verdana, sans-serif\"><span style=\"font-size: small\">Giunta alla sua quinta edizione, il Children&#8217;s Pride quest&#8217;anno si arricchiste con tante nuove proposte in cui l&#8217;attenzione \u00e8 sempre rivolta ai bambini e all&#8217;indispensabile necessit\u00e0 di farli crescere in un mondo in cui i diritti siano sempre rispettati.<\/span><\/span><\/p>\n<p><span style=\"font-family: 'Times New Roman', serif\"><span style=\"font-size: medium\"><span style=\"font-family: Verdana, sans-serif\"><span style=\"font-size: small\">Potrete conoscere <a href=\"http:\/\/www.hocus-lotus.edu\/\" target=\"_blank\">Hocus and Lotus<\/a> che vi racconteranno delle fantastiche avventure di due piccoli Dinocrocs e dei loro amici perch\u00e8 il bilinguismo \u00e8 importante per dare loro una nuova e vantaggiosa prospettiva futura.<\/span><\/span><\/span><\/span><\/p>\n<p><span style=\"font-family: Verdana, sans-serif\"><span style=\"font-size: small\">Due giornate intere dove i bambini giocheranno con Hocus e Lotus e allo stesso tempo si avvicineranno alla lingua inglese in modo del tutto naturale e gioioso. Un modo nuovo, naturale e divertente per avvicinarsi alla nuova lingua.<\/span><\/span><\/p>\n<p><span style=\"font-family: 'Times New Roman', serif\"><span style=\"font-size: medium\"><span style=\"font-family: Verdana, sans-serif\"><span style=\"font-size: small\">La Magic Teacher <a href=\"http:\/\/www.hocus-lotus.edu\/insegnanti_magiche_dettagli.asp?id=411\" target=\"_blank\">Sonia Parodi<\/a>, specializzata in Glottodidattica Infantile, illustrer\u00e0 ai genitori le caratteristiche dei corsi di inglese per bambini di Hocus&amp;Lotus e le modalit\u00e0 di partecipazione ai corsi annuali.<\/span><\/span><\/span><\/span><\/p>\n<p><span style=\"font-family: Verdana, sans-serif\"><span style=\"font-size: small\">Il programma, ricco di attivit\u00e0, divertir\u00e0 i bambini con delle aree di gioco con gonfiabili a forma di igloo gigante dove si potranno sperimentare varie attivit\u00e0. Insomma due giornate fantastiche in cui il bambino \u00e8 protagonista.<\/span><\/span><\/p>\n<p align=\"JUSTIFY\"><span style=\"font-family: Verdana, sans-serif\"><span style=\"font-size: small\">Ci vediamo ad Children&#8217;s Pride di Carrara con un modo nuovo per imparare l&#8217;inglese! <\/span><\/span><\/p>\n<p align=\"JUSTIFY\"><span style=\"font-family: Verdana, sans-serif\"><span style=\"font-size: small\">Programma completo<\/span><\/span><\/p>\n<p align=\"JUSTIFY\"><a href=\"http:\/\/www.childrenspride.it\/it\/\"><span style=\"font-family: Verdana, sans-serif\"><span style=\"font-size: small\">http:\/\/www.childrenspride.it\/it\/<\/span><\/span><\/a><\/p>\n<p align=\"JUSTIFY\"><span style=\"font-family: Verdana, sans-serif\"><span style=\"font-size: small\">www.hocus-lotus.edu<\/span><\/span><\/p>\n","protected":false},"excerpt":{"rendered":"<p>Dal 10 all&#8217;11 Giugno 2016, il centro storico di Carrara ospiter\u00e0 un evento molto importante di comunicazione sociale in cui i bambini sono il tema fondamentale. Una grande festa dove i bambini e i loro diritti saranno gli assoluti protagonisti in una cornice di gioco, sport, spettacolo e cultura. Giunta alla sua quinta edizione, il [&hellip;]<\/p>\n","protected":false},"author":2703,"featured_media":0,"comment_status":"open","ping_status":"open","sticky":false,"template":"","format":"standard","meta":{"footnotes":""},"categories":[8],"tags":[6629,6630,6188,7311],"class_list":["post-10719","post","type-post","status-publish","format-standard","hentry","category-eventi","tag-corsi-di-inglese-per-bambini","tag-corso-inglese-bambini","tag-hocuslotus","tag-imparare-inglese-da-piccoli"],"_links":{"self":[{"href":"https:\/\/www.area-press.eu\/comunicatistampa\/wp-json\/wp\/v2\/posts\/10719","targetHints":{"allow":["GET"]}}],"collection":[{"href":"https:\/\/www.area-press.eu\/comunicatistampa\/wp-json\/wp\/v2\/posts"}],"about":[{"href":"https:\/\/www.area-press.eu\/comunicatistampa\/wp-json\/wp\/v2\/types\/post"}],"author":[{"embeddable":true,"href":"https:\/\/www.area-press.eu\/comunicatistampa\/wp-json\/wp\/v2\/users\/2703"}],"replies":[{"embeddable":true,"href":"https:\/\/www.area-press.eu\/comunicatistampa\/wp-json\/wp\/v2\/comments?post=10719"}],"version-history":[{"count":1,"href":"https:\/\/www.area-press.eu\/comunicatistampa\/wp-json\/wp\/v2\/posts\/10719\/revisions"}],"predecessor-version":[{"id":10720,"href":"https:\/\/www.area-press.eu\/comunicatistampa\/wp-json\/wp\/v2\/posts\/10719\/revisions\/10720"}],"wp:attachment":[{"href":"https:\/\/www.area-press.eu\/comunicatistampa\/wp-json\/wp\/v2\/media?parent=10719"}],"wp:term":[{"taxonomy":"category","embeddable":true,"href":"https:\/\/www.area-press.eu\/comunicatistampa\/wp-json\/wp\/v2\/categories?post=10719"},{"taxonomy":"post_tag","embeddable":true,"href":"https:\/\/www.area-press.eu\/comunicatistampa\/wp-json\/wp\/v2\/tags?post=10719"}],"curies":[{"name":"wp","href":"https:\/\/api.w.org\/{rel}","templated":true}]}}