{"id":10678,"date":"2016-06-02T14:03:41","date_gmt":"2016-06-02T12:03:41","guid":{"rendered":"http:\/\/www.area-press.eu\/comunicatistampa\/?p=10678"},"modified":"2016-06-02T14:03:41","modified_gmt":"2016-06-02T12:03:41","slug":"massimo-paracchini-espone-a-verona-alla-1triennale-dellarte-contemporanea-palaexpo-dal-9-al-12-giugno-2016","status":"publish","type":"post","link":"https:\/\/www.area-press.eu\/comunicatistampa\/2016\/06\/02\/massimo-paracchini-espone-a-verona-alla-1triennale-dellarte-contemporanea-palaexpo-dal-9-al-12-giugno-2016\/","title":{"rendered":"Massimo Paracchini espone a Verona alla 1\u00b0Triennale dell&#8217;arte contemporanea Palaexpo dal 9 al 12 giugno 2016"},"content":{"rendered":"<p>La Videoesposizione dell\u2019opera di Massimo Paracchini, intitolata \u201cFree Sprinkling Overflowing e Sparkling dalla dimensione alchemico-cosmica al Kaos primordiale\u201d, avverr\u00e0 in occasione della 1\u00b0 Triennale dell\u2019Arte Contemporanea  Palaexpo \u2013 Fiera di VERONA dal 9 al 12 giugno 2016 che sar\u00e0 inaugurata da Vittorio Sgarbi e vedr\u00e0 la presenza di Paolo Levi , Luca Beatrice e migliaia di visitatori.<\/p>\n<p>Commento dell&#8217;opera di Massimo Paracchini in videoesposizione a Verona dal 9 al 12 Giugno<\/p>\n<p>Titolo dell&#8217;opera: &#8220;Free Sprinkling Overflowing e Sparkling dalla dimensione alchemico \u2013 cosmica al Kaos  primordiale&#8221;<\/p>\n<p>Olio su tavola   80 x 100<\/p>\n<p>E\u2019 necessario ricorrere ad un atto di liberazione totale del colore dalle forme mitiche di un mondo arcadico euclideo tramite un Free Sprinkling Overflowing e Sparkling che ci porter\u00e0 finalmente ad una nuova visione del cosmo                                                                                                                                                                                                                                                                                                                                                                                                                                                                                                                                              attraverso una krometamorfosi alchemica e dinamica per arrivare infine ad una vera e propria disgregazione cromatica. <\/p>\n<p>Attraverso il Free Sprinkling  Overflowing e Sparkling si pu\u00f2 arrivare  anche alla fase della disgregazione cosmica iperdimensionale di qualsiasi mondo arcadico \u2013 euclideo,   con un kromometamorfismo alchemico e orfico dove non hanno pi\u00f9 importanza i minuti, le ore e i giorni del vivere quotidiano, ma tutto nell\u2019opera \u00e8 come sospeso, cristallizzato, quasi eternizzato. Da qui il passo  \u00e8 breve per giungere  alla fase finale che \u00e8 quella del transatomismo cromatico primordiale cio\u00e8 del dissolvimento dell\u2019immagine nel Kaos primigenio da cui tutto ha avuto origine,  compresi il tempo e lo spazio.<\/p>\n<p>Ma come tutto pu\u00f2 aver avuto origine da un\u2019onda adimensionale di energia fluente e vibrante che si \u00e8 atomizzata attraverso la coscienza, per contro tutto pu\u00f2 ritornare ad essa attraverso un processo progressivo di smaterializzazione e di transatomizzazione  in Free Sprinkling Overflowing e Sparkling fino a giungere al Kaos primordiale. <\/p>\n<p>Da  \u201cEidetica trascendentale dell\u2019arte\u201d<br \/>\ndi Massimo Paracchini<\/p>\n","protected":false},"excerpt":{"rendered":"<p>La Videoesposizione dell\u2019opera di Massimo Paracchini, intitolata \u201cFree Sprinkling Overflowing e Sparkling dalla dimensione alchemico-cosmica al Kaos primordiale\u201d, avverr\u00e0 in occasione della 1\u00b0 Triennale dell\u2019Arte Contemporanea Palaexpo \u2013 Fiera di VERONA dal 9 al 12 giugno 2016 che sar\u00e0 inaugurata da Vittorio Sgarbi e vedr\u00e0 la presenza di Paolo Levi , Luca Beatrice e migliaia [&hellip;]<\/p>\n","protected":false},"author":1763,"featured_media":0,"comment_status":"open","ping_status":"open","sticky":false,"template":"","format":"standard","meta":{"footnotes":""},"categories":[29],"tags":[],"class_list":["post-10678","post","type-post","status-publish","format-standard","hentry","category-comunicati"],"_links":{"self":[{"href":"https:\/\/www.area-press.eu\/comunicatistampa\/wp-json\/wp\/v2\/posts\/10678","targetHints":{"allow":["GET"]}}],"collection":[{"href":"https:\/\/www.area-press.eu\/comunicatistampa\/wp-json\/wp\/v2\/posts"}],"about":[{"href":"https:\/\/www.area-press.eu\/comunicatistampa\/wp-json\/wp\/v2\/types\/post"}],"author":[{"embeddable":true,"href":"https:\/\/www.area-press.eu\/comunicatistampa\/wp-json\/wp\/v2\/users\/1763"}],"replies":[{"embeddable":true,"href":"https:\/\/www.area-press.eu\/comunicatistampa\/wp-json\/wp\/v2\/comments?post=10678"}],"version-history":[{"count":1,"href":"https:\/\/www.area-press.eu\/comunicatistampa\/wp-json\/wp\/v2\/posts\/10678\/revisions"}],"predecessor-version":[{"id":10679,"href":"https:\/\/www.area-press.eu\/comunicatistampa\/wp-json\/wp\/v2\/posts\/10678\/revisions\/10679"}],"wp:attachment":[{"href":"https:\/\/www.area-press.eu\/comunicatistampa\/wp-json\/wp\/v2\/media?parent=10678"}],"wp:term":[{"taxonomy":"category","embeddable":true,"href":"https:\/\/www.area-press.eu\/comunicatistampa\/wp-json\/wp\/v2\/categories?post=10678"},{"taxonomy":"post_tag","embeddable":true,"href":"https:\/\/www.area-press.eu\/comunicatistampa\/wp-json\/wp\/v2\/tags?post=10678"}],"curies":[{"name":"wp","href":"https:\/\/api.w.org\/{rel}","templated":true}]}}