{"id":10676,"date":"2016-06-02T14:03:11","date_gmt":"2016-06-02T12:03:11","guid":{"rendered":"http:\/\/www.area-press.eu\/comunicatistampa\/?p=10676"},"modified":"2018-10-28T18:56:23","modified_gmt":"2018-10-28T17:56:23","slug":"alfio-marchini-skytg24-una-sintesi-delle-posizioni-espresse-dal-candidato","status":"publish","type":"post","link":"https:\/\/www.area-press.eu\/comunicatistampa\/2016\/06\/02\/alfio-marchini-skytg24-una-sintesi-delle-posizioni-espresse-dal-candidato\/","title":{"rendered":"Alfio Marchini Skytg24: una sintesi delle posizioni espresse dal Candidato"},"content":{"rendered":"<h2 class=\"title\"><a href=\"http:\/\/listamarchini.tumblr.com\/post\/145252714243\/alfio-marchini-in-caso-di-elezione-rinuncer%C3%B2\">Alfio Marchini: \u201cin caso di elezione rinuncer\u00f2 all\u2019indennit\u00e0 di sindaco\u201d<\/a><\/h2>\n<div class=\"body-text\">\n<p><i>Marchini al confronto tra i candidati a Sindaco di Roma organizzato da SKY dichiara rivolto ai cittadini romani: Mi impegno solennemente a rinunciare a qualsiasi indennit\u00e0 fino a quando ridurremo le vostre tasse.<\/i><\/p>\n<figure class=\"tmblr-full\"><img loading=\"lazy\" decoding=\"async\" src=\"http:\/\/67.media.tumblr.com\/849fc64c85a4baf8737b6a06e6e7fa0b\/tumblr_inline_o83d1dbwur1unqo85_1280.jpg\" width=\"599\" height=\"206\" \/><\/figure>\n<p>I cinque principali candidati sindaci al comune di\u00a0Roma si confrontano in tv su Skytg24: a sfidarsi sono Roberto Giachetti (Pd), Alfio Marchini (lista civica), Giorgia Meloni (Fratelli d&#8217;Italia), Stefano Fassina (Sinistra italiana) e Virginia Raggi (Movimento 5 stelle), che per la prima volta in questa campagna ha accettato di partecipare a un dibattito con gli altri candidati.<\/p>\n<p>Ecco una sintesi delle posizioni espresse da Marchini<\/p>\n<ul>\n<li>Sulle buche Marchini che ha sottolineato la necessit\u00e0 di fare una fidejussione da utilizzare qualora \u00abi lavori di riparazione non siano stati eseguiti bene\u00bb<\/li>\n<li>Sul debito comunale: \u00abla nostra idea \u00e8 quella di applicare la legge 666 gi\u00e0 utilizzata per le Regioni in cui lo Stato con emissione ad hoc di Btp consente di abbattere gli interessi al 2%\u00bb<\/li>\n<li>Sulla sicurezza: \u00abCon noi Roma pu\u00f2 essere una citt\u00e0 sicura. Ho\u00a0&#8216;stalkerizzato\u2019 Alfano e penso alla fine ceder\u00e0, per estendere l&#8217;uso dei\u00a0militari e dei poliziotti dopo il Giubileo e anche nelle periferie, che ha gi\u00e0 generato il 30% in\u00a0meno di criminalit\u00e0. Il problema \u00e8 di sicurezza ma ancor pi\u00f9 di sicurezza percepita, servono\u00a0anche illuminazione e vigili di quartiere\u00bb<\/li>\n<li>Sulle Olimpiadi Marchini attacca le posizioni della Raggi, sostenendo che \u201cle opere devono essere fatte per la citt\u00e0\u201d<\/li>\n<li>Sul traffico Marchini pensa a \u00absemafori intelligenti e sensori sotto asfalto,\u00a0tram, stop evasione dei biglietti alzando tornelli, autobus\u00a0nuovi e vagoni con aria condizionata\u00bb<\/li>\n<\/ul>\n<figure class=\"tmblr-full\"><img loading=\"lazy\" decoding=\"async\" src=\"http:\/\/67.media.tumblr.com\/a8bb93c1611a23ba93f8f8a3a9590702\/tumblr_inline_o83d1wMU391unqo85_1280.jpg\" width=\"600\" height=\"329\" \/><\/figure>\n<p>Infine l\u2019appello finale: \u00abAbbiamo una squadra straordinaria. Mi impegno solennemente a rinunciare a qualsiasi indennit\u00e0 fino a quando ridurremo le vostre tasse. Non \u00e8 tempo di illusioni con chi ha gi\u00e0 tradito una volta. Siamo incorruttibili. Noi ci siamo e con il vostro voto voltiamo pagina per restituire a questa citt\u00e0 una speranza\u00bb<\/p>\n<p><b><br \/>\nFonte<\/b>: ilmattino.it<\/p>\n<\/div>\n","protected":false},"excerpt":{"rendered":"<p>Alfio Marchini: \u201cin caso di elezione rinuncer\u00f2 all\u2019indennit\u00e0 di sindaco\u201d Marchini al confronto tra i candidati a Sindaco di Roma organizzato da SKY dichiara rivolto ai cittadini romani: Mi impegno solennemente a rinunciare a qualsiasi indennit\u00e0 fino a quando ridurremo le vostre tasse. I cinque principali candidati sindaci al comune di\u00a0Roma si confrontano in tv [&hellip;]<\/p>\n","protected":false},"author":3032,"featured_media":0,"comment_status":"open","ping_status":"open","sticky":false,"template":"","format":"standard","meta":{"footnotes":""},"categories":[13],"tags":[7754,7851,7850,7828],"class_list":["post-10676","post","type-post","status-publish","format-standard","hentry","category-politica","tag-alfio-marchini-sindaco","tag-alfio-marchini-skytg24","tag-marchini-confronto-sky","tag-marchini-sindaco-roma"],"_links":{"self":[{"href":"https:\/\/www.area-press.eu\/comunicatistampa\/wp-json\/wp\/v2\/posts\/10676","targetHints":{"allow":["GET"]}}],"collection":[{"href":"https:\/\/www.area-press.eu\/comunicatistampa\/wp-json\/wp\/v2\/posts"}],"about":[{"href":"https:\/\/www.area-press.eu\/comunicatistampa\/wp-json\/wp\/v2\/types\/post"}],"author":[{"embeddable":true,"href":"https:\/\/www.area-press.eu\/comunicatistampa\/wp-json\/wp\/v2\/users\/3032"}],"replies":[{"embeddable":true,"href":"https:\/\/www.area-press.eu\/comunicatistampa\/wp-json\/wp\/v2\/comments?post=10676"}],"version-history":[{"count":2,"href":"https:\/\/www.area-press.eu\/comunicatistampa\/wp-json\/wp\/v2\/posts\/10676\/revisions"}],"predecessor-version":[{"id":35865,"href":"https:\/\/www.area-press.eu\/comunicatistampa\/wp-json\/wp\/v2\/posts\/10676\/revisions\/35865"}],"wp:attachment":[{"href":"https:\/\/www.area-press.eu\/comunicatistampa\/wp-json\/wp\/v2\/media?parent=10676"}],"wp:term":[{"taxonomy":"category","embeddable":true,"href":"https:\/\/www.area-press.eu\/comunicatistampa\/wp-json\/wp\/v2\/categories?post=10676"},{"taxonomy":"post_tag","embeddable":true,"href":"https:\/\/www.area-press.eu\/comunicatistampa\/wp-json\/wp\/v2\/tags?post=10676"}],"curies":[{"name":"wp","href":"https:\/\/api.w.org\/{rel}","templated":true}]}}