{"id":10427,"date":"2016-05-27T19:06:33","date_gmt":"2016-05-27T17:06:33","guid":{"rendered":"http:\/\/www.area-press.eu\/comunicatistampa\/?p=10427"},"modified":"2016-05-27T19:06:33","modified_gmt":"2016-05-27T17:06:33","slug":"raffaello-orselli-uomo-di-mare-e-professionista-dello-spettacolo","status":"publish","type":"post","link":"https:\/\/www.area-press.eu\/comunicatistampa\/2016\/05\/27\/raffaello-orselli-uomo-di-mare-e-professionista-dello-spettacolo\/","title":{"rendered":"Raffaello Orselli, uomo di mare e professionista dello spettacolo"},"content":{"rendered":"<p><em><strong>Appassionato della vita di mare sin dall&#8217;infanzia, <a title=\"Raffaello Orselli - H2Biz\" href=\"http:\/\/www.h2biz.eu\/professionisti\/Raffaello-Orselli\/\">Raffaello Orselli<\/a> torna professionalmente alle proprie origini dopo una lunga carriera passata sotto i riflettori di grande e piccolo schermo. <\/strong><br \/>\n<\/em><\/p>\n<p><a title=\"Raffaello Orselli - H2Biz\" href=\"http:\/\/www.h2biz.eu\/professionisti\/Raffaello-Orselli\/\"><img loading=\"lazy\" decoding=\"async\" src=\"http:\/\/www.h2biz.eu\/public\/crop_min_12588-i-raffaello%20orselli.jpg\" alt=\"Raffaello Orselli - Comandante Yacht\" width=\"256\" height=\"256\" \/><\/a><\/p>\n<h2>Gli attuali risvolti della vita professionale di Raffaello Orselli<\/h2>\n<p>La vita di <strong>Raffaello Orselli<\/strong> conosce una svolta a partire dagli anni Duemila, arrivando a raggiungere una vasta notoriet\u00e0. Prosegue, infatti, nel mondo cinematografico gi\u00e0 precedentemente approcciato con la partecipazione nel 2000 a &#8220;Tobia al Caff\u00e8&#8221; diretto da Gianfranco Mingozzi, per poi approdare nel 2003 al contesto televisivo. Prende parte, infatti, alla terza edizione del reality show di grande fama de &#8220;Il Grande Fratello&#8221;, all&#8217;interno del quale rimane per un periodo di 42 giorni e che gli consente di intraprendere la carriera nel mondo del piccolo schermo. Questa include ospitate in differenti programmi ed il conseguimento della co-conduzione della trasmissione andata in onda nel 2004 &#8220;Viaggi e Villaggi&#8221;. Qui mette a disposizione le proprie competenze in materia di mare e di mete turistiche. Viene inoltre scelto quale volto della campagna sociale &#8220;Drink or Drive&#8221;, promuovendo, accanto ad ulteriori nomi noti del mondo dello spettacolo e dello sport, la propensione alla guida sobria e responsabile. <strong>Raffaello Orselli<\/strong> abbraccia in tempi recenti la passione per il mare, facendone la propria professione: in possesso della patente di comandante da diporto dal 1998, attualmente opera in qualit\u00e0 di comandante di yacht.<\/p>\n<h2>La prima fase lavorativa di Raffaello Orselli<\/h2>\n<p>Pur coltivando costantemente la passione per il mare, gli esordi professionali di <strong>Raffaello Orselli<\/strong> si svolgono principalmente nel mondo della moda e dello spettacolo. Originario di Piombino, dove nasce nel 1967, inizia sfilando come modello maschile alla manifestazione fashion pi\u00f9 importante della Toscana, Pitti Uomo di Firenze, alla quale prende parte dal 1985 al 1990. Seguono, nel corso degli anni Novanta, esibizioni nelle pi\u00f9 rinomate discoteche del territorio italiano, grazie alle quali la sua immagine comincia a conoscere una discreta notoriet\u00e0. Forte, inoltre, della vincita di numerosi concorsi di bellezza, <strong>Raffaello Orselli<\/strong> riesce a raggiungere il settore cinematografico, prendendo parte a lungometraggi, tra i quali spicca il film &#8220;Tre&#8221;, scritto e diretto da Christian De Sica.<\/p>\n<p><strong><em>Informazioni pi\u00f9 dettagliate su <a title=\"Raffaello Orselli - H2Biz\" href=\"http:\/\/www.h2biz.eu\/professionisti\/Raffaello-Orselli\/\">Raffaello Orselli<\/a> disponibili sul profilo professionale H2Biz.<\/em><\/strong><\/p>\n","protected":false},"excerpt":{"rendered":"<p>Appassionato della vita di mare sin dall&#8217;infanzia, Raffaello Orselli torna professionalmente alle proprie origini dopo una lunga carriera passata sotto i riflettori di grande e piccolo schermo. Gli attuali risvolti della vita professionale di Raffaello Orselli La vita di Raffaello Orselli conosce una svolta a partire dagli anni Duemila, arrivando a raggiungere una vasta notoriet\u00e0. [&hellip;]<\/p>\n","protected":false},"author":40,"featured_media":0,"comment_status":"open","ping_status":"open","sticky":false,"template":"","format":"standard","meta":{"footnotes":""},"categories":[18],"tags":[],"class_list":["post-10427","post","type-post","status-publish","format-standard","hentry","category-altri-vari"],"_links":{"self":[{"href":"https:\/\/www.area-press.eu\/comunicatistampa\/wp-json\/wp\/v2\/posts\/10427","targetHints":{"allow":["GET"]}}],"collection":[{"href":"https:\/\/www.area-press.eu\/comunicatistampa\/wp-json\/wp\/v2\/posts"}],"about":[{"href":"https:\/\/www.area-press.eu\/comunicatistampa\/wp-json\/wp\/v2\/types\/post"}],"author":[{"embeddable":true,"href":"https:\/\/www.area-press.eu\/comunicatistampa\/wp-json\/wp\/v2\/users\/40"}],"replies":[{"embeddable":true,"href":"https:\/\/www.area-press.eu\/comunicatistampa\/wp-json\/wp\/v2\/comments?post=10427"}],"version-history":[{"count":1,"href":"https:\/\/www.area-press.eu\/comunicatistampa\/wp-json\/wp\/v2\/posts\/10427\/revisions"}],"predecessor-version":[{"id":10428,"href":"https:\/\/www.area-press.eu\/comunicatistampa\/wp-json\/wp\/v2\/posts\/10427\/revisions\/10428"}],"wp:attachment":[{"href":"https:\/\/www.area-press.eu\/comunicatistampa\/wp-json\/wp\/v2\/media?parent=10427"}],"wp:term":[{"taxonomy":"category","embeddable":true,"href":"https:\/\/www.area-press.eu\/comunicatistampa\/wp-json\/wp\/v2\/categories?post=10427"},{"taxonomy":"post_tag","embeddable":true,"href":"https:\/\/www.area-press.eu\/comunicatistampa\/wp-json\/wp\/v2\/tags?post=10427"}],"curies":[{"name":"wp","href":"https:\/\/api.w.org\/{rel}","templated":true}]}}