{"id":10408,"date":"2016-05-27T10:23:59","date_gmt":"2016-05-27T08:23:59","guid":{"rendered":"http:\/\/www.area-press.eu\/comunicatistampa\/?p=10408"},"modified":"2016-05-27T10:23:59","modified_gmt":"2016-05-27T08:23:59","slug":"vacanza-in-salento-non-solo-mare","status":"publish","type":"post","link":"https:\/\/www.area-press.eu\/comunicatistampa\/2016\/05\/27\/vacanza-in-salento-non-solo-mare\/","title":{"rendered":"Vacanza in Salento: non solo mare"},"content":{"rendered":"<p>Il Salento non \u00e8 solo mare o divertimento notturno. Le coste del leccese sono meta privilegiata da almeno una decina d\u2019anni, registrando dati in continua crescita. Il turismo ha avuto un incremento esponenziale sia nei numeri che nella qualit\u00e0 del servizio e le strutture ricettive sono ormai impossibili da contare, poich\u00e9 incrementano di anno in anno.<\/p>\n<p>Senza dubbio la bellezza delle spiagge del Tacco d\u2019Italia ha giocato un ruolo decisivo nello sviluppo iniziale e immediatamente successivo del turismo, ma se la localit\u00e0 ha saputo dare seguito a un cos\u00ec improvviso e decisivo impulso \u00e8 anche grazie all\u2019ecletticit\u00e0 ella sua offerta. Nella zona, infatti, si sono articolate man mano altre forme di turismo capaci di coinvolgere target sempre pi\u00f9 frastagliati e disomogenei, con esigenze e aspettative differenti. Cos\u00ec, accanto alla dolce vita salentina si \u00e8 sviluppato il settore agrituristico, esperienza perfetta per chi ricerca un ritrovato contatto con la natura e con le tradizioni di una volta. All\u2019affollata e sempre pi\u00f9 massificata vacanza sui lidi si propone una riscoperta sempre pi\u00f9 profonda dell\u2019arte locale. Lecce \u00e8 la capitale del barocco, il pi\u00f9 splendente esempio di questa corrente artistica in tutto il Sud Italia e uno dei principali d\u2019Italia; \u00e8 una citt\u00e0 dall\u2019aspetto distinto e signorile, ma al contempo familiare. La pietra leccese che compone le principali strutture d\u2019epoca \u00e8 il <em>trait d\u2019union<\/em> tra lo spessore e l\u2019austerit\u00e0 dei monumenti barocchi e la forza genuina e popolana del lavoro artigianale, il simbolo di due realt\u00e0 che sono facce della stessa medaglia e che insieme danno forza e vigore all\u2019aspetto urbano.<\/p>\n<p>Cos\u00ec il capoluogo salentino si configura come il luogo ideale in cui abbandonarsi per un viaggio che sia contemplazione e romanticismo, gastronomia e mare, cultura e divertimento. E con la giusta compagnia, immaginate di soggiornare in uno degli <a href=\"http:\/\/www.costadoriente.it\/appartamenti-torre-dell-orso\/\">appartamenti a Torre dell\u2019Orso<\/a>, a Gallipoli o a Lecce, tra i porticati in pietra e i rosoni del XVII, a godere delle meraviglie che la citt\u00e0 concede in un solo sguardo estatico.<\/p>\n","protected":false},"excerpt":{"rendered":"<p>Il Salento non \u00e8 solo mare o divertimento notturno. Le coste del leccese sono meta privilegiata da almeno una decina d\u2019anni, registrando dati in continua crescita. Il turismo ha avuto un incremento esponenziale sia nei numeri che nella qualit\u00e0 del servizio e le strutture ricettive sono ormai impossibili da contare, poich\u00e9 incrementano di anno in [&hellip;]<\/p>\n","protected":false},"author":2861,"featured_media":0,"comment_status":"open","ping_status":"open","sticky":false,"template":"","format":"standard","meta":{"footnotes":""},"categories":[17],"tags":[7697],"class_list":["post-10408","post","type-post","status-publish","format-standard","hentry","category-turismo","tag-appartamenti-a-torre-dellorso"],"_links":{"self":[{"href":"https:\/\/www.area-press.eu\/comunicatistampa\/wp-json\/wp\/v2\/posts\/10408","targetHints":{"allow":["GET"]}}],"collection":[{"href":"https:\/\/www.area-press.eu\/comunicatistampa\/wp-json\/wp\/v2\/posts"}],"about":[{"href":"https:\/\/www.area-press.eu\/comunicatistampa\/wp-json\/wp\/v2\/types\/post"}],"author":[{"embeddable":true,"href":"https:\/\/www.area-press.eu\/comunicatistampa\/wp-json\/wp\/v2\/users\/2861"}],"replies":[{"embeddable":true,"href":"https:\/\/www.area-press.eu\/comunicatistampa\/wp-json\/wp\/v2\/comments?post=10408"}],"version-history":[{"count":1,"href":"https:\/\/www.area-press.eu\/comunicatistampa\/wp-json\/wp\/v2\/posts\/10408\/revisions"}],"predecessor-version":[{"id":10409,"href":"https:\/\/www.area-press.eu\/comunicatistampa\/wp-json\/wp\/v2\/posts\/10408\/revisions\/10409"}],"wp:attachment":[{"href":"https:\/\/www.area-press.eu\/comunicatistampa\/wp-json\/wp\/v2\/media?parent=10408"}],"wp:term":[{"taxonomy":"category","embeddable":true,"href":"https:\/\/www.area-press.eu\/comunicatistampa\/wp-json\/wp\/v2\/categories?post=10408"},{"taxonomy":"post_tag","embeddable":true,"href":"https:\/\/www.area-press.eu\/comunicatistampa\/wp-json\/wp\/v2\/tags?post=10408"}],"curies":[{"name":"wp","href":"https:\/\/api.w.org\/{rel}","templated":true}]}}