{"id":1034,"date":"2015-08-03T16:58:58","date_gmt":"2015-08-03T14:58:58","guid":{"rendered":"http:\/\/www.area-press.eu\/comunicatistampa\/?p=1034"},"modified":"2015-08-03T16:58:58","modified_gmt":"2015-08-03T14:58:58","slug":"uno-stand-completo-in-una-valigia-facile-con-fastand","status":"publish","type":"post","link":"https:\/\/www.area-press.eu\/comunicatistampa\/2015\/08\/03\/uno-stand-completo-in-una-valigia-facile-con-fastand\/","title":{"rendered":"Uno stand completo in una valigia? Facile con FASTAND"},"content":{"rendered":"<p>Dal 1998 ad Odolo Brescia, dove FASTAND svolge la propria attivit\u00e0 di produzione di sistemi in alluminio, legno e plastica per la comunicazione visiva, l\u2019ufficio e i punti di vendita, si progettano sistemi innovativi per le moderne esigenze di contenimento degli spazi nel trasporto e nello stoccaggio, a tutto vantaggio del Design e della creativit\u00e0.<\/p>\n<p>FASTAND \u00e8 infatti in grado di produrre stand componibili e modulari facilmente trasportabili in apposite sacche e valigie, tutti rigorosamente 100% Made in Italy .<\/p>\n<p>I prodotti FASTAND hanno come denominatore comune la filosofia costruttiva, il kit di montaggio rapido, l\u2019espandibilit\u00e0 e la facile trasportabilit\u00e0 tramite sacca o valigia. <strong>Far entrare uno stand completo in una valigia o in un trolley \u00e8 la mission di Fastand che ha sempre la soluzione pronta, chiavi in mano, per qualsiasi tipo di evento.<\/strong><\/p>\n<p>I Sistemi Fiera FASTAND sono facilmente montabili da chiunque, non \u00e8 richiesta alcuna esperienza di montaggio e non \u00e8 necessario l\u2019utilizzo di utensili. Dotarsi di un Sistema FASTAND significa poter gestire in completa autonomia il proprio stand, ma anche poter riutilizzare lo stesso stand per pi\u00f9 anni. Grazie al ricco catalogo di accessori, i prodotti FASTAND sono facilmente modificabili e adattabili alle esigenze delle diverse fiere, per non dover acquistare un nuovo stand per ogni fiera.<\/p>\n<p>Ogni prodotto \u00e8 completo di schema di montaggio, custodia di trasporto, conformit\u00e0 fieristiche e lay-out grafico per la preparazione dei file, e tutto questo \u00e8 realizzabile in soli 5 giorni lavorativi. Il motto di FASTAND \u00e8 \u201cTrasformare le vostre idee in soluzione\u201d, in quanto \u00e8 in grado di trasformare l\u2019idea del cliente, progetto e\/o le linee guida della comunicazione aziendale in un vero e proprio \u2018kit in valigia\u2019 di facile assemblaggio, mantenendo costanti e precisi tutti i punti focali del Brand aziendale.<\/p>\n<p>Un servizio di progettazione 3D gratuito, consulenza ed assistenza tecnica telefonica continua ed immediata completano il servizio che FASTAND garantisce ai propri clienti.<\/p>\n<p>Per le grandi imprese, FASTAND ha inoltre confezionato un progetto innovativo e molto ambizioso: il <em>Corporate Program<\/em>. E\u2019 possibile dare vita ad una vera e propria partnership con FASTAND con la possibilit\u00e0 di gestire l\u2019 immagine aziendale in modo razionale, puntuale e competitivo, in totale sinergia.<\/p>\n<p>Per ulteriori informazioni:<\/p>\n<p>FASTAND SRL &#8211; Via S. Reccagni, 15 B 25030 Castel Messa (BS) Tel. 030. 2551439<\/p>\n<p>Mail: <a href=\"mailto:vendita@fastand.it\">vendita@fastand.it<\/a> Sito web: <a href=\"http:\/\/www.fastand.it\/\">www.fastand.it<\/a><\/p>\n<p>Ufficio Stampa: STUDIO BINASCHI &#8211; Ripa di Porta Ticinese, 39\u00a0\u00a0 20143 Milano Tel. 02.36699126<\/p>\n<p>Mail: <a href=\"mailto:p.binaschi@studiobinaschi.it\">p.binaschi@studiobinaschi.it<\/a><\/p>\n","protected":false},"excerpt":{"rendered":"<p>Dal 1998 ad Odolo Brescia, dove FASTAND svolge la propria attivit\u00e0 di produzione di sistemi in alluminio, legno e plastica per la comunicazione visiva, l\u2019ufficio e i punti di vendita, si progettano sistemi innovativi per le moderne esigenze di contenimento degli spazi nel trasporto e nello stoccaggio, a tutto vantaggio del Design e della creativit\u00e0. [&hellip;]<\/p>\n","protected":false},"author":192,"featured_media":0,"comment_status":"open","ping_status":"open","sticky":false,"template":"","format":"standard","meta":{"footnotes":""},"categories":[29,8],"tags":[654,569,990],"class_list":["post-1034","post","type-post","status-publish","format-standard","hentry","category-comunicati","category-eventi","tag-fiere","tag-innovazione","tag-stand"],"_links":{"self":[{"href":"https:\/\/www.area-press.eu\/comunicatistampa\/wp-json\/wp\/v2\/posts\/1034","targetHints":{"allow":["GET"]}}],"collection":[{"href":"https:\/\/www.area-press.eu\/comunicatistampa\/wp-json\/wp\/v2\/posts"}],"about":[{"href":"https:\/\/www.area-press.eu\/comunicatistampa\/wp-json\/wp\/v2\/types\/post"}],"author":[{"embeddable":true,"href":"https:\/\/www.area-press.eu\/comunicatistampa\/wp-json\/wp\/v2\/users\/192"}],"replies":[{"embeddable":true,"href":"https:\/\/www.area-press.eu\/comunicatistampa\/wp-json\/wp\/v2\/comments?post=1034"}],"version-history":[{"count":1,"href":"https:\/\/www.area-press.eu\/comunicatistampa\/wp-json\/wp\/v2\/posts\/1034\/revisions"}],"predecessor-version":[{"id":1035,"href":"https:\/\/www.area-press.eu\/comunicatistampa\/wp-json\/wp\/v2\/posts\/1034\/revisions\/1035"}],"wp:attachment":[{"href":"https:\/\/www.area-press.eu\/comunicatistampa\/wp-json\/wp\/v2\/media?parent=1034"}],"wp:term":[{"taxonomy":"category","embeddable":true,"href":"https:\/\/www.area-press.eu\/comunicatistampa\/wp-json\/wp\/v2\/categories?post=1034"},{"taxonomy":"post_tag","embeddable":true,"href":"https:\/\/www.area-press.eu\/comunicatistampa\/wp-json\/wp\/v2\/tags?post=1034"}],"curies":[{"name":"wp","href":"https:\/\/api.w.org\/{rel}","templated":true}]}}