{"id":10176,"date":"2016-05-23T16:54:49","date_gmt":"2016-05-23T14:54:49","guid":{"rendered":"http:\/\/www.area-press.eu\/comunicatistampa\/?p=10176"},"modified":"2016-05-23T16:54:49","modified_gmt":"2016-05-23T14:54:49","slug":"aperte-le-iscrizioni-per-per-la-nuova-edizione-del-master-in-critica-giornalistica-dellaccademia-silvio-damico","status":"publish","type":"post","link":"https:\/\/www.area-press.eu\/comunicatistampa\/2016\/05\/23\/aperte-le-iscrizioni-per-per-la-nuova-edizione-del-master-in-critica-giornalistica-dellaccademia-silvio-damico\/","title":{"rendered":"Aperte le iscrizioni per per la nuova edizione del Master in critica giornalistica dell&#8217;Accademia &#8220;Silvio d&#8217;Amico&#8221;"},"content":{"rendered":"<p>L\u2019Accademia Nazionale d\u2019Arte Drammatica \u201cSilvio d\u2019Amico\u201d apre le iscrizioni all\u2019edizione 2016\/2017 del Master di primo livello in Critica Giornalistica.<br \/>\nIl progetto, nato nel 2006 e approvato nel 2009 dal Ministero dell\u2019Istruzione dell\u2019Universit\u00e0 e della Ricerca con il rilascio di un titolo di studio riconosciuto e l\u2019attribuzione di 60 crediti formativi, si \u00e8 affermato negli anni come punto di riferimento nel settore della formazione post lauream nazionale rivolta alle discipline del giornalismo e della comunicazione.<\/p>\n<p>Il successo del Master, confermato dall\u2019alta percentuale di placement sul mercato del lavoro dei propri corsisti diplomati, \u00e8 da attribuirsi a un corpo docente costituito da professionisti provenienti dal mondo dell\u2019editoria ed a una costante attivit\u00e0 pratica garantita dal project work di scrittura giornalistica con la testata Recensito.<br \/>\nLe attivit\u00e0 pratiche e laboratoriali, mirano inoltre ad offrire una concreta esperienza di comunicazione multimediale e ufficio stampa. Gli allievi, sotto la supervisione dei docenti e del tutor, \u201ccomunicheranno\u201d, con gli strumenti propri del web 2.0, tutte le iniziative didattiche e spettacolari dell\u2019Istituzione: dal Festival dei \u201cDue Mondi\u201d di Spoleto ai saggi di Diploma degli allievi attori e registi guidati da Maestri come: Giorgio Barberio Corsetti, Arturo Cirillo, Massimiliano Civica, Lorenzo Salveti, Sergio Rubini, Valentino Villa.<\/p>\n<p>Tra gli insegnanti del corso vi sono firme prestigiose della stampa e dei media del nostro Paese come: Massimo Marino (Il Corriere della Sera), Leonetta Bentivoglio (La Repubblica), Mario Sesti (autore, regista e critico cinematografico, coordinatore artistico comitato di selezione del Festival del Cinema di Roma) Ernesto Assante (La Repubblica), Sandro Cappelletto (La Stampa), Steve Della Casa (Radio Rai), Frediano Finucci (LA 7), Carlo Freccero (membro del consiglio di amministrazione RAI), Gabriele Niola (My Movies, Wired) e Michele Rech in arte Zerocalcare.<\/p>\n<p>Un punto di forza \u00e8 rappresentato dai prestigiosi stage presso le aziende partner che in pi\u00f9 occasioni, si sono trasformati in una concreta opportunit\u00e0 di lavoro, tra queste:<br \/>\nRAI, LA7, Adnkronos, Gruppo Editoriale \u201cL\u2019Espresso\u201d, Fondazione Musica per Roma, Z\u00e8tema Progetto Cultura, Agis-Anec Lazio, APT (Associazione Produttori Televisivi), Film Commission Toscana, Film Commission Marche, Film Commission Torino Piemonte, Wider Films, MY Movies, Cineteca di Bologna.<br \/>\nSono partner del Master i teatri pi\u00f9 importanti d\u2019Italia come il Piccolo Teatro di Milano, Teatri di Roma, l\u2019Eliseo, il Teatro Biondo di Palermo, il Teatro Massimo di Palermo, Teatri di Vita di Bologna, il Teatro della Pergola di Firenze, Cantieri Teatrali Koreja di Lecce, Teatro Pubblico Pugliese di Bari, Radio Citt\u00e0 Futura, le agenzie di comunicazione Daniele Mignardi Promopress Agency, Tiziana Rocca Comunicazione e Storyfinder.<\/p>\n<p>&nbsp;<\/p>\n<p>info su www.criticagiornalistica.it<\/p>\n","protected":false},"excerpt":{"rendered":"<p>L\u2019Accademia Nazionale d\u2019Arte Drammatica \u201cSilvio d\u2019Amico\u201d apre le iscrizioni all\u2019edizione 2016\/2017 del Master di primo livello in Critica Giornalistica. Il progetto, nato nel 2006 e approvato nel 2009 dal Ministero dell\u2019Istruzione dell\u2019Universit\u00e0 e della Ricerca con il rilascio di un titolo di studio riconosciuto e l\u2019attribuzione di 60 crediti formativi, si \u00e8 affermato negli anni [&hellip;]<\/p>\n","protected":false},"author":2986,"featured_media":0,"comment_status":"open","ping_status":"open","sticky":false,"template":"","format":"standard","meta":{"footnotes":""},"categories":[29],"tags":[],"class_list":["post-10176","post","type-post","status-publish","format-standard","hentry","category-comunicati"],"_links":{"self":[{"href":"https:\/\/www.area-press.eu\/comunicatistampa\/wp-json\/wp\/v2\/posts\/10176","targetHints":{"allow":["GET"]}}],"collection":[{"href":"https:\/\/www.area-press.eu\/comunicatistampa\/wp-json\/wp\/v2\/posts"}],"about":[{"href":"https:\/\/www.area-press.eu\/comunicatistampa\/wp-json\/wp\/v2\/types\/post"}],"author":[{"embeddable":true,"href":"https:\/\/www.area-press.eu\/comunicatistampa\/wp-json\/wp\/v2\/users\/2986"}],"replies":[{"embeddable":true,"href":"https:\/\/www.area-press.eu\/comunicatistampa\/wp-json\/wp\/v2\/comments?post=10176"}],"version-history":[{"count":2,"href":"https:\/\/www.area-press.eu\/comunicatistampa\/wp-json\/wp\/v2\/posts\/10176\/revisions"}],"predecessor-version":[{"id":10179,"href":"https:\/\/www.area-press.eu\/comunicatistampa\/wp-json\/wp\/v2\/posts\/10176\/revisions\/10179"}],"wp:attachment":[{"href":"https:\/\/www.area-press.eu\/comunicatistampa\/wp-json\/wp\/v2\/media?parent=10176"}],"wp:term":[{"taxonomy":"category","embeddable":true,"href":"https:\/\/www.area-press.eu\/comunicatistampa\/wp-json\/wp\/v2\/categories?post=10176"},{"taxonomy":"post_tag","embeddable":true,"href":"https:\/\/www.area-press.eu\/comunicatistampa\/wp-json\/wp\/v2\/tags?post=10176"}],"curies":[{"name":"wp","href":"https:\/\/api.w.org\/{rel}","templated":true}]}}