{"id":10058,"date":"2016-05-20T13:01:34","date_gmt":"2016-05-20T11:01:34","guid":{"rendered":"http:\/\/www.area-press.eu\/comunicatistampa\/?p=10058"},"modified":"2016-05-20T13:01:34","modified_gmt":"2016-05-20T11:01:34","slug":"ordine-bizantino-del-santo-sepolcro-filantropia-ed-ecumenismo-tra-storia-e-attualita","status":"publish","type":"post","link":"https:\/\/www.area-press.eu\/comunicatistampa\/2016\/05\/20\/ordine-bizantino-del-santo-sepolcro-filantropia-ed-ecumenismo-tra-storia-e-attualita\/","title":{"rendered":"Ordine Bizantino del Santo Sepolcro, filantropia ed ecumenismo tra storia e attualit\u00e0"},"content":{"rendered":"<p>Specchiata condotta. Lealt\u00e0. Nobilt\u00e0 d&#8217;animo. Ecco alcune qualit\u00e0 richieste a chi aspira di far parte dell&#8217;Ordine Bizantino del Santo Sepolcro (Ordo Byzantinus Sancti Sepulchri), quasi millesettecento anni di storia e un&#8217;intatta volont\u00e0 di promuovere attivit\u00e0 umanitarie, culturali ed ecumeniche. L\u2019Ordine ha sede a Malta ed \u00e8 presente in oltre settanta nazioni tra l&#8217;Europa, l&#8217;Africa, l&#8217;America, l&#8217;Australia e l&#8217;Asia.<br \/>\nSecondo quando riportato dal sito web ufficiale obss.org \u00e8 uno dei pi\u00f9 longevi di sempre.<br \/>\nRisale addirittura al 325 d.C., quando l&#8217;imperatore Costantino il Grande, oltre a indire il Concilio di Nicea per mettere pace tra Ariani e Cattolici e a trasformare la vecchia Bisanzio nella nuova Costantinopoli, pare abbia costituito una corporazione di nobili che, attraverso uno stile di vita fondato sull&#8217;ecumenismo e sulla filantropia, esprimeva un ideale cristiano in linea con lo spirito del monachesimo orientale. L&#8217;epopea delle crociate diede nuova linfa agli ordini cavallereschi e assegn\u00f2 loro il compito di difendere militarmente la cristianit\u00e0 d&#8217;Oriente e d&#8217;Occidente. Con l&#8217;andar del tempo, per\u00f2, venuti meno gli scopi per i quali erano stati fondati, alcuni ordini vennero sciolti, altri furono uniti a ordini pi\u00f9 recenti, altri ancora si trasformarono in ordini dinastici. Nella disgregazione territoriale che segu\u00ec il crollo dell&#8217;Impero Bizantino (1453), l&#8217;Ordine del Santo Sepolcro fu rifondato e annesso alla casata granducale dei Rjurik di Russia, che ne conserva ancora oggi il Gran Magistero.<br \/>\nUna tradizione millenaria, tra storia e leggende. Capace di affascinare, ancora oggi, centinaia di persone in tutto il mondo. Lo scorso novembre a Roma nella Basilica dei Santi Giovanni e Paolo, c&#8217;erano oltre duecento persone da nove paesi del globo alla solenne cerimonia internazionale di investitura di venti nuove dame e cavalieri, presieduta dal Gran Maestro dell\u2019Ordine, Alfred Josef Baldacchino. Un segnale forte e chiaro, questo, della vitalit\u00e0 e validit\u00e0 dei suoi ideali. Che sono, come da Statuto, l\u2019unificazione di tutte le fedi cristiane, la promozione di attivit\u00e0 culturali e di opere umanitarie.<br \/>\nIl primo obiettivo \u00e8 promosso attraverso il Collegio ecclesiastico dell\u2019Ordine, impegnato a favorire il dialogo internazionale tra le istituzioni religiose cristiane nel mondo. L\u2019istituzione culturale dell\u2019Ordine \u00e8 l\u2019Universitas Sancti Cyrilli (1669), con sede a Malta. Eroga corsi accademici, di ricerca e di specializzazione; organizza premi letterari, convegni, conferenze e seminari; e conferisce onorificenze accademiche a personalit\u00e0 di spicco nei campi dell\u2019Industria, dello Sport e della Cultura. A finanziare le attivit\u00e0 culturali \u00e8 il Collegio dei Nobili dell&#8217;Ordine, che assegna all&#8217;Universit\u00e0 le donazioni ricevute dai cavalieri elevati alla nobilt\u00e0.<br \/>\nLe opere umanitarie sono portate avanti dai Gran Priorati (le strutture nazionali) che identificano i bisogni dei propri territori e intervengono attraverso forme di autofinanziamento e serate di beneficenza. Di recente, per esempio, il Gran Priorato della Repubblica Domenicana ha donato alloggi a famiglie povere e materiale didattico per le scuole. Un aiuto concreto per le quelle popolazioni colpite dal catastrofico terremoto del 2010. In casi di particolare rilevanza i Gran Priorati possono richiedere alla Sede Magistrale dell\u2019Ordine un intervento finanziario internazionale. Ecco perch\u00e9 farne parte \u00e8 considerato un prestigioso riconoscimento delle qualit\u00e0 personali. Per saperne di pi\u00f9, consultate il sito obss.org.<\/p>\n","protected":false},"excerpt":{"rendered":"<p>Un viaggio nel tempo alla scoperta di una istituzione millenaria, oggi presente in settanta nazioni.<\/p>\n","protected":false},"author":127,"featured_media":0,"comment_status":"open","ping_status":"open","sticky":false,"template":"","format":"standard","meta":{"footnotes":""},"categories":[3,4],"tags":[7471,7472,7470],"class_list":["post-10058","post","type-post","status-publish","format-standard","hentry","category-arte-e-cultura","category-attualita-e-societa","tag-ecumenismo","tag-filantropia","tag-ordine-bizantino-santo-sepolcro"],"_links":{"self":[{"href":"https:\/\/www.area-press.eu\/comunicatistampa\/wp-json\/wp\/v2\/posts\/10058","targetHints":{"allow":["GET"]}}],"collection":[{"href":"https:\/\/www.area-press.eu\/comunicatistampa\/wp-json\/wp\/v2\/posts"}],"about":[{"href":"https:\/\/www.area-press.eu\/comunicatistampa\/wp-json\/wp\/v2\/types\/post"}],"author":[{"embeddable":true,"href":"https:\/\/www.area-press.eu\/comunicatistampa\/wp-json\/wp\/v2\/users\/127"}],"replies":[{"embeddable":true,"href":"https:\/\/www.area-press.eu\/comunicatistampa\/wp-json\/wp\/v2\/comments?post=10058"}],"version-history":[{"count":1,"href":"https:\/\/www.area-press.eu\/comunicatistampa\/wp-json\/wp\/v2\/posts\/10058\/revisions"}],"predecessor-version":[{"id":10059,"href":"https:\/\/www.area-press.eu\/comunicatistampa\/wp-json\/wp\/v2\/posts\/10058\/revisions\/10059"}],"wp:attachment":[{"href":"https:\/\/www.area-press.eu\/comunicatistampa\/wp-json\/wp\/v2\/media?parent=10058"}],"wp:term":[{"taxonomy":"category","embeddable":true,"href":"https:\/\/www.area-press.eu\/comunicatistampa\/wp-json\/wp\/v2\/categories?post=10058"},{"taxonomy":"post_tag","embeddable":true,"href":"https:\/\/www.area-press.eu\/comunicatistampa\/wp-json\/wp\/v2\/tags?post=10058"}],"curies":[{"name":"wp","href":"https:\/\/api.w.org\/{rel}","templated":true}]}}