{"id":59774,"date":"2012-12-03T00:00:00","date_gmt":"2012-12-02T23:00:00","guid":{"rendered":"http:\/\/www.area-press.eu\/comunicati\/edizioni-progetto-cultura-presenta-carezze-korazze-skizzi-di-vita-di-paola-nazzaro\/"},"modified":"2012-12-03T00:00:00","modified_gmt":"2012-12-02T23:00:00","slug":"edizioni-progetto-cultura-presenta-carezze-korazze-skizzi-di-vita-di-paola-nazzaro","status":"publish","type":"post","link":"https:\/\/www.area-press.eu\/comunicati\/edizioni-progetto-cultura-presenta-carezze-korazze-skizzi-di-vita-di-paola-nazzaro\/","title":{"rendered":"Edizioni Progetto Cultura  Presenta:  Carezze, Korazze &#038; Skizzi di vita  Di Paola Nazzaro"},"content":{"rendered":"<p><!-- VideographyWP Plugin Message: Automatic video embedding prevented by plugin options. --><\/p>\n<p><p class=\"MsoNormal\" style=\"margin-bottom: 12.0pt; text-align: justify; text-justify: inter-ideograph; mso-pagination: none; mso-layout-grid-align: none; text-autospace: none;\">Una costumista e scrittrice dallo spirito &laquo;plissettato&raquo;: si ama definire cos&igrave; <strong>Paola Nazzaro<\/strong>, al suo esordio letterario con il libro <strong><em>Carezze Korazze &amp; Skizzi di Vita<\/em><\/strong> che sar&agrave; presentato a <strong>Roma alla<\/strong> <strong>Fiera Nazionale della piccola e media Editoria <em>Pi&ugrave; Libri pi&ugrave; Liberi<\/em> venerd&igrave; 7 dicembre alle ore 18,00 presso la Sala Ametista del Palazzo dei Congressi di Roma, in Piazza John Fitzgerald Kennedy 1. <\/strong>Introdurr&agrave; il grande maestro<strong> Italo Moscati, <\/strong>scrittore e sceneggiatore per la radio e la Rai e docente di Storia dei Media e Arti Visive della Contemporaneit&agrave; all&rsquo;universit&agrave; di Teramo<strong>. <\/strong>I reading del libro saranno a cura dell&rsquo;attrice e doppiatrice<strong> Raffella Castelli. <\/strong>Durante la presentazione l&rsquo;alter ego inedito di Paola Nazzaro sar&agrave; messo in scena dalla performance di <strong>Albadoro Gala<\/strong>,<strong> <\/strong>Lady Burlesque<strong> <\/strong>che indosser&agrave; un abito disegnato dall&rsquo;autrice stessa, fatto esclusivamente di pagine di libro.<\/p>\n<p class=\"MsoNormal\" style=\"margin-bottom: 12.0pt; text-align: justify; text-justify: inter-ideograph; mso-pagination: none; mso-layout-grid-align: none; text-autospace: none;\">Da costumista e art director Paola Nazzaro veste i suoi panni sotterranei di scrittrice e poetessa, offrendo ai propri lettori il primo libro &laquo;<em>on the road<\/em>&raquo; tutto al femminile: una serie di aforismi, racconti e versi rubati ai momenti pi&ugrave; significativi della sua vita, fra abiti, moto e passioni in cui sono mostrate le caleidoscopiche personalit&agrave; che la caratterizzano. L&rsquo;anima Viscontiana e da valchiria metropolitana, insieme allo stile immaginifico alla Blade Runner, convivono perfettamente in questa bambina d&rsquo;acciaio nata e cresciuta a bordo di una motocicletta. Per questo motivo <em>Carezze Korazze &amp; Skizzi di vita<\/em> &egrave; un libro autentico sul coraggio di essere se stessi. Come dichiara l&rsquo;autrice: &laquo;dedico questo libro in particolar modo alle donne che coltivano il proprio stile mantenendo con forza la propria identit&agrave;. Anche per questo &#8211; continua &ndash; ringrazio Edizioni Progetto Cultura per avermi lasciato essere me stessa fino in fondo nella pubblicazione di questo libro&raquo;.<\/p>\n<p class=\"MsoNormal\" style=\"margin-bottom: 12.0pt; text-align: justify; text-justify: inter-ideograph; mso-pagination: none; mso-layout-grid-align: none; text-autospace: none;\">Carezze Korazze &amp; Skizzi di vita lancia la prima collana di moda, <strong><em>Letterabilia<\/em><\/strong>, della Edizioni Progetto Cultura, curata da <strong>Cinzia dell&rsquo;Omo<\/strong>.<\/p>\n<p class=\"MsoNormal\" style=\"margin-bottom: 12.0pt; text-align: justify; text-justify: inter-ideograph; mso-pagination: none; mso-layout-grid-align: none; text-autospace: none;\"><strong>Paola Nazzaro<\/strong> &egrave; costumista, scenografa, fashion designer e art director. Ha firmato numerosi successi per il cinema (<em>Jonathan degli orsi, Chi c&rsquo;&egrave; c&rsquo;&egrave;, Tutti al mare<\/em>), per la televisione (di prossima uscita una fiction per la Rai, <em>La Farfalla Granata<\/em>&#8211; regia di Paolo Poeti- e poi: <em>La tv delle ragazze, Un posto al sole, Una vita in regalo<\/em>) e per il teatro; cimentandosi occasionalmente anche come attrice (<em>L&rsquo;intervista<\/em> di Federico Fellini) e come performer nella trasmissione <em>Lady Burlesque<\/em>. Innamorata della scrittura fin da adolescente, ha scritto e pubblicato racconti e articoli dedicati alla sua passione per le motociclette.<\/p>\n<p class=\"MsoNormal\" style=\"margin-bottom: 12.0pt; text-align: justify; text-justify: inter-ideograph; mso-pagination: none; mso-layout-grid-align: none; text-autospace: none;\"><strong><span style=\"text-decoration: underline;\">Info Ufficio Stampa: Elide Maltese <a href=\"mailto:ufficiostampa@stanza101.it\">ufficiostampa@stanza101.it<\/a> &#8211; +39 3393551343<\/span><\/strong><\/p><\/p>\n","protected":false},"excerpt":{"rendered":"<p>Venerd\u00ec 7 dicembre ore 18,00 Pi\u00f9 Libri pi\u00f9 Liberi \u2013 Fiera Nazionale della piccola e media Editoria Palazzo dei Congressi \u2013 Sala Ametista, Piazza John Fitzgerald Kennedy 1, Roma<\/p>\n","protected":false},"author":2,"featured_media":0,"comment_status":"open","ping_status":"open","sticky":false,"template":"","format":"standard","meta":{"_monsterinsights_skip_tracking":false,"_monsterinsights_sitenote_active":false,"_monsterinsights_sitenote_note":"","_monsterinsights_sitenote_category":0,"footnotes":""},"categories":[7621],"tags":[],"class_list":["post-59774","post","type-post","status-publish","format-standard","hentry","category-arte_cultura"],"acf":[],"yoast_head":"<!-- This site is optimized with the Yoast SEO plugin v24.6 - https:\/\/yoast.com\/wordpress\/plugins\/seo\/ -->\n<title>Edizioni Progetto Cultura Presenta: Carezze, Korazze &amp; Skizzi di vita Di Paola Nazzaro - area-press.eu - comunicati<\/title>\n<meta name=\"robots\" content=\"index, follow, max-snippet:-1, max-image-preview:large, max-video-preview:-1\" \/>\n<link rel=\"canonical\" href=\"https:\/\/www.area-press.eu\/comunicati\/edizioni-progetto-cultura-presenta-carezze-korazze-skizzi-di-vita-di-paola-nazzaro\/\" \/>\n<meta property=\"og:locale\" content=\"it_IT\" \/>\n<meta property=\"og:type\" content=\"article\" \/>\n<meta property=\"og:title\" content=\"Edizioni Progetto Cultura Presenta: Carezze, Korazze &amp; Skizzi di vita Di Paola Nazzaro - area-press.eu - comunicati\" \/>\n<meta property=\"og:description\" content=\"Venerd\u00ec 7 dicembre ore 18,00 Pi\u00f9 Libri pi\u00f9 Liberi \u2013 Fiera Nazionale della piccola e media Editoria Palazzo dei Congressi \u2013 Sala Ametista, Piazza John Fitzgerald Kennedy 1, Roma\" \/>\n<meta property=\"og:url\" content=\"https:\/\/www.area-press.eu\/comunicati\/edizioni-progetto-cultura-presenta-carezze-korazze-skizzi-di-vita-di-paola-nazzaro\/\" \/>\n<meta property=\"og:site_name\" content=\"area-press.eu - comunicati\" \/>\n<meta property=\"article:published_time\" content=\"2012-12-02T23:00:00+00:00\" \/>\n<meta name=\"author\" content=\"Redazione area-press.eu\" \/>\n<meta name=\"twitter:card\" content=\"summary_large_image\" \/>\n<meta name=\"twitter:label1\" content=\"Scritto da\" \/>\n\t<meta name=\"twitter:data1\" content=\"Redazione area-press.eu\" \/>\n\t<meta name=\"twitter:label2\" content=\"Tempo di lettura stimato\" \/>\n\t<meta name=\"twitter:data2\" content=\"2 minuti\" \/>\n<script type=\"application\/ld+json\" class=\"yoast-schema-graph\">{\"@context\":\"https:\/\/schema.org\",\"@graph\":[{\"@type\":\"WebPage\",\"@id\":\"https:\/\/www.area-press.eu\/comunicati\/edizioni-progetto-cultura-presenta-carezze-korazze-skizzi-di-vita-di-paola-nazzaro\/\",\"url\":\"https:\/\/www.area-press.eu\/comunicati\/edizioni-progetto-cultura-presenta-carezze-korazze-skizzi-di-vita-di-paola-nazzaro\/\",\"name\":\"Edizioni Progetto Cultura Presenta: Carezze, Korazze & Skizzi di vita Di Paola Nazzaro - area-press.eu - comunicati\",\"isPartOf\":{\"@id\":\"https:\/\/www.area-press.eu\/comunicati\/#website\"},\"datePublished\":\"2012-12-02T23:00:00+00:00\",\"author\":{\"@id\":\"https:\/\/www.area-press.eu\/comunicati\/#\/schema\/person\/c7a82e1cf7b2d105ee3708fcc74461f4\"},\"breadcrumb\":{\"@id\":\"https:\/\/www.area-press.eu\/comunicati\/edizioni-progetto-cultura-presenta-carezze-korazze-skizzi-di-vita-di-paola-nazzaro\/#breadcrumb\"},\"inLanguage\":\"it-IT\",\"potentialAction\":[{\"@type\":\"ReadAction\",\"target\":[\"https:\/\/www.area-press.eu\/comunicati\/edizioni-progetto-cultura-presenta-carezze-korazze-skizzi-di-vita-di-paola-nazzaro\/\"]}]},{\"@type\":\"BreadcrumbList\",\"@id\":\"https:\/\/www.area-press.eu\/comunicati\/edizioni-progetto-cultura-presenta-carezze-korazze-skizzi-di-vita-di-paola-nazzaro\/#breadcrumb\",\"itemListElement\":[{\"@type\":\"ListItem\",\"position\":1,\"name\":\"Home\",\"item\":\"https:\/\/www.area-press.eu\/comunicati\/\"},{\"@type\":\"ListItem\",\"position\":2,\"name\":\"Edizioni Progetto Cultura Presenta: Carezze, Korazze &#038; Skizzi di vita Di Paola Nazzaro\"}]},{\"@type\":\"WebSite\",\"@id\":\"https:\/\/www.area-press.eu\/comunicati\/#website\",\"url\":\"https:\/\/www.area-press.eu\/comunicati\/\",\"name\":\"area-press.eu - comunicati\",\"description\":\"Press releases e comunicati stampa\",\"potentialAction\":[{\"@type\":\"SearchAction\",\"target\":{\"@type\":\"EntryPoint\",\"urlTemplate\":\"https:\/\/www.area-press.eu\/comunicati\/?s={search_term_string}\"},\"query-input\":{\"@type\":\"PropertyValueSpecification\",\"valueRequired\":true,\"valueName\":\"search_term_string\"}}],\"inLanguage\":\"it-IT\"},{\"@type\":\"Person\",\"@id\":\"https:\/\/www.area-press.eu\/comunicati\/#\/schema\/person\/c7a82e1cf7b2d105ee3708fcc74461f4\",\"name\":\"Redazione area-press.eu\",\"image\":{\"@type\":\"ImageObject\",\"inLanguage\":\"it-IT\",\"@id\":\"https:\/\/www.area-press.eu\/comunicati\/#\/schema\/person\/image\/\",\"url\":\"https:\/\/secure.gravatar.com\/avatar\/261e5fa13cfbce1e53c026c833f5e36744f89dcb35e4578439e7ced7c9b89537?s=96&d=mm&r=g\",\"contentUrl\":\"https:\/\/secure.gravatar.com\/avatar\/261e5fa13cfbce1e53c026c833f5e36744f89dcb35e4578439e7ced7c9b89537?s=96&d=mm&r=g\",\"caption\":\"Redazione area-press.eu\"},\"url\":\"https:\/\/www.area-press.eu\/comunicati\/author\/redazione-area-press-eu\/\"}]}<\/script>\n<!-- \/ Yoast SEO plugin. -->","yoast_head_json":{"title":"Edizioni Progetto Cultura Presenta: Carezze, Korazze & Skizzi di vita Di Paola Nazzaro - area-press.eu - comunicati","robots":{"index":"index","follow":"follow","max-snippet":"max-snippet:-1","max-image-preview":"max-image-preview:large","max-video-preview":"max-video-preview:-1"},"canonical":"https:\/\/www.area-press.eu\/comunicati\/edizioni-progetto-cultura-presenta-carezze-korazze-skizzi-di-vita-di-paola-nazzaro\/","og_locale":"it_IT","og_type":"article","og_title":"Edizioni Progetto Cultura Presenta: Carezze, Korazze & Skizzi di vita Di Paola Nazzaro - area-press.eu - comunicati","og_description":"Venerd\u00ec 7 dicembre ore 18,00 Pi\u00f9 Libri pi\u00f9 Liberi \u2013 Fiera Nazionale della piccola e media Editoria Palazzo dei Congressi \u2013 Sala Ametista, Piazza John Fitzgerald Kennedy 1, Roma","og_url":"https:\/\/www.area-press.eu\/comunicati\/edizioni-progetto-cultura-presenta-carezze-korazze-skizzi-di-vita-di-paola-nazzaro\/","og_site_name":"area-press.eu - comunicati","article_published_time":"2012-12-02T23:00:00+00:00","author":"Redazione area-press.eu","twitter_card":"summary_large_image","twitter_misc":{"Scritto da":"Redazione area-press.eu","Tempo di lettura stimato":"2 minuti"},"schema":{"@context":"https:\/\/schema.org","@graph":[{"@type":"WebPage","@id":"https:\/\/www.area-press.eu\/comunicati\/edizioni-progetto-cultura-presenta-carezze-korazze-skizzi-di-vita-di-paola-nazzaro\/","url":"https:\/\/www.area-press.eu\/comunicati\/edizioni-progetto-cultura-presenta-carezze-korazze-skizzi-di-vita-di-paola-nazzaro\/","name":"Edizioni Progetto Cultura Presenta: Carezze, Korazze & Skizzi di vita Di Paola Nazzaro - area-press.eu - comunicati","isPartOf":{"@id":"https:\/\/www.area-press.eu\/comunicati\/#website"},"datePublished":"2012-12-02T23:00:00+00:00","author":{"@id":"https:\/\/www.area-press.eu\/comunicati\/#\/schema\/person\/c7a82e1cf7b2d105ee3708fcc74461f4"},"breadcrumb":{"@id":"https:\/\/www.area-press.eu\/comunicati\/edizioni-progetto-cultura-presenta-carezze-korazze-skizzi-di-vita-di-paola-nazzaro\/#breadcrumb"},"inLanguage":"it-IT","potentialAction":[{"@type":"ReadAction","target":["https:\/\/www.area-press.eu\/comunicati\/edizioni-progetto-cultura-presenta-carezze-korazze-skizzi-di-vita-di-paola-nazzaro\/"]}]},{"@type":"BreadcrumbList","@id":"https:\/\/www.area-press.eu\/comunicati\/edizioni-progetto-cultura-presenta-carezze-korazze-skizzi-di-vita-di-paola-nazzaro\/#breadcrumb","itemListElement":[{"@type":"ListItem","position":1,"name":"Home","item":"https:\/\/www.area-press.eu\/comunicati\/"},{"@type":"ListItem","position":2,"name":"Edizioni Progetto Cultura Presenta: Carezze, Korazze &#038; Skizzi di vita Di Paola Nazzaro"}]},{"@type":"WebSite","@id":"https:\/\/www.area-press.eu\/comunicati\/#website","url":"https:\/\/www.area-press.eu\/comunicati\/","name":"area-press.eu - comunicati","description":"Press releases e comunicati stampa","potentialAction":[{"@type":"SearchAction","target":{"@type":"EntryPoint","urlTemplate":"https:\/\/www.area-press.eu\/comunicati\/?s={search_term_string}"},"query-input":{"@type":"PropertyValueSpecification","valueRequired":true,"valueName":"search_term_string"}}],"inLanguage":"it-IT"},{"@type":"Person","@id":"https:\/\/www.area-press.eu\/comunicati\/#\/schema\/person\/c7a82e1cf7b2d105ee3708fcc74461f4","name":"Redazione area-press.eu","image":{"@type":"ImageObject","inLanguage":"it-IT","@id":"https:\/\/www.area-press.eu\/comunicati\/#\/schema\/person\/image\/","url":"https:\/\/secure.gravatar.com\/avatar\/261e5fa13cfbce1e53c026c833f5e36744f89dcb35e4578439e7ced7c9b89537?s=96&d=mm&r=g","contentUrl":"https:\/\/secure.gravatar.com\/avatar\/261e5fa13cfbce1e53c026c833f5e36744f89dcb35e4578439e7ced7c9b89537?s=96&d=mm&r=g","caption":"Redazione area-press.eu"},"url":"https:\/\/www.area-press.eu\/comunicati\/author\/redazione-area-press-eu\/"}]}},"_links":{"self":[{"href":"https:\/\/www.area-press.eu\/comunicati\/wp-json\/wp\/v2\/posts\/59774","targetHints":{"allow":["GET"]}}],"collection":[{"href":"https:\/\/www.area-press.eu\/comunicati\/wp-json\/wp\/v2\/posts"}],"about":[{"href":"https:\/\/www.area-press.eu\/comunicati\/wp-json\/wp\/v2\/types\/post"}],"author":[{"embeddable":true,"href":"https:\/\/www.area-press.eu\/comunicati\/wp-json\/wp\/v2\/users\/2"}],"replies":[{"embeddable":true,"href":"https:\/\/www.area-press.eu\/comunicati\/wp-json\/wp\/v2\/comments?post=59774"}],"version-history":[{"count":0,"href":"https:\/\/www.area-press.eu\/comunicati\/wp-json\/wp\/v2\/posts\/59774\/revisions"}],"wp:attachment":[{"href":"https:\/\/www.area-press.eu\/comunicati\/wp-json\/wp\/v2\/media?parent=59774"}],"wp:term":[{"taxonomy":"category","embeddable":true,"href":"https:\/\/www.area-press.eu\/comunicati\/wp-json\/wp\/v2\/categories?post=59774"},{"taxonomy":"post_tag","embeddable":true,"href":"https:\/\/www.area-press.eu\/comunicati\/wp-json\/wp\/v2\/tags?post=59774"}],"curies":[{"name":"wp","href":"https:\/\/api.w.org\/{rel}","templated":true}]}}