{"id":53767,"date":"2012-05-15T00:00:00","date_gmt":"2012-05-14T22:00:00","guid":{"rendered":"http:\/\/www.area-press.eu\/comunicati\/musike-si-apre-alla-danza-con-seven\/"},"modified":"2012-05-15T00:00:00","modified_gmt":"2012-05-14T22:00:00","slug":"musike-si-apre-alla-danza-con-seven","status":"publish","type":"post","link":"https:\/\/www.area-press.eu\/comunicati\/musike-si-apre-alla-danza-con-seven\/","title":{"rendered":"Musik\u00e8 si apre alla danza con Seven"},"content":{"rendered":"<p><!-- VideographyWP Plugin Message: Automatic video embedding prevented by plugin options. --><\/p>\n<p class=\"MsoNormal\" style=\"text-align:justify;mso-layout-grid-align:none; text-autospace:none\"><span style=\"font-family:&quot;HelveticaNeue-ThinCond&quot;,&quot;sans-serif&quot;; mso-bidi-font-family:HelveticaNeue-ThinCond\"><img loading=\"lazy\" decoding=\"async\" style=\"float: left; margin: 5px;\" src=\"http:\/\/www.studiopierrepi.it\/wp-content\/uploads\/2012\/05\/UdvariSeven141-300x300.jpg\" alt=\"\" width=\"300\" height=\"300\" \/>Proseguono gli appuntamenti padovani di <strong style=\"mso-bidi-font-weight:normal\"><em style=\"mso-bidi-font-style:normal\">Musik&egrave;<\/em><\/strong>, <\/span><span style=\"font-family:&quot;HelveticaNeue-ThinCond&quot;,&quot;sans-serif&quot;; mso-bidi-font-family:Helvetica-Condensed\">la nuova rassegna di musica, teatro, danza promossa e organizzata dalla Fondazione Cassa di Risparmio di Padova e Rovigo<\/span><span style=\"font-family:&quot;HelveticaNeue-ThinCond&quot;,&quot;sans-serif&quot;; mso-bidi-font-family:HelveticaNeue-ThinCond\">. <strong style=\"mso-bidi-font-weight: normal\">Domenica 20 maggio<\/strong>, al <strong style=\"mso-bidi-font-weight:normal\">Piccolo Teatro Don Bosco di Padova<\/strong>, <em style=\"mso-bidi-font-style:normal\">Musik&egrave;<\/em> inaugurer&agrave;<span style=\"mso-spacerun:yes\"> <\/span>gli appuntamenti dedicati alla danza con <strong style=\"mso-bidi-font-weight:normal\"><em style=\"mso-bidi-font-style: normal\">Seven<\/em><\/strong>, il nuovo spettacolo del grande coreografo ungherese <\/span><strong><span style=\"mso-bidi-font-size:11.0pt;font-family:&quot;HelveticaNeue-ThinCond&quot;,&quot;sans-serif&quot;; mso-bidi-font-family:HelveticaNeue-ThinCond;mso-bidi-language:IT\">P&aacute;l Fren&aacute;k<\/span><\/strong><span style=\"font-family:&quot;HelveticaNeue-ThinCond&quot;,&quot;sans-serif&quot;;mso-bidi-font-family: HelveticaNeue-ThinCond\">.<\/span><\/p>\n<p class=\"MsoNormal\" style=\"text-align:justify;mso-pagination:none;mso-layout-grid-align: none;text-autospace:none\"><span style=\"mso-bidi-font-size:11.0pt;font-family: &quot;HelveticaNeue-ThinCond&quot;,&quot;sans-serif&quot;;mso-bidi-font-family:HelveticaNeue-ThinCond; mso-bidi-language:IT\">L&rsquo;uso della mimica, del linguaggio dei segni e di movimenti derivati da diverse discipline artistiche (il circo, il teatro, la moda) &egrave; la peculiarit&agrave; della <span style=\"mso-bidi-font-weight:bold\">Compagnia P&aacute;l Fren&aacute;k<\/span> che ha sede a Parigi e a Budapest. P&aacute;l Fren&aacute;k, rientrato in Ungheria nel 1999, &egrave; il coreografo che ha dato un colpo di frusta alla danza del suo Paese. La coreografia di <strong style=\"mso-bidi-font-weight:normal\"><em style=\"mso-bidi-font-style:normal\">Seven<\/em><\/strong>, in particolare, &egrave; ispirata alla giovinezza di Fren&aacute;k: al centro dello spettacolo &egrave; la separazione dalla cultura madre, l&rsquo;inserimento in un nuovo &ldquo;luogo&rdquo;. Quel che interessa all&rsquo;artista &egrave; lo stato intermedio riempito dai dubbi, dove tutto si svela in maniera chiara e distinta solo per brevi istanti, mentre lo spazio scenico e le forme elastiche conferiscono ai danzatori una potenza esplosiva.<\/span><\/p>\n<p class=\"MsoNormal\" style=\"text-align:justify;mso-layout-grid-align:none; text-autospace:none\"><strong style=\"mso-bidi-font-weight: normal\"><span style=\"mso-bidi-font-size:11.0pt;font-family:&quot;HelveticaNeue-ThinCond&quot;,&quot;sans-serif&quot;; mso-bidi-font-family:HelveticaNeue-ThinCond\">Ingresso gratuito con prenotazione obbligatoria.<\/p>\n<p><\/span><\/strong><span style=\"font-family:&quot;HelveticaNeue-ThinCond&quot;,&quot;sans-serif&quot;; mso-bidi-font-family:HelveticaNeue-ThinCond\">Il prossimo appuntamento padovano con Musik&egrave; sar&agrave; <strong style=\"mso-bidi-font-weight:normal\">marted&igrave; 19 giugno<\/strong> in <strong style=\"mso-bidi-font-weight:normal\">Sala dei Giganti al Liviano<\/strong>,<strong style=\"mso-bidi-font-weight:normal\"> <\/strong>con l&rsquo;<strong style=\"mso-bidi-font-weight: normal\">Accademia Bizantina <\/strong>diretta da <strong style=\"mso-bidi-font-weight:normal\">Ottavio Dantone<\/strong> e la partecipazione di <strong style=\"mso-bidi-font-weight:normal\">Lorenzo Lio<\/strong>,<\/span><span style=\"mso-bidi-font-size:13.0pt;font-family:&quot;HelveticaNeue-ThinCond&quot;,&quot;sans-serif&quot;; mso-bidi-font-family:HelveticaNeue-ThinCond\"> che in quella stessa Sala ha vinto nel 2009 il 1&deg; Concorso nazionale di flauto dolce. <\/span><\/p>\n<p class=\"MsoNormal\" style=\"text-align:justify;mso-layout-grid-align:none; text-autospace:none\"><span style=\"font-family:&quot;HelveticaNeue-ThinCond&quot;,&quot;sans-serif&quot;; mso-bidi-font-family:Helvetica-Condensed-Bold\">Ingresso libero e gratuito.<\/span><\/p>\n<p class=\"MsoNormal\" style=\"mso-layout-grid-align:none;text-autospace:none\"><strong style=\"mso-bidi-font-weight:normal\"><span style=\"mso-bidi-font-size:11.0pt; font-family:&quot;HelveticaNeue-ThinCond&quot;,&quot;sans-serif&quot;;mso-bidi-font-family:HelveticaNeue-ThinCond\">Prenotazioni:<\/span><\/strong><span style=\"mso-bidi-font-size:11.0pt;font-family:&quot;HelveticaNeue-ThinCond&quot;,&quot;sans-serif&quot;; mso-bidi-font-family:HelveticaNeue-ThinCond\"><a href=\"http:\/\/www.rassegnamusike.it\"><br \/>www.rassegnamusike.it<\/a><\/span><\/p>\n<p class=\"MsoNormal\" style=\"text-align:justify;mso-layout-grid-align:none; text-autospace:none\"><strong style=\"mso-bidi-font-weight:normal\"><span style=\"mso-bidi-font-size:11.0pt; font-family:&quot;HelveticaNeue-ThinCond&quot;,&quot;sans-serif&quot;;mso-bidi-font-family:HelveticaNeue-ThinCond\">Info<\/span><\/strong><span style=\"font-family:&quot;HelveticaNeue-ThinCond&quot;,&quot;sans-serif&quot;;mso-bidi-font-family: Helvetica-Condensed-Bold\">tel. 049 8234803<\/p>\n<p><\/span><strong style=\"mso-bidi-font-weight:normal\"><em style=\"mso-bidi-font-style:normal\"><span style=\"font-family:&quot;HelveticaNeue-ThinCond&quot;,&quot;sans-serif&quot;; mso-bidi-font-family:Helvetica-Condensed\">Musik&egrave;<\/span><\/em><\/strong><span style=\"font-family:&quot;HelveticaNeue-ThinCond&quot;,&quot;sans-serif&quot;;mso-bidi-font-family: Helvetica-Condensed\"> &egrave; la nuova rassegna di musica, teatro e danza promossa e organizzata dalla <strong style=\"mso-bidi-font-weight:normal\">Fondazione Cassa di Risparmio di Padova e Rovigo<\/strong>. Ventidue date per <strong style=\"mso-bidi-font-weight: normal\">ventiquattro eventi<\/strong> <strong style=\"mso-bidi-font-weight:normal\">a ingresso gratuito<\/strong> che avranno luogo nelle province di Padova e Rovigo<strong style=\"mso-bidi-font-weight:normal\"> da sabato 17 marzo a sabato 15 dicembre 2012<\/strong>. <\/span><strong style=\"mso-bidi-font-weight:normal\"><\/strong><\/p>\n<p class=\"MsoNormal\"><strong style=\"mso-bidi-font-weight:normal\"><span style=\"mso-bidi-font-size:11.0pt; font-family:&quot;HelveticaNeue-ThinCond&quot;,&quot;sans-serif&quot;;mso-bidi-font-family:Helvetica-Condensed\">Musik&egrave; 2012<\/span><\/strong><span style=\"mso-bidi-font-size:11.0pt;font-family:&quot;HelveticaNeue-ThinCond&quot;,&quot;sans-serif&quot;; mso-bidi-font-family:Helvetica-Condensed\"> &egrave; promosso e organizzato da<\/span><strong style=\"mso-bidi-font-weight:normal\"><span style=\"mso-bidi-font-size:11.0pt; font-family:&quot;HelveticaNeue-ThinCond&quot;,&quot;sans-serif&quot;;mso-bidi-font-family:Helvetica-Condensed\"><br \/>Fondazione Cassa di Risparmio Padova e Rovigo<\/span><\/strong><span style=\"mso-bidi-font-size:11.0pt;font-family:&quot;HelveticaNeue-ThinCond&quot;,&quot;sans-serif&quot;; mso-bidi-font-family:Helvetica-Condensed\"><br \/>www.rassegnamusike.it &ndash; info@rassegnamusike.it<br \/>www.facebook.com\/rassegnamusike<\/span><span style=\"font-family:&quot;HelveticaNeue-ThinCond&quot;,&quot;sans-serif&quot;\">tel. 049 8234803 <br \/><\/span><\/p>\n<p class=\"MsoNormal\"><span style=\"mso-bidi-font-size:11.0pt;font-family:&quot;HelveticaNeue-ThinCond&quot;,&quot;sans-serif&quot;; mso-bidi-font-family:Helvetica-Condensed\">Ufficio stampa<\/span><strong style=\"mso-bidi-font-weight:normal\"><span style=\"mso-bidi-font-size:11.0pt;font-family:&quot;HelveticaNeue-ThinCond&quot;,&quot;sans-serif&quot;; mso-bidi-font-family:Helvetica-Condensed\"><br \/>Studio Pierrepi<\/span><\/strong><span style=\"mso-bidi-font-size:11.0pt;font-family:&quot;HelveticaNeue-ThinCond&quot;,&quot;sans-serif&quot;; mso-bidi-font-family:Helvetica-Condensed\"><br \/>Via delle Belle Parti 17 &#8211; 35141 Padova<br \/>mob. (+39) 345 7154654<br \/>e-mail: canella@studiopierrepi.it<br \/>web: www.studiopierrepi.it <\/span><\/p>\n","protected":false},"excerpt":{"rendered":"<p>Primo appuntamento di danza per la rassegna Musik\u00e8 con la compagnia del grande coreografo ungherese P\u00e1l Fren\u00e1k<\/p>\n","protected":false},"author":2,"featured_media":0,"comment_status":"open","ping_status":"open","sticky":false,"template":"","format":"standard","meta":{"_monsterinsights_skip_tracking":false,"_monsterinsights_sitenote_active":false,"_monsterinsights_sitenote_note":"","_monsterinsights_sitenote_category":0,"footnotes":""},"categories":[7603],"tags":[],"class_list":["post-53767","post","type-post","status-publish","format-standard","hentry","category-musica"],"acf":[],"yoast_head":"<!-- This site is optimized with the Yoast SEO plugin v24.6 - https:\/\/yoast.com\/wordpress\/plugins\/seo\/ -->\n<title>Musik\u00e8 si apre alla danza con Seven - area-press.eu - comunicati<\/title>\n<meta name=\"robots\" content=\"index, follow, max-snippet:-1, max-image-preview:large, max-video-preview:-1\" \/>\n<link rel=\"canonical\" href=\"https:\/\/www.area-press.eu\/comunicati\/musike-si-apre-alla-danza-con-seven\/\" \/>\n<meta property=\"og:locale\" content=\"it_IT\" \/>\n<meta property=\"og:type\" content=\"article\" \/>\n<meta property=\"og:title\" content=\"Musik\u00e8 si apre alla danza con Seven - area-press.eu - comunicati\" \/>\n<meta property=\"og:description\" content=\"Primo appuntamento di danza per la rassegna Musik\u00e8 con la compagnia del grande coreografo ungherese P\u00e1l Fren\u00e1k\" \/>\n<meta property=\"og:url\" content=\"https:\/\/www.area-press.eu\/comunicati\/musike-si-apre-alla-danza-con-seven\/\" \/>\n<meta property=\"og:site_name\" content=\"area-press.eu - comunicati\" \/>\n<meta property=\"article:published_time\" content=\"2012-05-14T22:00:00+00:00\" \/>\n<meta property=\"og:image\" content=\"http:\/\/www.studiopierrepi.it\/wp-content\/uploads\/2012\/05\/UdvariSeven141-300x300.jpg\" \/>\n<meta name=\"author\" content=\"Redazione area-press.eu\" \/>\n<meta name=\"twitter:card\" content=\"summary_large_image\" \/>\n<meta name=\"twitter:label1\" content=\"Scritto da\" \/>\n\t<meta name=\"twitter:data1\" content=\"Redazione area-press.eu\" \/>\n\t<meta name=\"twitter:label2\" content=\"Tempo di lettura stimato\" \/>\n\t<meta name=\"twitter:data2\" content=\"2 minuti\" \/>\n<script type=\"application\/ld+json\" class=\"yoast-schema-graph\">{\"@context\":\"https:\/\/schema.org\",\"@graph\":[{\"@type\":\"WebPage\",\"@id\":\"https:\/\/www.area-press.eu\/comunicati\/musike-si-apre-alla-danza-con-seven\/\",\"url\":\"https:\/\/www.area-press.eu\/comunicati\/musike-si-apre-alla-danza-con-seven\/\",\"name\":\"Musik\u00e8 si apre alla danza con Seven - area-press.eu - comunicati\",\"isPartOf\":{\"@id\":\"https:\/\/www.area-press.eu\/comunicati\/#website\"},\"primaryImageOfPage\":{\"@id\":\"https:\/\/www.area-press.eu\/comunicati\/musike-si-apre-alla-danza-con-seven\/#primaryimage\"},\"image\":{\"@id\":\"https:\/\/www.area-press.eu\/comunicati\/musike-si-apre-alla-danza-con-seven\/#primaryimage\"},\"thumbnailUrl\":\"http:\/\/www.studiopierrepi.it\/wp-content\/uploads\/2012\/05\/UdvariSeven141-300x300.jpg\",\"datePublished\":\"2012-05-14T22:00:00+00:00\",\"author\":{\"@id\":\"https:\/\/www.area-press.eu\/comunicati\/#\/schema\/person\/c7a82e1cf7b2d105ee3708fcc74461f4\"},\"breadcrumb\":{\"@id\":\"https:\/\/www.area-press.eu\/comunicati\/musike-si-apre-alla-danza-con-seven\/#breadcrumb\"},\"inLanguage\":\"it-IT\",\"potentialAction\":[{\"@type\":\"ReadAction\",\"target\":[\"https:\/\/www.area-press.eu\/comunicati\/musike-si-apre-alla-danza-con-seven\/\"]}]},{\"@type\":\"ImageObject\",\"inLanguage\":\"it-IT\",\"@id\":\"https:\/\/www.area-press.eu\/comunicati\/musike-si-apre-alla-danza-con-seven\/#primaryimage\",\"url\":\"http:\/\/www.studiopierrepi.it\/wp-content\/uploads\/2012\/05\/UdvariSeven141-300x300.jpg\",\"contentUrl\":\"http:\/\/www.studiopierrepi.it\/wp-content\/uploads\/2012\/05\/UdvariSeven141-300x300.jpg\"},{\"@type\":\"BreadcrumbList\",\"@id\":\"https:\/\/www.area-press.eu\/comunicati\/musike-si-apre-alla-danza-con-seven\/#breadcrumb\",\"itemListElement\":[{\"@type\":\"ListItem\",\"position\":1,\"name\":\"Home\",\"item\":\"https:\/\/www.area-press.eu\/comunicati\/\"},{\"@type\":\"ListItem\",\"position\":2,\"name\":\"Musik\u00e8 si apre alla danza con Seven\"}]},{\"@type\":\"WebSite\",\"@id\":\"https:\/\/www.area-press.eu\/comunicati\/#website\",\"url\":\"https:\/\/www.area-press.eu\/comunicati\/\",\"name\":\"area-press.eu - comunicati\",\"description\":\"Press releases e comunicati stampa\",\"potentialAction\":[{\"@type\":\"SearchAction\",\"target\":{\"@type\":\"EntryPoint\",\"urlTemplate\":\"https:\/\/www.area-press.eu\/comunicati\/?s={search_term_string}\"},\"query-input\":{\"@type\":\"PropertyValueSpecification\",\"valueRequired\":true,\"valueName\":\"search_term_string\"}}],\"inLanguage\":\"it-IT\"},{\"@type\":\"Person\",\"@id\":\"https:\/\/www.area-press.eu\/comunicati\/#\/schema\/person\/c7a82e1cf7b2d105ee3708fcc74461f4\",\"name\":\"Redazione area-press.eu\",\"image\":{\"@type\":\"ImageObject\",\"inLanguage\":\"it-IT\",\"@id\":\"https:\/\/www.area-press.eu\/comunicati\/#\/schema\/person\/image\/\",\"url\":\"https:\/\/secure.gravatar.com\/avatar\/261e5fa13cfbce1e53c026c833f5e36744f89dcb35e4578439e7ced7c9b89537?s=96&d=mm&r=g\",\"contentUrl\":\"https:\/\/secure.gravatar.com\/avatar\/261e5fa13cfbce1e53c026c833f5e36744f89dcb35e4578439e7ced7c9b89537?s=96&d=mm&r=g\",\"caption\":\"Redazione area-press.eu\"},\"url\":\"https:\/\/www.area-press.eu\/comunicati\/author\/redazione-area-press-eu\/\"}]}<\/script>\n<!-- \/ Yoast SEO plugin. -->","yoast_head_json":{"title":"Musik\u00e8 si apre alla danza con Seven - area-press.eu - comunicati","robots":{"index":"index","follow":"follow","max-snippet":"max-snippet:-1","max-image-preview":"max-image-preview:large","max-video-preview":"max-video-preview:-1"},"canonical":"https:\/\/www.area-press.eu\/comunicati\/musike-si-apre-alla-danza-con-seven\/","og_locale":"it_IT","og_type":"article","og_title":"Musik\u00e8 si apre alla danza con Seven - area-press.eu - comunicati","og_description":"Primo appuntamento di danza per la rassegna Musik\u00e8 con la compagnia del grande coreografo ungherese P\u00e1l Fren\u00e1k","og_url":"https:\/\/www.area-press.eu\/comunicati\/musike-si-apre-alla-danza-con-seven\/","og_site_name":"area-press.eu - comunicati","article_published_time":"2012-05-14T22:00:00+00:00","og_image":[{"url":"http:\/\/www.studiopierrepi.it\/wp-content\/uploads\/2012\/05\/UdvariSeven141-300x300.jpg","type":"","width":"","height":""}],"author":"Redazione area-press.eu","twitter_card":"summary_large_image","twitter_misc":{"Scritto da":"Redazione area-press.eu","Tempo di lettura stimato":"2 minuti"},"schema":{"@context":"https:\/\/schema.org","@graph":[{"@type":"WebPage","@id":"https:\/\/www.area-press.eu\/comunicati\/musike-si-apre-alla-danza-con-seven\/","url":"https:\/\/www.area-press.eu\/comunicati\/musike-si-apre-alla-danza-con-seven\/","name":"Musik\u00e8 si apre alla danza con Seven - area-press.eu - comunicati","isPartOf":{"@id":"https:\/\/www.area-press.eu\/comunicati\/#website"},"primaryImageOfPage":{"@id":"https:\/\/www.area-press.eu\/comunicati\/musike-si-apre-alla-danza-con-seven\/#primaryimage"},"image":{"@id":"https:\/\/www.area-press.eu\/comunicati\/musike-si-apre-alla-danza-con-seven\/#primaryimage"},"thumbnailUrl":"http:\/\/www.studiopierrepi.it\/wp-content\/uploads\/2012\/05\/UdvariSeven141-300x300.jpg","datePublished":"2012-05-14T22:00:00+00:00","author":{"@id":"https:\/\/www.area-press.eu\/comunicati\/#\/schema\/person\/c7a82e1cf7b2d105ee3708fcc74461f4"},"breadcrumb":{"@id":"https:\/\/www.area-press.eu\/comunicati\/musike-si-apre-alla-danza-con-seven\/#breadcrumb"},"inLanguage":"it-IT","potentialAction":[{"@type":"ReadAction","target":["https:\/\/www.area-press.eu\/comunicati\/musike-si-apre-alla-danza-con-seven\/"]}]},{"@type":"ImageObject","inLanguage":"it-IT","@id":"https:\/\/www.area-press.eu\/comunicati\/musike-si-apre-alla-danza-con-seven\/#primaryimage","url":"http:\/\/www.studiopierrepi.it\/wp-content\/uploads\/2012\/05\/UdvariSeven141-300x300.jpg","contentUrl":"http:\/\/www.studiopierrepi.it\/wp-content\/uploads\/2012\/05\/UdvariSeven141-300x300.jpg"},{"@type":"BreadcrumbList","@id":"https:\/\/www.area-press.eu\/comunicati\/musike-si-apre-alla-danza-con-seven\/#breadcrumb","itemListElement":[{"@type":"ListItem","position":1,"name":"Home","item":"https:\/\/www.area-press.eu\/comunicati\/"},{"@type":"ListItem","position":2,"name":"Musik\u00e8 si apre alla danza con Seven"}]},{"@type":"WebSite","@id":"https:\/\/www.area-press.eu\/comunicati\/#website","url":"https:\/\/www.area-press.eu\/comunicati\/","name":"area-press.eu - comunicati","description":"Press releases e comunicati stampa","potentialAction":[{"@type":"SearchAction","target":{"@type":"EntryPoint","urlTemplate":"https:\/\/www.area-press.eu\/comunicati\/?s={search_term_string}"},"query-input":{"@type":"PropertyValueSpecification","valueRequired":true,"valueName":"search_term_string"}}],"inLanguage":"it-IT"},{"@type":"Person","@id":"https:\/\/www.area-press.eu\/comunicati\/#\/schema\/person\/c7a82e1cf7b2d105ee3708fcc74461f4","name":"Redazione area-press.eu","image":{"@type":"ImageObject","inLanguage":"it-IT","@id":"https:\/\/www.area-press.eu\/comunicati\/#\/schema\/person\/image\/","url":"https:\/\/secure.gravatar.com\/avatar\/261e5fa13cfbce1e53c026c833f5e36744f89dcb35e4578439e7ced7c9b89537?s=96&d=mm&r=g","contentUrl":"https:\/\/secure.gravatar.com\/avatar\/261e5fa13cfbce1e53c026c833f5e36744f89dcb35e4578439e7ced7c9b89537?s=96&d=mm&r=g","caption":"Redazione area-press.eu"},"url":"https:\/\/www.area-press.eu\/comunicati\/author\/redazione-area-press-eu\/"}]}},"_links":{"self":[{"href":"https:\/\/www.area-press.eu\/comunicati\/wp-json\/wp\/v2\/posts\/53767","targetHints":{"allow":["GET"]}}],"collection":[{"href":"https:\/\/www.area-press.eu\/comunicati\/wp-json\/wp\/v2\/posts"}],"about":[{"href":"https:\/\/www.area-press.eu\/comunicati\/wp-json\/wp\/v2\/types\/post"}],"author":[{"embeddable":true,"href":"https:\/\/www.area-press.eu\/comunicati\/wp-json\/wp\/v2\/users\/2"}],"replies":[{"embeddable":true,"href":"https:\/\/www.area-press.eu\/comunicati\/wp-json\/wp\/v2\/comments?post=53767"}],"version-history":[{"count":0,"href":"https:\/\/www.area-press.eu\/comunicati\/wp-json\/wp\/v2\/posts\/53767\/revisions"}],"wp:attachment":[{"href":"https:\/\/www.area-press.eu\/comunicati\/wp-json\/wp\/v2\/media?parent=53767"}],"wp:term":[{"taxonomy":"category","embeddable":true,"href":"https:\/\/www.area-press.eu\/comunicati\/wp-json\/wp\/v2\/categories?post=53767"},{"taxonomy":"post_tag","embeddable":true,"href":"https:\/\/www.area-press.eu\/comunicati\/wp-json\/wp\/v2\/tags?post=53767"}],"curies":[{"name":"wp","href":"https:\/\/api.w.org\/{rel}","templated":true}]}}