{"id":53118,"date":"2012-04-27T00:00:00","date_gmt":"2012-04-26T22:00:00","guid":{"rendered":"http:\/\/www.area-press.eu\/comunicati\/larte-di-filmare-la-musica-chistopher-nupen-ospite-a-padova-per-impara-larte\/"},"modified":"2012-04-27T00:00:00","modified_gmt":"2012-04-26T22:00:00","slug":"larte-di-filmare-la-musica-chistopher-nupen-ospite-a-padova-per-impara-larte","status":"publish","type":"post","link":"https:\/\/www.area-press.eu\/comunicati\/larte-di-filmare-la-musica-chistopher-nupen-ospite-a-padova-per-impara-larte\/","title":{"rendered":"L\u2019arte di filmare la musica: Chistopher Nupen ospite a Padova per \u201cImpara l\u2019arte\u201d"},"content":{"rendered":"<p><!-- VideographyWP Plugin Message: Automatic video embedding prevented by plugin options. --><\/p>\n<p class=\"MsoNormal\" style=\"margin-bottom: 0.0001pt; line-height: normal;\">Dopo gli straordinari appuntamenti con <strong>Bruno Monsaingeon, Frank Scheffer, Larry Weinstein e Tony Palmer<\/strong> il tradizionale appuntamento all&rsquo;insegna del rapporto tra musica e cinema proposto da &ldquo;Impara l&rsquo;arte&rdquo; &ndash; la Rassegna padovana dedicata agli studenti dell&rsquo;Universit&agrave; giunta quest&rsquo;anno alla undicesima edizione &ndash; sar&agrave; dedicato quest&rsquo;anno a <strong>Chistopher Nupen<\/strong>. Il celebre regista sar&agrave; presente a Padova (dal 4 al 7 giugno 2012, al <strong>Cinema MPX<\/strong> di via Bonporti 22) per la personale a lui dedicata nell&rsquo;ambito del ciclo &ldquo;<strong>L&rsquo;arte di filmare la musica<\/strong>&rdquo;, dove presenter&agrave; alcuni titoli tratti dalla propria filmografia.<\/p>\n<p class=\"MsoNormal\" style=\"margin-bottom: 0.0001pt; line-height: normal;\">La manifestazione &egrave; promossa da <strong>Amici della Musica di Padova, Centro d&rsquo;Arte degli Studenti dell&rsquo;Universit&agrave; di Padova e Orchestra di Padova e del Veneto<\/strong><span> <\/span>con il sostegno di ESU e di Universit&agrave; di Padova, cui si affiancano l&rsquo;Assessorato alla Cultura del Comune di Padova e Fondazione Antonveneta.<\/p>\n<p class=\"MsoNormal\" style=\"margin-bottom: 0.0001pt; line-height: normal;\"><strong><span>Christopher Nupen<\/span><\/strong><span> &egrave; un regista specializzatosi in documentari biografici sulla musica e sui musicisti.<\/span><\/p>\n<p class=\"MsoNormal\" style=\"margin-bottom: 0.0001pt; line-height: normal;\"><span>Nato in Sud Africa in una famiglia di discendenza norvegese &ndash; suo padre E.P. &ldquo;Buster&rdquo; Nupen (1902-1977) fu un famoso giocatore di cricket &ndash; risiede da molti anni in Gran Bretagna.<\/span><\/p>\n<p class=\"MsoNormal\" style=\"margin-bottom: 0.0001pt; line-height: normal;\"><span>Dopo aver studiato legge all&rsquo;Universit&agrave;, si trasfer&igrave; in Gran Bretagna per lavorare nel settore bancario e specializzarsi successivamente come ingegnere del suono per la BBC.<\/span><\/p>\n<p class=\"MsoNormal\" style=\"margin-bottom: 0.0001pt; line-height: normal;\"><span>Nel 1962 gir&ograve; <strong><em>High Festival<\/em><\/strong> In Siena sui corsi estivi all&rsquo;Accademia Musicale Chigiana di Siena, per la BBC Radio Tre, e fu successivamente invitato da Huw Weldon come film-maker per la BBC. <\/span><\/p>\n<p class=\"MsoNormal\" style=\"margin-bottom: 0.0001pt; line-height: normal;\"><span>Utilizzando le tecniche pi&ugrave; recenti, ha creato un nuovo, intimo stile di film biografico, iniziando con il Doppio Concerto del 1966,<span> <\/span>con la partecipazione di <strong>Vladimir Ashkenazy <\/strong>e<strong> Daniel Barenboim<\/strong>.<\/span><\/p>\n<p class=\"MsoNormal\" style=\"margin-bottom: 0.0001pt; line-height: normal;\"><span>Nel 1968 ha co-fondato <strong>Allegro Film, <\/strong>una delle prime compagnie indipendenti di produzione televisiva in Gran Bretagna. Ha lavorato in oltre 70 film e produzioni televisive che riguardano la musica.<\/span><\/p>\n<p class=\"MsoNormal\" style=\"margin-bottom: 0.0001pt; line-height: normal;\"><strong><em><span>La Trota<\/span><\/em><\/strong><span>, il suo film sull&rsquo;esecuzione dell&rsquo;omonimo quintetto di Schubert, con <strong>Jacqueline du Pr&egrave;, Daniel Barenboim, Itzhak Perlman, Pinchas Zuckerman e Zubin Metha<\/strong>, del 30 agosto 1969 al Queen Elizabeth Hall di Londra, &egrave; diventato un punto di riferimento per le trasmissioni video di musica classica.<\/span><\/p>\n<p class=\"MsoNormal\" style=\"margin-bottom: 0.0001pt; line-height: normal;\"><span>La sua stretta collaborazione e amicizia con molti dei musicisti coinvolti nei suoi film, gli ha permesso di trasmettere lo spirito pi&ugrave; autentico del lavoro degli artisti, come avviene ad esempio in <strong><em>Ritratto di Jacqueline Du Pr&eacute;<\/em><\/strong>.<\/span><\/p>\n<p class=\"MsoNormal\" style=\"margin-bottom: 0.0001pt; line-height: normal;\"><span>Le indagini sulla vita e il lavoro dei compositori hanno avuto una parte di rilievo nei suoi lavori, in particolare nei film su Paganini, Sibelius e Schubert.<\/span><\/p>\n<p class=\"MsoNormal\" style=\"margin-bottom: 0.0001pt; line-height: normal;\"><span>Il suo film del 2004 <strong><em>We Want The Light <\/em><\/strong>esplora il significato della musica nell&rsquo;esperienza umana, focalizzandosi nella relazione tra Ebrei e Tedeschi.<\/span><\/p>\n<p class=\"MsoNormal\" style=\"margin-bottom: 0.0001pt; line-height: normal;\"><span>Per maggiori informazioni: <\/span><a href=\"http:\/\/www.allegrofilms.com\/\"><span>www.allegrofilms.com<\/span><\/a><\/p>\n<p class=\"MsoNormal\" style=\"margin-bottom: 0.0001pt; line-height: normal;\"><span> <\/span><\/p>\n<p class=\"MsoNormal\"><span>I film presentati seguiranno il seguente programma:<\/span><\/p>\n<p class=\"MsoNormal\" style=\"margin-bottom: 0.0001pt; line-height: normal;\"><strong>Luned&igrave; 4 giugno, ore 20.15<\/strong><\/p>\n<p class=\"MsoNormal\" style=\"margin-bottom: 0.0001pt; line-height: normal;\"><em>Jacqueline du Pr&eacute;<\/em>.<\/p>\n<p class=\"MsoNormal\" style=\"margin-bottom: 0.0001pt; line-height: normal;\">Selezione di scene tratte dai film sulla grande violoncellista inglese<\/p>\n<p class=\"MsoNormal\" style=\"margin-bottom: 0.0001pt; line-height: normal;\">Con presentazione del regista<\/p>\n<p class=\"MsoNormal\" style=\"margin-bottom: 0.0001pt; line-height: normal;\">\n<p class=\"MsoNormal\" style=\"margin-bottom: 0.0001pt; line-height: normal;\"><strong>Marted&igrave; 5 giugno, ore 20.15<\/strong><\/p>\n<p class=\"MsoNormal\" style=\"margin-bottom: 0.0001pt; line-height: normal;\"><em>Gli esecutori<\/em><\/p>\n<p class=\"MsoNormal\" style=\"margin-bottom: 0.0001pt; line-height: normal;\">Una selezione di scene tratte dai film su: Jacqueline du Pr&eacute;, Vladimir Ashkenazy, Daniel Baremboim, Andr&eacute;s Segovia, Itzhak Perlman, Pinchas Zukerman, Zubin Mehta, Placido Domingo, Evgeni Kissin, Nathan Milstein, Gidon Kremer, Karim Said, Alice Sommer Herz.<\/p>\n<p class=\"MsoNormal\" style=\"margin-bottom: 0.0001pt; line-height: normal;\">Con presentazione del regista<\/p>\n<p class=\"MsoNormal\" style=\"margin-bottom: 0.0001pt; line-height: normal;\">\n<p class=\"MsoNormal\" style=\"margin-bottom: 0.0001pt; line-height: normal;\"><strong>Mercoled&igrave; 6 giugno, ore 20.15<\/strong><\/p>\n<p class=\"MsoNormal\" style=\"margin-bottom: 0.0001pt; line-height: normal;\"><em>I Compositori<\/em><\/p>\n<p class=\"MsoNormal\" style=\"margin-bottom: 0.0001pt; line-height: normal;\">Una selezione di scene tratte dai film su: Ottorino Respighi, Ernesto Halffter, Jean Sibelius, Astor Piazzolla, Franz Schubert, Pyotr Illch Tchaikovsky, Nicol&ograve; Paganini<\/p>\n<p class=\"MsoNormal\" style=\"margin-bottom: 0.0001pt; line-height: normal;\">Con presentazione del regista<\/p>\n<p class=\"MsoNormal\" style=\"margin-bottom: 0.0001pt; line-height: normal;\">\n<p class=\"MsoNormal\" style=\"margin-bottom: 0.0001pt; line-height: normal;\"><strong>Gioved&igrave; 7 giugno, ore 20.15<\/strong><\/p>\n<p class=\"MsoNormal\" style=\"margin-bottom: 0.0001pt; line-height: normal;\"><em><span lang=\"EN-US\">Franz Peter Schubert: The greatest love and the greatest sorrow<\/span><\/em><span lang=\"EN-US\"> (1994),<\/span><\/p>\n<p class=\"MsoNormal\" style=\"margin-bottom: 0.0001pt; line-height: normal;\"><em>Ghost<\/em> (1970)<\/p>\n<p class=\"MsoNormal\" style=\"margin-bottom: 0.0001pt; line-height: normal;\">Proiezione integrale dei film<\/p>\n<p class=\"MsoNormal\" style=\"margin-bottom: 0.0001pt; line-height: normal;\">Il trio op.70 n.1 &ldquo;Gli spettri&rdquo; di L.v. Beethoven nell&rsquo;esecuzione di Pinchas Zukerman, Jacqueline du Pr&eacute; e Daniel Baremboim.<\/p>\n<p class=\"MsoNormal\" style=\"margin-bottom: 0.0001pt; line-height: normal;\">Con presentazione del regista<\/p>\n<p class=\"MsoNormal\" style=\"margin-bottom: 0.0001pt; line-height: normal;\">\n<p class=\"MsoNormal\" style=\"margin-bottom: 0.0001pt; line-height: normal;\"><strong>Biglietti: <\/strong>&euro; 5 intero, &euro; 3 ridotto speciale per studenti universitari<\/p>\n<p class=\"MsoNormal\" style=\"margin-bottom: 0.0001pt; line-height: normal;\"><strong>Info e programma<\/strong>: Orchestra di Padova e del Veneto, tel. 049.656848, www.imparalartepadova.it.<\/p>\n","protected":false},"excerpt":{"rendered":"<p>Da luned\u00ec 4 a gioved\u00ec 7 giugno 2012 al cinema MPX di Padova ci sar\u00e0 la personale del grande regista britannico. L\u2019appuntamento si svolge nell\u2019ambito di Impara l\u2019arte, promossa da AdM, Centro d\u2019Arte degli Studenti dell\u2019Universit\u00e0 di Padova, e OPV<\/p>\n","protected":false},"author":2,"featured_media":0,"comment_status":"open","ping_status":"open","sticky":false,"template":"","format":"standard","meta":{"_monsterinsights_skip_tracking":false,"_monsterinsights_sitenote_active":false,"_monsterinsights_sitenote_note":"","_monsterinsights_sitenote_category":0,"footnotes":""},"categories":[7603],"tags":[],"class_list":["post-53118","post","type-post","status-publish","format-standard","hentry","category-musica"],"acf":[],"yoast_head":"<!-- This site is optimized with the Yoast SEO plugin v24.6 - https:\/\/yoast.com\/wordpress\/plugins\/seo\/ -->\n<title>L\u2019arte di filmare la musica: Chistopher Nupen ospite a Padova per \u201cImpara l\u2019arte\u201d - area-press.eu - comunicati<\/title>\n<meta name=\"robots\" content=\"index, follow, max-snippet:-1, max-image-preview:large, max-video-preview:-1\" \/>\n<link rel=\"canonical\" href=\"https:\/\/www.area-press.eu\/comunicati\/larte-di-filmare-la-musica-chistopher-nupen-ospite-a-padova-per-impara-larte\/\" \/>\n<meta property=\"og:locale\" content=\"it_IT\" \/>\n<meta property=\"og:type\" content=\"article\" \/>\n<meta property=\"og:title\" content=\"L\u2019arte di filmare la musica: Chistopher Nupen ospite a Padova per \u201cImpara l\u2019arte\u201d - area-press.eu - comunicati\" \/>\n<meta property=\"og:description\" content=\"Da luned\u00ec 4 a gioved\u00ec 7 giugno 2012 al cinema MPX di Padova ci sar\u00e0 la personale del grande regista britannico. L\u2019appuntamento si svolge nell\u2019ambito di Impara l\u2019arte, promossa da AdM, Centro d\u2019Arte degli Studenti dell\u2019Universit\u00e0 di Padova, e OPV\" \/>\n<meta property=\"og:url\" content=\"https:\/\/www.area-press.eu\/comunicati\/larte-di-filmare-la-musica-chistopher-nupen-ospite-a-padova-per-impara-larte\/\" \/>\n<meta property=\"og:site_name\" content=\"area-press.eu - comunicati\" \/>\n<meta property=\"article:published_time\" content=\"2012-04-26T22:00:00+00:00\" \/>\n<meta name=\"author\" content=\"Redazione area-press.eu\" \/>\n<meta name=\"twitter:card\" content=\"summary_large_image\" \/>\n<meta name=\"twitter:label1\" content=\"Scritto da\" \/>\n\t<meta name=\"twitter:data1\" content=\"Redazione area-press.eu\" \/>\n\t<meta name=\"twitter:label2\" content=\"Tempo di lettura stimato\" \/>\n\t<meta name=\"twitter:data2\" content=\"3 minuti\" \/>\n<script type=\"application\/ld+json\" class=\"yoast-schema-graph\">{\"@context\":\"https:\/\/schema.org\",\"@graph\":[{\"@type\":\"WebPage\",\"@id\":\"https:\/\/www.area-press.eu\/comunicati\/larte-di-filmare-la-musica-chistopher-nupen-ospite-a-padova-per-impara-larte\/\",\"url\":\"https:\/\/www.area-press.eu\/comunicati\/larte-di-filmare-la-musica-chistopher-nupen-ospite-a-padova-per-impara-larte\/\",\"name\":\"L\u2019arte di filmare la musica: Chistopher Nupen ospite a Padova per \u201cImpara l\u2019arte\u201d - area-press.eu - comunicati\",\"isPartOf\":{\"@id\":\"https:\/\/www.area-press.eu\/comunicati\/#website\"},\"datePublished\":\"2012-04-26T22:00:00+00:00\",\"author\":{\"@id\":\"https:\/\/www.area-press.eu\/comunicati\/#\/schema\/person\/c7a82e1cf7b2d105ee3708fcc74461f4\"},\"breadcrumb\":{\"@id\":\"https:\/\/www.area-press.eu\/comunicati\/larte-di-filmare-la-musica-chistopher-nupen-ospite-a-padova-per-impara-larte\/#breadcrumb\"},\"inLanguage\":\"it-IT\",\"potentialAction\":[{\"@type\":\"ReadAction\",\"target\":[\"https:\/\/www.area-press.eu\/comunicati\/larte-di-filmare-la-musica-chistopher-nupen-ospite-a-padova-per-impara-larte\/\"]}]},{\"@type\":\"BreadcrumbList\",\"@id\":\"https:\/\/www.area-press.eu\/comunicati\/larte-di-filmare-la-musica-chistopher-nupen-ospite-a-padova-per-impara-larte\/#breadcrumb\",\"itemListElement\":[{\"@type\":\"ListItem\",\"position\":1,\"name\":\"Home\",\"item\":\"https:\/\/www.area-press.eu\/comunicati\/\"},{\"@type\":\"ListItem\",\"position\":2,\"name\":\"L\u2019arte di filmare la musica: Chistopher Nupen ospite a Padova per \u201cImpara l\u2019arte\u201d\"}]},{\"@type\":\"WebSite\",\"@id\":\"https:\/\/www.area-press.eu\/comunicati\/#website\",\"url\":\"https:\/\/www.area-press.eu\/comunicati\/\",\"name\":\"area-press.eu - comunicati\",\"description\":\"Press releases e comunicati stampa\",\"potentialAction\":[{\"@type\":\"SearchAction\",\"target\":{\"@type\":\"EntryPoint\",\"urlTemplate\":\"https:\/\/www.area-press.eu\/comunicati\/?s={search_term_string}\"},\"query-input\":{\"@type\":\"PropertyValueSpecification\",\"valueRequired\":true,\"valueName\":\"search_term_string\"}}],\"inLanguage\":\"it-IT\"},{\"@type\":\"Person\",\"@id\":\"https:\/\/www.area-press.eu\/comunicati\/#\/schema\/person\/c7a82e1cf7b2d105ee3708fcc74461f4\",\"name\":\"Redazione area-press.eu\",\"image\":{\"@type\":\"ImageObject\",\"inLanguage\":\"it-IT\",\"@id\":\"https:\/\/www.area-press.eu\/comunicati\/#\/schema\/person\/image\/\",\"url\":\"https:\/\/secure.gravatar.com\/avatar\/261e5fa13cfbce1e53c026c833f5e36744f89dcb35e4578439e7ced7c9b89537?s=96&d=mm&r=g\",\"contentUrl\":\"https:\/\/secure.gravatar.com\/avatar\/261e5fa13cfbce1e53c026c833f5e36744f89dcb35e4578439e7ced7c9b89537?s=96&d=mm&r=g\",\"caption\":\"Redazione area-press.eu\"},\"url\":\"https:\/\/www.area-press.eu\/comunicati\/author\/redazione-area-press-eu\/\"}]}<\/script>\n<!-- \/ Yoast SEO plugin. -->","yoast_head_json":{"title":"L\u2019arte di filmare la musica: Chistopher Nupen ospite a Padova per \u201cImpara l\u2019arte\u201d - area-press.eu - comunicati","robots":{"index":"index","follow":"follow","max-snippet":"max-snippet:-1","max-image-preview":"max-image-preview:large","max-video-preview":"max-video-preview:-1"},"canonical":"https:\/\/www.area-press.eu\/comunicati\/larte-di-filmare-la-musica-chistopher-nupen-ospite-a-padova-per-impara-larte\/","og_locale":"it_IT","og_type":"article","og_title":"L\u2019arte di filmare la musica: Chistopher Nupen ospite a Padova per \u201cImpara l\u2019arte\u201d - area-press.eu - comunicati","og_description":"Da luned\u00ec 4 a gioved\u00ec 7 giugno 2012 al cinema MPX di Padova ci sar\u00e0 la personale del grande regista britannico. L\u2019appuntamento si svolge nell\u2019ambito di Impara l\u2019arte, promossa da AdM, Centro d\u2019Arte degli Studenti dell\u2019Universit\u00e0 di Padova, e OPV","og_url":"https:\/\/www.area-press.eu\/comunicati\/larte-di-filmare-la-musica-chistopher-nupen-ospite-a-padova-per-impara-larte\/","og_site_name":"area-press.eu - comunicati","article_published_time":"2012-04-26T22:00:00+00:00","author":"Redazione area-press.eu","twitter_card":"summary_large_image","twitter_misc":{"Scritto da":"Redazione area-press.eu","Tempo di lettura stimato":"3 minuti"},"schema":{"@context":"https:\/\/schema.org","@graph":[{"@type":"WebPage","@id":"https:\/\/www.area-press.eu\/comunicati\/larte-di-filmare-la-musica-chistopher-nupen-ospite-a-padova-per-impara-larte\/","url":"https:\/\/www.area-press.eu\/comunicati\/larte-di-filmare-la-musica-chistopher-nupen-ospite-a-padova-per-impara-larte\/","name":"L\u2019arte di filmare la musica: Chistopher Nupen ospite a Padova per \u201cImpara l\u2019arte\u201d - area-press.eu - comunicati","isPartOf":{"@id":"https:\/\/www.area-press.eu\/comunicati\/#website"},"datePublished":"2012-04-26T22:00:00+00:00","author":{"@id":"https:\/\/www.area-press.eu\/comunicati\/#\/schema\/person\/c7a82e1cf7b2d105ee3708fcc74461f4"},"breadcrumb":{"@id":"https:\/\/www.area-press.eu\/comunicati\/larte-di-filmare-la-musica-chistopher-nupen-ospite-a-padova-per-impara-larte\/#breadcrumb"},"inLanguage":"it-IT","potentialAction":[{"@type":"ReadAction","target":["https:\/\/www.area-press.eu\/comunicati\/larte-di-filmare-la-musica-chistopher-nupen-ospite-a-padova-per-impara-larte\/"]}]},{"@type":"BreadcrumbList","@id":"https:\/\/www.area-press.eu\/comunicati\/larte-di-filmare-la-musica-chistopher-nupen-ospite-a-padova-per-impara-larte\/#breadcrumb","itemListElement":[{"@type":"ListItem","position":1,"name":"Home","item":"https:\/\/www.area-press.eu\/comunicati\/"},{"@type":"ListItem","position":2,"name":"L\u2019arte di filmare la musica: Chistopher Nupen ospite a Padova per \u201cImpara l\u2019arte\u201d"}]},{"@type":"WebSite","@id":"https:\/\/www.area-press.eu\/comunicati\/#website","url":"https:\/\/www.area-press.eu\/comunicati\/","name":"area-press.eu - comunicati","description":"Press releases e comunicati stampa","potentialAction":[{"@type":"SearchAction","target":{"@type":"EntryPoint","urlTemplate":"https:\/\/www.area-press.eu\/comunicati\/?s={search_term_string}"},"query-input":{"@type":"PropertyValueSpecification","valueRequired":true,"valueName":"search_term_string"}}],"inLanguage":"it-IT"},{"@type":"Person","@id":"https:\/\/www.area-press.eu\/comunicati\/#\/schema\/person\/c7a82e1cf7b2d105ee3708fcc74461f4","name":"Redazione area-press.eu","image":{"@type":"ImageObject","inLanguage":"it-IT","@id":"https:\/\/www.area-press.eu\/comunicati\/#\/schema\/person\/image\/","url":"https:\/\/secure.gravatar.com\/avatar\/261e5fa13cfbce1e53c026c833f5e36744f89dcb35e4578439e7ced7c9b89537?s=96&d=mm&r=g","contentUrl":"https:\/\/secure.gravatar.com\/avatar\/261e5fa13cfbce1e53c026c833f5e36744f89dcb35e4578439e7ced7c9b89537?s=96&d=mm&r=g","caption":"Redazione area-press.eu"},"url":"https:\/\/www.area-press.eu\/comunicati\/author\/redazione-area-press-eu\/"}]}},"_links":{"self":[{"href":"https:\/\/www.area-press.eu\/comunicati\/wp-json\/wp\/v2\/posts\/53118","targetHints":{"allow":["GET"]}}],"collection":[{"href":"https:\/\/www.area-press.eu\/comunicati\/wp-json\/wp\/v2\/posts"}],"about":[{"href":"https:\/\/www.area-press.eu\/comunicati\/wp-json\/wp\/v2\/types\/post"}],"author":[{"embeddable":true,"href":"https:\/\/www.area-press.eu\/comunicati\/wp-json\/wp\/v2\/users\/2"}],"replies":[{"embeddable":true,"href":"https:\/\/www.area-press.eu\/comunicati\/wp-json\/wp\/v2\/comments?post=53118"}],"version-history":[{"count":0,"href":"https:\/\/www.area-press.eu\/comunicati\/wp-json\/wp\/v2\/posts\/53118\/revisions"}],"wp:attachment":[{"href":"https:\/\/www.area-press.eu\/comunicati\/wp-json\/wp\/v2\/media?parent=53118"}],"wp:term":[{"taxonomy":"category","embeddable":true,"href":"https:\/\/www.area-press.eu\/comunicati\/wp-json\/wp\/v2\/categories?post=53118"},{"taxonomy":"post_tag","embeddable":true,"href":"https:\/\/www.area-press.eu\/comunicati\/wp-json\/wp\/v2\/tags?post=53118"}],"curies":[{"name":"wp","href":"https:\/\/api.w.org\/{rel}","templated":true}]}}