{"id":51761,"date":"2012-03-22T00:00:00","date_gmt":"2012-03-21T23:00:00","guid":{"rendered":"http:\/\/www.area-press.eu\/comunicati\/takacs-nagy-un-direttore-allenatore-per-lopv\/"},"modified":"2012-03-22T00:00:00","modified_gmt":"2012-03-21T23:00:00","slug":"takacs-nagy-un-direttore-allenatore-per-lopv","status":"publish","type":"post","link":"https:\/\/www.area-press.eu\/comunicati\/takacs-nagy-un-direttore-allenatore-per-lopv\/","title":{"rendered":"TAK\u00c1CS-NAGY: UN DIRETTORE-ALLENATORE PER L\u2019OPV"},"content":{"rendered":"<p><!-- VideographyWP Plugin Message: Automatic video embedding prevented by plugin options. --><\/p>\n<p class=\"MsoNormal\"><span style=\"font-size: 11pt; font-family: \">La ricca stagione dell&rsquo; OPV continua con l&rsquo;eccezionale presenza del direttore ungherese <strong><span style=\"font-family: \">G&aacute;bor Tak&aacute;cs-Nagy <\/span><\/strong>che, al suo debutto sul podio di un&rsquo;orchestra italiana, proporr&agrave; un programma incentrato sulla Sinfonia n. 40 in sol minore K 550 di <strong><span style=\"font-family: \">W.A. Mozart<\/span><\/strong>, capolavoro tra i pi&ugrave; amati di ogni tempo, eseguita insieme alla Suite per orchestra d&rsquo;archi di <strong><span style=\"font-family: \">L. Janacek<\/span><\/strong>, all&rsquo; Ouverture de <em><span style=\"font-family: \">Il signor Bruschino <\/span><\/em>di <strong><span style=\"font-family: \">G. Rossini<\/span><\/strong> e alla Sinfonia n. 1 di <strong><span style=\"font-family: \">G. Bizet<\/span><\/strong>. L&#8217;appuntamento &egrave; all&#8217;Auditorium Pollini i<\/span><span style=\"font-size: 11pt; font-family: \">l 22 e 23 marzo 2012 alle 20.15<\/span><span style=\"font-size: 11pt; font-family: \">.<\/span><\/p>\n<p class=\"MsoNormal\"><span style=\"font-size: 11pt; font-family: \"> <\/span><\/p>\n<p class=\"MsoNormal\"><span style=\"font-size: 11pt; font-family: \">Un&#8217; esecuzione che <\/span><span style=\"font-size: 11pt; font-family: \">potr&agrave; interessare<\/span><span style=\"font-size: 11pt; font-family: \"> non solo gli amanti della musica classica, ma anche<\/span><span style=\"font-size: 11pt; font-family: \">, e curiosamente,<\/span><span style=\"font-size: 11pt; font-family: \"> i tifosi di calcio.<\/span><span style=\"font-size: 11pt; font-family: \"> <\/span><span style=\"font-size: 11pt; font-family: \">&laquo;La musica e il calcio sono molto simili&raquo; <\/span><span style=\"font-size: 11pt; font-family: \">ha <\/span><span style=\"font-size: 11pt; font-family: \">dichiara<\/span><span style=\"font-size: 11pt; font-family: \">to<\/span><span style=\"font-size: 11pt; font-family: \"> <\/span><span style=\"font-size: 11pt; font-family: \">il maestro, neo-direttore della Camerata Manchester e tifoso del Manchester United, in una recente intervista alla rivista Gramophone, <\/span><span style=\"font-size: 11pt; font-family: \">illustrando la convinzione che la musica e il calcio siano parti di uno stesso<\/span><span style=\"font-size: 11pt; font-family: \">,<\/span><span style=\"font-size: 11pt; font-family: \"> magnifico gioco.<\/span><span style=\"font-size: 11pt; font-family: \"> <\/span><span style=\"font-size: 11pt; font-family: \">Dobbiamo aspettarci da questo concerto uno scontro tra squadre opposte? Certamente no<\/span><span style=\"font-size: 11pt; font-family: \">:<\/span><span style=\"font-size: 11pt; font-family: \"> d<\/span><span style=\"font-size: 11pt; font-family: \">e<\/span><span style=\"font-size: 11pt; font-family: \">l paragone con lo sport Tak&aacute;cs coglie infatti <\/span><span style=\"font-size: 11pt; font-family: \">il <\/span><span style=\"font-size: 11pt; font-family: \">senso pi&ugrave; alto, ossia il gioco di squadra: &laquo;Con le migliori squadre di calcio, come con i migliori musicisti da camera, gli individui nel gruppo rendono gli altri attorno a loro dei giocatori migliori collettivamente&raquo;.<\/span><\/p>\n<p class=\"MsoNormal\"><span style=\"font-size: 11pt; font-family: \"> <\/span><\/p>\n<p><span style=\"font-size: 11pt; font-family: \">Tak&aacute;cs-Nagy, violinista oltre che direttore, &egrave; fondatore e primo violino del celebre Quartetto Tak&aacute;cs, tra le formazioni cameristiche europee di maggior rilievo. Dal 2001 dedica energie e spazio crescenti alla direzione d&rsquo;orchestra ed &egrave; ospite di importanti orchestre, tra le quali Irish Chamber Orchestra, Verbier Festival Chamber Orchestra, Budapest Festival Orchestra, Camerata Freiburg, Tapiola Sinfonietta. Nel 2005 costituisce a Ginevra la propria orchestra d&rsquo;archi, la Camerata Bellerive, mentre dal 2007 &egrave; direttore musicale della Verbier Festival Chamber Orchestra. Pi&ugrave; recenti sono gli incarichi di direttore dell&rsquo;Orchestra Sinfonica MAV di Budapest e della Camerata Manchester, una delle principali orchestre da camera della Gran Bretagna. Dirige regolarmente la Budapest Festival Orchestra, di cui sar&agrave; Primo Direttore dal settembre 2012.<\/span><\/p>\n<p><span style=\"font-size: 11pt; font-family: \">I due concerti saranno anticipati dalla <strong><span style=\"font-family: \">prova generale <\/span><\/strong>aperta al pubblico di gioved&igrave; 22, sempre all&rsquo;Auditorium Pollini alle 10.30.<\/span><\/p>\n<p><span style=\"font-size: 11pt; font-family: \">Biglietti: 8-20&euro; (concerto), 3-5&euro; (prova). Info: <a href=\"http:\/\/www.opvorchestra.it\/\">www.opvorchestra.it<\/a>, tel. 049 656848.<\/span><\/p>\n","protected":false},"excerpt":{"rendered":"<p>L\u2019ungherese G\u00e1bor Tak\u00e1cs-Nagy per la prima volta sul podio di un&#8217;orchestra italiana, gioved\u00ec 22 e venerd\u00ec 23 marzo alle 20.15 all&#8217;Auditorium Pollini. Neo-direttore della Camerata Manchester e appassionato tifoso del Manchester United, vive la musica<\/p>\n","protected":false},"author":2,"featured_media":0,"comment_status":"open","ping_status":"open","sticky":false,"template":"","format":"standard","meta":{"_monsterinsights_skip_tracking":false,"_monsterinsights_sitenote_active":false,"_monsterinsights_sitenote_note":"","_monsterinsights_sitenote_category":0,"footnotes":""},"categories":[7603],"tags":[],"class_list":["post-51761","post","type-post","status-publish","format-standard","hentry","category-musica"],"acf":[],"yoast_head":"<!-- This site is optimized with the Yoast SEO plugin v24.6 - https:\/\/yoast.com\/wordpress\/plugins\/seo\/ -->\n<title>TAK\u00c1CS-NAGY: UN DIRETTORE-ALLENATORE PER L\u2019OPV - area-press.eu - comunicati<\/title>\n<meta name=\"robots\" content=\"index, follow, max-snippet:-1, max-image-preview:large, max-video-preview:-1\" \/>\n<link rel=\"canonical\" href=\"https:\/\/www.area-press.eu\/comunicati\/takacs-nagy-un-direttore-allenatore-per-lopv\/\" \/>\n<meta property=\"og:locale\" content=\"it_IT\" \/>\n<meta property=\"og:type\" content=\"article\" \/>\n<meta property=\"og:title\" content=\"TAK\u00c1CS-NAGY: UN DIRETTORE-ALLENATORE PER L\u2019OPV - area-press.eu - comunicati\" \/>\n<meta property=\"og:description\" content=\"L\u2019ungherese G\u00e1bor Tak\u00e1cs-Nagy per la prima volta sul podio di un&#039;orchestra italiana, gioved\u00ec 22 e venerd\u00ec 23 marzo alle 20.15 all&#039;Auditorium Pollini. Neo-direttore della Camerata Manchester e appassionato tifoso del Manchester United, vive la musica\" \/>\n<meta property=\"og:url\" content=\"https:\/\/www.area-press.eu\/comunicati\/takacs-nagy-un-direttore-allenatore-per-lopv\/\" \/>\n<meta property=\"og:site_name\" content=\"area-press.eu - comunicati\" \/>\n<meta property=\"article:published_time\" content=\"2012-03-21T23:00:00+00:00\" \/>\n<meta name=\"author\" content=\"Redazione area-press.eu\" \/>\n<meta name=\"twitter:card\" content=\"summary_large_image\" \/>\n<meta name=\"twitter:label1\" content=\"Scritto da\" \/>\n\t<meta name=\"twitter:data1\" content=\"Redazione area-press.eu\" \/>\n\t<meta name=\"twitter:label2\" content=\"Tempo di lettura stimato\" \/>\n\t<meta name=\"twitter:data2\" content=\"2 minuti\" \/>\n<script type=\"application\/ld+json\" class=\"yoast-schema-graph\">{\"@context\":\"https:\/\/schema.org\",\"@graph\":[{\"@type\":\"WebPage\",\"@id\":\"https:\/\/www.area-press.eu\/comunicati\/takacs-nagy-un-direttore-allenatore-per-lopv\/\",\"url\":\"https:\/\/www.area-press.eu\/comunicati\/takacs-nagy-un-direttore-allenatore-per-lopv\/\",\"name\":\"TAK\u00c1CS-NAGY: UN DIRETTORE-ALLENATORE PER L\u2019OPV - area-press.eu - comunicati\",\"isPartOf\":{\"@id\":\"https:\/\/www.area-press.eu\/comunicati\/#website\"},\"datePublished\":\"2012-03-21T23:00:00+00:00\",\"author\":{\"@id\":\"https:\/\/www.area-press.eu\/comunicati\/#\/schema\/person\/c7a82e1cf7b2d105ee3708fcc74461f4\"},\"breadcrumb\":{\"@id\":\"https:\/\/www.area-press.eu\/comunicati\/takacs-nagy-un-direttore-allenatore-per-lopv\/#breadcrumb\"},\"inLanguage\":\"it-IT\",\"potentialAction\":[{\"@type\":\"ReadAction\",\"target\":[\"https:\/\/www.area-press.eu\/comunicati\/takacs-nagy-un-direttore-allenatore-per-lopv\/\"]}]},{\"@type\":\"BreadcrumbList\",\"@id\":\"https:\/\/www.area-press.eu\/comunicati\/takacs-nagy-un-direttore-allenatore-per-lopv\/#breadcrumb\",\"itemListElement\":[{\"@type\":\"ListItem\",\"position\":1,\"name\":\"Home\",\"item\":\"https:\/\/www.area-press.eu\/comunicati\/\"},{\"@type\":\"ListItem\",\"position\":2,\"name\":\"TAK\u00c1CS-NAGY: UN DIRETTORE-ALLENATORE PER L\u2019OPV\"}]},{\"@type\":\"WebSite\",\"@id\":\"https:\/\/www.area-press.eu\/comunicati\/#website\",\"url\":\"https:\/\/www.area-press.eu\/comunicati\/\",\"name\":\"area-press.eu - comunicati\",\"description\":\"Press releases e comunicati stampa\",\"potentialAction\":[{\"@type\":\"SearchAction\",\"target\":{\"@type\":\"EntryPoint\",\"urlTemplate\":\"https:\/\/www.area-press.eu\/comunicati\/?s={search_term_string}\"},\"query-input\":{\"@type\":\"PropertyValueSpecification\",\"valueRequired\":true,\"valueName\":\"search_term_string\"}}],\"inLanguage\":\"it-IT\"},{\"@type\":\"Person\",\"@id\":\"https:\/\/www.area-press.eu\/comunicati\/#\/schema\/person\/c7a82e1cf7b2d105ee3708fcc74461f4\",\"name\":\"Redazione area-press.eu\",\"image\":{\"@type\":\"ImageObject\",\"inLanguage\":\"it-IT\",\"@id\":\"https:\/\/www.area-press.eu\/comunicati\/#\/schema\/person\/image\/\",\"url\":\"https:\/\/secure.gravatar.com\/avatar\/261e5fa13cfbce1e53c026c833f5e36744f89dcb35e4578439e7ced7c9b89537?s=96&d=mm&r=g\",\"contentUrl\":\"https:\/\/secure.gravatar.com\/avatar\/261e5fa13cfbce1e53c026c833f5e36744f89dcb35e4578439e7ced7c9b89537?s=96&d=mm&r=g\",\"caption\":\"Redazione area-press.eu\"},\"url\":\"https:\/\/www.area-press.eu\/comunicati\/author\/redazione-area-press-eu\/\"}]}<\/script>\n<!-- \/ Yoast SEO plugin. -->","yoast_head_json":{"title":"TAK\u00c1CS-NAGY: UN DIRETTORE-ALLENATORE PER L\u2019OPV - area-press.eu - comunicati","robots":{"index":"index","follow":"follow","max-snippet":"max-snippet:-1","max-image-preview":"max-image-preview:large","max-video-preview":"max-video-preview:-1"},"canonical":"https:\/\/www.area-press.eu\/comunicati\/takacs-nagy-un-direttore-allenatore-per-lopv\/","og_locale":"it_IT","og_type":"article","og_title":"TAK\u00c1CS-NAGY: UN DIRETTORE-ALLENATORE PER L\u2019OPV - area-press.eu - comunicati","og_description":"L\u2019ungherese G\u00e1bor Tak\u00e1cs-Nagy per la prima volta sul podio di un'orchestra italiana, gioved\u00ec 22 e venerd\u00ec 23 marzo alle 20.15 all'Auditorium Pollini. Neo-direttore della Camerata Manchester e appassionato tifoso del Manchester United, vive la musica","og_url":"https:\/\/www.area-press.eu\/comunicati\/takacs-nagy-un-direttore-allenatore-per-lopv\/","og_site_name":"area-press.eu - comunicati","article_published_time":"2012-03-21T23:00:00+00:00","author":"Redazione area-press.eu","twitter_card":"summary_large_image","twitter_misc":{"Scritto da":"Redazione area-press.eu","Tempo di lettura stimato":"2 minuti"},"schema":{"@context":"https:\/\/schema.org","@graph":[{"@type":"WebPage","@id":"https:\/\/www.area-press.eu\/comunicati\/takacs-nagy-un-direttore-allenatore-per-lopv\/","url":"https:\/\/www.area-press.eu\/comunicati\/takacs-nagy-un-direttore-allenatore-per-lopv\/","name":"TAK\u00c1CS-NAGY: UN DIRETTORE-ALLENATORE PER L\u2019OPV - area-press.eu - comunicati","isPartOf":{"@id":"https:\/\/www.area-press.eu\/comunicati\/#website"},"datePublished":"2012-03-21T23:00:00+00:00","author":{"@id":"https:\/\/www.area-press.eu\/comunicati\/#\/schema\/person\/c7a82e1cf7b2d105ee3708fcc74461f4"},"breadcrumb":{"@id":"https:\/\/www.area-press.eu\/comunicati\/takacs-nagy-un-direttore-allenatore-per-lopv\/#breadcrumb"},"inLanguage":"it-IT","potentialAction":[{"@type":"ReadAction","target":["https:\/\/www.area-press.eu\/comunicati\/takacs-nagy-un-direttore-allenatore-per-lopv\/"]}]},{"@type":"BreadcrumbList","@id":"https:\/\/www.area-press.eu\/comunicati\/takacs-nagy-un-direttore-allenatore-per-lopv\/#breadcrumb","itemListElement":[{"@type":"ListItem","position":1,"name":"Home","item":"https:\/\/www.area-press.eu\/comunicati\/"},{"@type":"ListItem","position":2,"name":"TAK\u00c1CS-NAGY: UN DIRETTORE-ALLENATORE PER L\u2019OPV"}]},{"@type":"WebSite","@id":"https:\/\/www.area-press.eu\/comunicati\/#website","url":"https:\/\/www.area-press.eu\/comunicati\/","name":"area-press.eu - comunicati","description":"Press releases e comunicati stampa","potentialAction":[{"@type":"SearchAction","target":{"@type":"EntryPoint","urlTemplate":"https:\/\/www.area-press.eu\/comunicati\/?s={search_term_string}"},"query-input":{"@type":"PropertyValueSpecification","valueRequired":true,"valueName":"search_term_string"}}],"inLanguage":"it-IT"},{"@type":"Person","@id":"https:\/\/www.area-press.eu\/comunicati\/#\/schema\/person\/c7a82e1cf7b2d105ee3708fcc74461f4","name":"Redazione area-press.eu","image":{"@type":"ImageObject","inLanguage":"it-IT","@id":"https:\/\/www.area-press.eu\/comunicati\/#\/schema\/person\/image\/","url":"https:\/\/secure.gravatar.com\/avatar\/261e5fa13cfbce1e53c026c833f5e36744f89dcb35e4578439e7ced7c9b89537?s=96&d=mm&r=g","contentUrl":"https:\/\/secure.gravatar.com\/avatar\/261e5fa13cfbce1e53c026c833f5e36744f89dcb35e4578439e7ced7c9b89537?s=96&d=mm&r=g","caption":"Redazione area-press.eu"},"url":"https:\/\/www.area-press.eu\/comunicati\/author\/redazione-area-press-eu\/"}]}},"_links":{"self":[{"href":"https:\/\/www.area-press.eu\/comunicati\/wp-json\/wp\/v2\/posts\/51761","targetHints":{"allow":["GET"]}}],"collection":[{"href":"https:\/\/www.area-press.eu\/comunicati\/wp-json\/wp\/v2\/posts"}],"about":[{"href":"https:\/\/www.area-press.eu\/comunicati\/wp-json\/wp\/v2\/types\/post"}],"author":[{"embeddable":true,"href":"https:\/\/www.area-press.eu\/comunicati\/wp-json\/wp\/v2\/users\/2"}],"replies":[{"embeddable":true,"href":"https:\/\/www.area-press.eu\/comunicati\/wp-json\/wp\/v2\/comments?post=51761"}],"version-history":[{"count":0,"href":"https:\/\/www.area-press.eu\/comunicati\/wp-json\/wp\/v2\/posts\/51761\/revisions"}],"wp:attachment":[{"href":"https:\/\/www.area-press.eu\/comunicati\/wp-json\/wp\/v2\/media?parent=51761"}],"wp:term":[{"taxonomy":"category","embeddable":true,"href":"https:\/\/www.area-press.eu\/comunicati\/wp-json\/wp\/v2\/categories?post=51761"},{"taxonomy":"post_tag","embeddable":true,"href":"https:\/\/www.area-press.eu\/comunicati\/wp-json\/wp\/v2\/tags?post=51761"}],"curies":[{"name":"wp","href":"https:\/\/api.w.org\/{rel}","templated":true}]}}