{"id":51547,"date":"2012-03-16T00:00:00","date_gmt":"2012-03-15T23:00:00","guid":{"rendered":"http:\/\/www.area-press.eu\/comunicati\/eileen-grey-table-design-senza-tempo\/"},"modified":"2012-03-16T00:00:00","modified_gmt":"2012-03-15T23:00:00","slug":"eileen-grey-table-design-senza-tempo","status":"publish","type":"post","link":"https:\/\/www.area-press.eu\/comunicati\/eileen-grey-table-design-senza-tempo\/","title":{"rendered":"Eileen Grey Table, design senza tempo"},"content":{"rendered":"<p><!-- VideographyWP Plugin Message: Automatic video embedding prevented by plugin options. --><\/p>\n<p><p style=\"font-size: 12px;\"><span style=\"color: #222222; font-family: 'Century Gothic', 'Trebuchet MS', Arial, Helvetica, sans-serif; line-height: 18px;\">Espressione pura del <\/span><strong style=\"font-weight: bold; color: #222222; font-family: 'Century Gothic', 'Trebuchet MS', Arial, Helvetica, sans-serif; line-height: 18px;\">movimento moderno<\/strong><span style=\"color: #222222; font-family: 'Century Gothic', 'Trebuchet MS', Arial, Helvetica, sans-serif; line-height: 18px;\">, l&rsquo; <\/span><strong style=\"font-weight: bold; color: #222222; font-family: 'Century Gothic', 'Trebuchet MS', Arial, Helvetica, sans-serif; line-height: 18px;\">Eileen Gray Table<\/strong><span style=\"color: #222222; font-family: 'Century Gothic', 'Trebuchet MS', Arial, Helvetica, sans-serif; line-height: 18px;\">, conosciuto anche come &ldquo;<\/span><strong style=\"font-weight: bold; color: #222222; font-family: 'Century Gothic', 'Trebuchet MS', Arial, Helvetica, sans-serif; line-height: 18px;\">Adjustable table E-127<\/strong><span style=\"color: #222222; font-family: 'Century Gothic', 'Trebuchet MS', Arial, Helvetica, sans-serif; line-height: 18px;\">&rdquo; &egrave;, da pi&ugrave; di 80 anni, uno degli oggetti di design pi&ugrave; amati ed imitati.<\/span><br style=\"color: #222222; font-family: 'Century Gothic', 'Trebuchet MS', Arial, Helvetica, sans-serif; line-height: 18px;\" \/><br style=\"color: #222222; font-family: 'Century Gothic', 'Trebuchet MS', Arial, Helvetica, sans-serif; line-height: 18px;\" \/><span style=\"color: #222222; font-family: 'Century Gothic', 'Trebuchet MS', Arial, Helvetica, sans-serif; line-height: 18px;\">L&rsquo;<\/span><strong style=\"font-weight: bold; color: #222222; font-family: 'Century Gothic', 'Trebuchet MS', Arial, Helvetica, sans-serif; line-height: 18px;\">Eileen Gray Table <\/strong><span style=\"color: #222222; font-family: 'Century Gothic', 'Trebuchet MS', Arial, Helvetica, sans-serif; line-height: 18px;\">fece la sua comparsa nel 1927, in pieno <\/span><strong style=\"font-weight: bold; color: #222222; font-family: 'Century Gothic', 'Trebuchet MS', Arial, Helvetica, sans-serif; line-height: 18px;\">movimento moderno<\/strong><span style=\"color: #222222; font-family: 'Century Gothic', 'Trebuchet MS', Arial, Helvetica, sans-serif; line-height: 18px;\">: il periodo in cui gli oggetti quotidiani, spogliandosi di fregi e orpelli, si vestivano di efficienza e semplicit&agrave;. &Egrave; per questo motivo che ancora oggi l&rsquo;<\/span><strong style=\"font-weight: bold; color: #222222; font-family: 'Century Gothic', 'Trebuchet MS', Arial, Helvetica, sans-serif; line-height: 18px;\">Eileen Gray Table <\/strong><span style=\"color: #222222; font-family: 'Century Gothic', 'Trebuchet MS', Arial, Helvetica, sans-serif; line-height: 18px;\">&egrave; considerato il fiore all&rsquo;occhiello di un periodo storico e culturale, in cui archittura, design e industria, si sono fusi in un&rsquo;unicum di idee razionali e funzionali. In Germania si svilupp&ograve; soprattutto nella scuola d&rsquo;arte Bauhaus che influenz&ograve; non poco Eileen Gray nel suo percorso artistico. L&rsquo;<\/span><strong style=\"font-weight: bold; color: #222222; font-family: 'Century Gothic', 'Trebuchet MS', Arial, Helvetica, sans-serif; line-height: 18px;\">Adjustable table E-127 <\/strong><span style=\"color: #222222; font-family: 'Century Gothic', 'Trebuchet MS', Arial, Helvetica, sans-serif; line-height: 18px;\">&egrave;, insieme al &ldquo;Tube light&rdquo;, l&rsquo;oggetto di design che meglio sintetizza la maturit&agrave; artistica dell&rsquo;artista irlandese.<\/span><br style=\"color: #222222; font-family: 'Century Gothic', 'Trebuchet MS', Arial, Helvetica, sans-serif; line-height: 18px;\" \/><br style=\"color: #222222; font-family: 'Century Gothic', 'Trebuchet MS', Arial, Helvetica, sans-serif; line-height: 18px;\" \/><span style=\"color: #222222; font-family: 'Century Gothic', 'Trebuchet MS', Arial, Helvetica, sans-serif; line-height: 18px;\">Il <\/span><strong style=\"font-weight: bold; color: #222222; font-family: 'Century Gothic', 'Trebuchet MS', Arial, Helvetica, sans-serif; line-height: 18px;\">movimento moderno <\/strong><span style=\"color: #222222; font-family: 'Century Gothic', 'Trebuchet MS', Arial, Helvetica, sans-serif; line-height: 18px;\">mut&ograve; i gusti di Eileen Gray, sin da quel momento pioniera dell&rsquo;art nuveau e profonda conoscitrice delle tecniche della laccatura. Fu il suo periodo a Londra e, soprattutto a Parigi, durante la prima guerra mondiale, a farle decidere di specializzarsi in design e architettura degli interni, abbracciando le novit&agrave; stilistiche del <\/span><strong style=\"font-weight: bold; color: #222222; font-family: 'Century Gothic', 'Trebuchet MS', Arial, Helvetica, sans-serif; line-height: 18px;\">movimento moderno<\/strong><span style=\"color: #222222; font-family: 'Century Gothic', 'Trebuchet MS', Arial, Helvetica, sans-serif; line-height: 18px;\">.<\/span><br style=\"color: #222222; font-family: 'Century Gothic', 'Trebuchet MS', Arial, Helvetica, sans-serif; line-height: 18px;\" \/><br style=\"color: #222222; font-family: 'Century Gothic', 'Trebuchet MS', Arial, Helvetica, sans-serif; line-height: 18px;\" \/><span style=\"color: #222222; font-family: 'Century Gothic', 'Trebuchet MS', Arial, Helvetica, sans-serif; line-height: 18px;\">Un semplice sguardo all&rsquo; <\/span><strong style=\"font-weight: bold; color: #222222; font-family: 'Century Gothic', 'Trebuchet MS', Arial, Helvetica, sans-serif; line-height: 18px;\">Adjustable table<\/strong><span style=\"color: #222222; font-family: 'Century Gothic', 'Trebuchet MS', Arial, Helvetica, sans-serif; line-height: 18px;\"> <\/span><strong style=\"font-weight: bold; color: #222222; font-family: 'Century Gothic', 'Trebuchet MS', Arial, Helvetica, sans-serif; line-height: 18px;\">E-127<\/strong><span style=\"color: #222222; font-family: 'Century Gothic', 'Trebuchet MS', Arial, Helvetica, sans-serif; line-height: 18px;\"> rende l&rsquo;idea dell&rsquo;efficienza e della semplicit&agrave; di questo oggetto. Eileen Gray, infatti, era solita affermare che l&rsquo;arte deve sempre essere il prolungamento della vita. Il suo motto &egrave; verificabile nell&rsquo;eleganza e nella praticit&agrave; dell&rsquo; <\/span><strong style=\"font-weight: bold; color: #222222; font-family: 'Century Gothic', 'Trebuchet MS', Arial, Helvetica, sans-serif; line-height: 18px;\">Adjustable table E-127: <\/strong><span style=\"color: #222222; font-family: 'Century Gothic', 'Trebuchet MS', Arial, Helvetica, sans-serif; line-height: 18px;\">una sottile ma solida struttura in acciaio, formata da due tubi, sorregge la superficie circolare d&rsquo;appoggio regolabile, in cristallo trasparente, adagiandosi su una base semicircolare, sempre in acciaio e cristallo. Con le sue proporzioni ridotte (50 cm profondit&agrave; e larghezza, altezza variabile dai 60 ai 100 cm), l&rsquo;<\/span><strong style=\"font-weight: bold; color: #222222; font-family: 'Century Gothic', 'Trebuchet MS', Arial, Helvetica, sans-serif; line-height: 18px;\">Eileen Gray Table <\/strong><span style=\"color: #222222; font-family: 'Century Gothic', 'Trebuchet MS', Arial, Helvetica, sans-serif; line-height: 18px;\">pu&ograve; essere uno splendido appoggio per un cocktail, un libro, o un semplice complemento d&rsquo;arredo in un soggiorno.<\/span><br style=\"color: #222222; font-family: 'Century Gothic', 'Trebuchet MS', Arial, Helvetica, sans-serif; line-height: 18px;\" \/><br style=\"color: #222222; font-family: 'Century Gothic', 'Trebuchet MS', Arial, Helvetica, sans-serif; line-height: 18px;\" \/><span style=\"color: #222222; font-family: 'Century Gothic', 'Trebuchet MS', Arial, Helvetica, sans-serif; line-height: 18px;\">Il suo nome, completo di sigla (<\/span><strong style=\"font-weight: bold; color: #222222; font-family: 'Century Gothic', 'Trebuchet MS', Arial, Helvetica, sans-serif; line-height: 18px;\">Adjustable table<\/strong><span style=\"color: #222222; font-family: 'Century Gothic', 'Trebuchet MS', Arial, Helvetica, sans-serif; line-height: 18px;\"> <\/span><strong style=\"font-weight: bold; color: #222222; font-family: 'Century Gothic', 'Trebuchet MS', Arial, Helvetica, sans-serif; line-height: 18px;\">E-127), <\/strong><span style=\"color: #222222; font-family: 'Century Gothic', 'Trebuchet MS', Arial, Helvetica, sans-serif; line-height: 18px;\">&egrave; legato alla costruzione che Eileen Gray ide&ograve; con il suo compagno e collaboratore, Jean Badovici. La dimora al mare, nel sud della Francia, celava nel suo codice il nome dei due ideatori.<\/span><br style=\"color: #222222; font-family: 'Century Gothic', 'Trebuchet MS', Arial, Helvetica, sans-serif; line-height: 18px;\" \/><br style=\"color: #222222; font-family: 'Century Gothic', 'Trebuchet MS', Arial, Helvetica, sans-serif; line-height: 18px;\" \/><span style=\"color: #222222; font-family: 'Century Gothic', 'Trebuchet MS', Arial, Helvetica, sans-serif; line-height: 18px;\">L&rsquo; <\/span><strong style=\"font-weight: bold; color: #222222; font-family: 'Century Gothic', 'Trebuchet MS', Arial, Helvetica, sans-serif; line-height: 18px;\">Eileen Gray Table <\/strong><span style=\"color: #222222; font-family: 'Century Gothic', 'Trebuchet MS', Arial, Helvetica, sans-serif; line-height: 18px;\">faceva parte dell&rsquo;arredamento nato intorno all&rsquo;idea di una abitazione dalle linee essenziali, in armonia con il paesaggio circostante. Tipica manifestazione del <\/span><strong style=\"font-weight: bold; color: #222222; font-family: 'Century Gothic', 'Trebuchet MS', Arial, Helvetica, sans-serif; line-height: 18px;\">movimento moderno, <\/strong><span style=\"color: #222222; font-family: 'Century Gothic', 'Trebuchet MS', Arial, Helvetica, sans-serif; line-height: 18px;\">la casa E-127 &egrave; oggi in rovina, ma l&rsquo;idea semplice e al contempo rivoluzionaria su cui si fondava, continua a vivere nell&rsquo;<\/span><strong style=\"font-weight: bold; color: #222222; font-family: 'Century Gothic', 'Trebuchet MS', Arial, Helvetica, sans-serif; line-height: 18px;\">Eileen Gray Table.<\/strong><\/p>\n<p style=\"font-size: 12px;\">\n<p style=\"font-size: 12px;\"><strong style=\"font-weight: bold; color: #222222; font-family: 'Century Gothic', 'Trebuchet MS', Arial, Helvetica, sans-serif; line-height: 18px;\">Offerte <\/strong><strong style=\"font-weight: bold; color: #222222; font-family: 'Century Gothic', 'Trebuchet MS', Arial, Helvetica, sans-serif; line-height: 18px;\"><a style=\"color: #0000ee; text-decoration: none;\" href=\"http:\/\/www.artemobili.it\/bauhaus-i-maestri\/eileen-gray\/tavolino-eileen-gray+i22.html\">Eileen Gray Table<\/a><\/strong><\/p><\/p>\n","protected":false},"excerpt":{"rendered":"<p>Espressione pura del movimento moderno, l\u2019 Eileen Gray Table, conosciuto anche come \u201cAdjustable table E-127\u201d \u00e8, da pi\u00f9 di 80 anni, uno degli oggetti di design pi\u00f9 amati ed imitati.<\/p>\n","protected":false},"author":2,"featured_media":0,"comment_status":"open","ping_status":"open","sticky":false,"template":"","format":"standard","meta":{"_monsterinsights_skip_tracking":false,"_monsterinsights_sitenote_active":false,"_monsterinsights_sitenote_note":"","_monsterinsights_sitenote_category":0,"footnotes":""},"categories":[7621],"tags":[50998],"class_list":["post-51547","post","type-post","status-publish","format-standard","hentry","category-arte_cultura","tag-eileen-grey-table"],"acf":[],"yoast_head":"<!-- This site is optimized with the Yoast SEO plugin v24.6 - https:\/\/yoast.com\/wordpress\/plugins\/seo\/ -->\n<title>Eileen Grey Table, design senza tempo - area-press.eu - comunicati<\/title>\n<meta name=\"robots\" content=\"index, follow, max-snippet:-1, max-image-preview:large, max-video-preview:-1\" \/>\n<link rel=\"canonical\" href=\"https:\/\/www.area-press.eu\/comunicati\/eileen-grey-table-design-senza-tempo\/\" \/>\n<meta property=\"og:locale\" content=\"it_IT\" \/>\n<meta property=\"og:type\" content=\"article\" \/>\n<meta property=\"og:title\" content=\"Eileen Grey Table, design senza tempo - area-press.eu - comunicati\" \/>\n<meta property=\"og:description\" content=\"Espressione pura del movimento moderno, l\u2019 Eileen Gray Table, conosciuto anche come \u201cAdjustable table E-127\u201d \u00e8, da pi\u00f9 di 80 anni, uno degli oggetti di design pi\u00f9 amati ed imitati.\" \/>\n<meta property=\"og:url\" content=\"https:\/\/www.area-press.eu\/comunicati\/eileen-grey-table-design-senza-tempo\/\" \/>\n<meta property=\"og:site_name\" content=\"area-press.eu - comunicati\" \/>\n<meta property=\"article:published_time\" content=\"2012-03-15T23:00:00+00:00\" \/>\n<meta name=\"author\" content=\"Redazione area-press.eu\" \/>\n<meta name=\"twitter:card\" content=\"summary_large_image\" \/>\n<meta name=\"twitter:label1\" content=\"Scritto da\" \/>\n\t<meta name=\"twitter:data1\" content=\"Redazione area-press.eu\" \/>\n\t<meta name=\"twitter:label2\" content=\"Tempo di lettura stimato\" \/>\n\t<meta name=\"twitter:data2\" content=\"2 minuti\" \/>\n<script type=\"application\/ld+json\" class=\"yoast-schema-graph\">{\"@context\":\"https:\/\/schema.org\",\"@graph\":[{\"@type\":\"WebPage\",\"@id\":\"https:\/\/www.area-press.eu\/comunicati\/eileen-grey-table-design-senza-tempo\/\",\"url\":\"https:\/\/www.area-press.eu\/comunicati\/eileen-grey-table-design-senza-tempo\/\",\"name\":\"Eileen Grey Table, design senza tempo - area-press.eu - comunicati\",\"isPartOf\":{\"@id\":\"https:\/\/www.area-press.eu\/comunicati\/#website\"},\"datePublished\":\"2012-03-15T23:00:00+00:00\",\"author\":{\"@id\":\"https:\/\/www.area-press.eu\/comunicati\/#\/schema\/person\/c7a82e1cf7b2d105ee3708fcc74461f4\"},\"breadcrumb\":{\"@id\":\"https:\/\/www.area-press.eu\/comunicati\/eileen-grey-table-design-senza-tempo\/#breadcrumb\"},\"inLanguage\":\"it-IT\",\"potentialAction\":[{\"@type\":\"ReadAction\",\"target\":[\"https:\/\/www.area-press.eu\/comunicati\/eileen-grey-table-design-senza-tempo\/\"]}]},{\"@type\":\"BreadcrumbList\",\"@id\":\"https:\/\/www.area-press.eu\/comunicati\/eileen-grey-table-design-senza-tempo\/#breadcrumb\",\"itemListElement\":[{\"@type\":\"ListItem\",\"position\":1,\"name\":\"Home\",\"item\":\"https:\/\/www.area-press.eu\/comunicati\/\"},{\"@type\":\"ListItem\",\"position\":2,\"name\":\"Eileen Grey Table, design senza tempo\"}]},{\"@type\":\"WebSite\",\"@id\":\"https:\/\/www.area-press.eu\/comunicati\/#website\",\"url\":\"https:\/\/www.area-press.eu\/comunicati\/\",\"name\":\"area-press.eu - comunicati\",\"description\":\"Press releases e comunicati stampa\",\"potentialAction\":[{\"@type\":\"SearchAction\",\"target\":{\"@type\":\"EntryPoint\",\"urlTemplate\":\"https:\/\/www.area-press.eu\/comunicati\/?s={search_term_string}\"},\"query-input\":{\"@type\":\"PropertyValueSpecification\",\"valueRequired\":true,\"valueName\":\"search_term_string\"}}],\"inLanguage\":\"it-IT\"},{\"@type\":\"Person\",\"@id\":\"https:\/\/www.area-press.eu\/comunicati\/#\/schema\/person\/c7a82e1cf7b2d105ee3708fcc74461f4\",\"name\":\"Redazione area-press.eu\",\"image\":{\"@type\":\"ImageObject\",\"inLanguage\":\"it-IT\",\"@id\":\"https:\/\/www.area-press.eu\/comunicati\/#\/schema\/person\/image\/\",\"url\":\"https:\/\/secure.gravatar.com\/avatar\/261e5fa13cfbce1e53c026c833f5e36744f89dcb35e4578439e7ced7c9b89537?s=96&d=mm&r=g\",\"contentUrl\":\"https:\/\/secure.gravatar.com\/avatar\/261e5fa13cfbce1e53c026c833f5e36744f89dcb35e4578439e7ced7c9b89537?s=96&d=mm&r=g\",\"caption\":\"Redazione area-press.eu\"},\"url\":\"https:\/\/www.area-press.eu\/comunicati\/author\/redazione-area-press-eu\/\"}]}<\/script>\n<!-- \/ Yoast SEO plugin. -->","yoast_head_json":{"title":"Eileen Grey Table, design senza tempo - area-press.eu - comunicati","robots":{"index":"index","follow":"follow","max-snippet":"max-snippet:-1","max-image-preview":"max-image-preview:large","max-video-preview":"max-video-preview:-1"},"canonical":"https:\/\/www.area-press.eu\/comunicati\/eileen-grey-table-design-senza-tempo\/","og_locale":"it_IT","og_type":"article","og_title":"Eileen Grey Table, design senza tempo - area-press.eu - comunicati","og_description":"Espressione pura del movimento moderno, l\u2019 Eileen Gray Table, conosciuto anche come \u201cAdjustable table E-127\u201d \u00e8, da pi\u00f9 di 80 anni, uno degli oggetti di design pi\u00f9 amati ed imitati.","og_url":"https:\/\/www.area-press.eu\/comunicati\/eileen-grey-table-design-senza-tempo\/","og_site_name":"area-press.eu - comunicati","article_published_time":"2012-03-15T23:00:00+00:00","author":"Redazione area-press.eu","twitter_card":"summary_large_image","twitter_misc":{"Scritto da":"Redazione area-press.eu","Tempo di lettura stimato":"2 minuti"},"schema":{"@context":"https:\/\/schema.org","@graph":[{"@type":"WebPage","@id":"https:\/\/www.area-press.eu\/comunicati\/eileen-grey-table-design-senza-tempo\/","url":"https:\/\/www.area-press.eu\/comunicati\/eileen-grey-table-design-senza-tempo\/","name":"Eileen Grey Table, design senza tempo - area-press.eu - comunicati","isPartOf":{"@id":"https:\/\/www.area-press.eu\/comunicati\/#website"},"datePublished":"2012-03-15T23:00:00+00:00","author":{"@id":"https:\/\/www.area-press.eu\/comunicati\/#\/schema\/person\/c7a82e1cf7b2d105ee3708fcc74461f4"},"breadcrumb":{"@id":"https:\/\/www.area-press.eu\/comunicati\/eileen-grey-table-design-senza-tempo\/#breadcrumb"},"inLanguage":"it-IT","potentialAction":[{"@type":"ReadAction","target":["https:\/\/www.area-press.eu\/comunicati\/eileen-grey-table-design-senza-tempo\/"]}]},{"@type":"BreadcrumbList","@id":"https:\/\/www.area-press.eu\/comunicati\/eileen-grey-table-design-senza-tempo\/#breadcrumb","itemListElement":[{"@type":"ListItem","position":1,"name":"Home","item":"https:\/\/www.area-press.eu\/comunicati\/"},{"@type":"ListItem","position":2,"name":"Eileen Grey Table, design senza tempo"}]},{"@type":"WebSite","@id":"https:\/\/www.area-press.eu\/comunicati\/#website","url":"https:\/\/www.area-press.eu\/comunicati\/","name":"area-press.eu - comunicati","description":"Press releases e comunicati stampa","potentialAction":[{"@type":"SearchAction","target":{"@type":"EntryPoint","urlTemplate":"https:\/\/www.area-press.eu\/comunicati\/?s={search_term_string}"},"query-input":{"@type":"PropertyValueSpecification","valueRequired":true,"valueName":"search_term_string"}}],"inLanguage":"it-IT"},{"@type":"Person","@id":"https:\/\/www.area-press.eu\/comunicati\/#\/schema\/person\/c7a82e1cf7b2d105ee3708fcc74461f4","name":"Redazione area-press.eu","image":{"@type":"ImageObject","inLanguage":"it-IT","@id":"https:\/\/www.area-press.eu\/comunicati\/#\/schema\/person\/image\/","url":"https:\/\/secure.gravatar.com\/avatar\/261e5fa13cfbce1e53c026c833f5e36744f89dcb35e4578439e7ced7c9b89537?s=96&d=mm&r=g","contentUrl":"https:\/\/secure.gravatar.com\/avatar\/261e5fa13cfbce1e53c026c833f5e36744f89dcb35e4578439e7ced7c9b89537?s=96&d=mm&r=g","caption":"Redazione area-press.eu"},"url":"https:\/\/www.area-press.eu\/comunicati\/author\/redazione-area-press-eu\/"}]}},"_links":{"self":[{"href":"https:\/\/www.area-press.eu\/comunicati\/wp-json\/wp\/v2\/posts\/51547","targetHints":{"allow":["GET"]}}],"collection":[{"href":"https:\/\/www.area-press.eu\/comunicati\/wp-json\/wp\/v2\/posts"}],"about":[{"href":"https:\/\/www.area-press.eu\/comunicati\/wp-json\/wp\/v2\/types\/post"}],"author":[{"embeddable":true,"href":"https:\/\/www.area-press.eu\/comunicati\/wp-json\/wp\/v2\/users\/2"}],"replies":[{"embeddable":true,"href":"https:\/\/www.area-press.eu\/comunicati\/wp-json\/wp\/v2\/comments?post=51547"}],"version-history":[{"count":0,"href":"https:\/\/www.area-press.eu\/comunicati\/wp-json\/wp\/v2\/posts\/51547\/revisions"}],"wp:attachment":[{"href":"https:\/\/www.area-press.eu\/comunicati\/wp-json\/wp\/v2\/media?parent=51547"}],"wp:term":[{"taxonomy":"category","embeddable":true,"href":"https:\/\/www.area-press.eu\/comunicati\/wp-json\/wp\/v2\/categories?post=51547"},{"taxonomy":"post_tag","embeddable":true,"href":"https:\/\/www.area-press.eu\/comunicati\/wp-json\/wp\/v2\/tags?post=51547"}],"curies":[{"name":"wp","href":"https:\/\/api.w.org\/{rel}","templated":true}]}}