{"id":51222,"date":"2012-03-09T00:00:00","date_gmt":"2012-03-08T23:00:00","guid":{"rendered":"http:\/\/www.area-press.eu\/comunicati\/parte-il-conto-alla-rovescia-per-il-nuovo-disco-di-fabio-guglielmino-senza-di-me\/"},"modified":"2012-03-09T00:00:00","modified_gmt":"2012-03-08T23:00:00","slug":"parte-il-conto-alla-rovescia-per-il-nuovo-disco-di-fabio-guglielmino-senza-di-me","status":"publish","type":"post","link":"https:\/\/www.area-press.eu\/comunicati\/parte-il-conto-alla-rovescia-per-il-nuovo-disco-di-fabio-guglielmino-senza-di-me\/","title":{"rendered":"Parte il conto alla rovescia per il nuovo disco di Fabio Guglielmino &#8211; Senza Di Me"},"content":{"rendered":"<p><!-- VideographyWP Plugin Message: Automatic video embedding prevented by plugin options. --><\/p>\n<p>Gioved&igrave; 8 Marzo 2012,<\/p>\n<p>&egrave; partito il conto alla rovescia per il nuovo disco del cantautore Fabio Guglielmino, che uscir&agrave; il 6 Aprile 2012.<\/p>\n<p>Le informazioni sul disco sono ancora tenute strettamente segrete dalla casa discografica &#8220;Creaking Woods Studios&#8221;, ma siamo comunque riusciti ad estrapolare qualche informazione a riguardo.<\/p>\n<p>Il produttore discografico Salvo Anello ci dice: <em>&#8220;&#8230;il grande momento si st&agrave; avvicinando, volevamo che il nostro pubblico attendesse con noi questo momento, e per questo abbiamo pubblicato una pagina nella quale &egrave; possibile visionare il countdown all&#8217;evento e tutte le news dello stesso.&#8221; e aggiunge &#8220;il disco conterr&agrave; quattro brani, di cui uno live, e sar&agrave; un misto di potenza sonora, e forza musicale, che di certo non deluder&agrave; il pubblico amante del rock in ogni sua forma.&#8221;<\/em><\/p>\n<p>L&#8217;artista Fabio Guglielmino risponde invece ad alcune nostre domande, con le seguenti parole:<\/p>\n<p><strong>Fabio, come ti senti a pochi giorni dall&#8217;uscita del tuo nuovo disco?<\/strong><\/p>\n<p>Beh&#8230;&egrave; forte, penso che sia una delle pi&ugrave; grandi soddisfazioni osservare un proprio lavoro mentre diventa qualcosa di grande, ci crediamo davvero tanto, e mi sento carico per poter sostenere questo lavoro in giro per l&#8217;Italia.<\/p>\n<p><strong>Fabio, che messaggio vuole dare il disco?<\/strong><\/p>\n<p><em>Il disco &egrave; un misto di delusione speranza e lotta, voglio che siano i giovani, ma anche i meno giovani, ad ascoltare le mie parole, perch&eacute; abbiano la forza ed il coraggio per tornare a mettersi in gioco e lottare contro il mostro dell&#8217;indifferenza che ci sovrasta.<\/em><\/p>\n<p> <strong>Fabio, come mai la scelta musicale mira al rock? Molti pensano sia un genre superato!<\/strong><\/p>\n<p><em>Bene! La scelta devo dire che &egrave; piuttosto pensata. Trovo che il &#8220;rock&#8221; non sia mai superato se si ha qualcosa di forte da comunicare. Di certo il rock ha avuto il suo apice negli anni settanta, ma di fondo &egrave; una musica che vuole comunicare qualcosa di veramente forte e incisivo, pertanto non pu&ograve; e non deve morire.<\/em><\/p>\n<p><strong>Il titolo del disco &egrave; &#8220;Senza Di Me&#8221; come mai?<\/strong><\/p>\n<p><em>Anche questa &egrave; una scelta ragionata. Sicuramente il concetto del &#8220;senza&#8221; pu&ograve; apparire come un arresa, ma di fatto si riferisce ad una solitudine interiore, il perdere se stessi, in una citt&agrave; dove tutto si perde e nulla si trova come Palermo. Ma il concetto pi&ugrave; importante non &egrave; espresso dal &#8220;senza&#8221; ma dalla forza di riprovare ancora di non abbandonare mai la causa, e questo viene chiaramente comunicato nel brano &#8220;Un Giorno Ancora&#8221;.<\/em><\/p>\n<p><strong>Bene Fabio, in chiusura vuoi rilasciarci qualche altra informazione riguardo questo lavoro?<\/strong><\/p>\n<p><em>Al momento no. Preferisco che siano gli ascoltatori stessi a scoprire tutto. Io personalmente trovo molto bello il momento in cui ti ritrovi davanti ad un opera discografica appena acquistata e godi nel scartarla, leggerne il libretto ed ascoltarne con delle buone cuffie; &egrave; in quel momento che si gusta un opera in tutti i suoi aspetti.<\/em><\/p>\n<p>E si conclude cos&igrave; la nostra intervista sul disco di Fabio Guglielmino, dal titolo Senza Di Me.<\/p>\n<p>Il conto alla rovescia &egrave; partito, e potrete seguirlo a questo link <a target=\"_blank\">www.creakingwoods.com\/senzadime\/ <\/a>, insieme a tante informazioni ed aggiornamenti.<\/p>\n<p>STAY TUNED!<\/p>\n","protected":false},"excerpt":{"rendered":"<p>Gioved\u00ec 8 Marzo 2012, \u00e8 partito il conto alla rovescia per il nuovo disco del cantautore Fabio Guglielmino, che uscir\u00e0 il 6 Aprile 2012. Le informazioni sul disco sono ancora tenute strettamente segrete dalla casa discografica &#8220;Creaking Woods Studios<\/p>\n","protected":false},"author":2,"featured_media":0,"comment_status":"open","ping_status":"open","sticky":false,"template":"","format":"standard","meta":{"_monsterinsights_skip_tracking":false,"_monsterinsights_sitenote_active":false,"_monsterinsights_sitenote_note":"","_monsterinsights_sitenote_category":0,"footnotes":""},"categories":[7603],"tags":[],"class_list":["post-51222","post","type-post","status-publish","format-standard","hentry","category-musica"],"acf":[],"yoast_head":"<!-- This site is optimized with the Yoast SEO plugin v24.6 - https:\/\/yoast.com\/wordpress\/plugins\/seo\/ -->\n<title>Parte il conto alla rovescia per il nuovo disco di Fabio Guglielmino - Senza Di Me - area-press.eu - comunicati<\/title>\n<meta name=\"robots\" content=\"index, follow, max-snippet:-1, max-image-preview:large, max-video-preview:-1\" \/>\n<link rel=\"canonical\" href=\"https:\/\/www.area-press.eu\/comunicati\/parte-il-conto-alla-rovescia-per-il-nuovo-disco-di-fabio-guglielmino-senza-di-me\/\" \/>\n<meta property=\"og:locale\" content=\"it_IT\" \/>\n<meta property=\"og:type\" content=\"article\" \/>\n<meta property=\"og:title\" content=\"Parte il conto alla rovescia per il nuovo disco di Fabio Guglielmino - Senza Di Me - area-press.eu - comunicati\" \/>\n<meta property=\"og:description\" content=\"Gioved\u00ec 8 Marzo 2012, \u00e8 partito il conto alla rovescia per il nuovo disco del cantautore Fabio Guglielmino, che uscir\u00e0 il 6 Aprile 2012. Le informazioni sul disco sono ancora tenute strettamente segrete dalla casa discografica &quot;Creaking Woods Studios\" \/>\n<meta property=\"og:url\" content=\"https:\/\/www.area-press.eu\/comunicati\/parte-il-conto-alla-rovescia-per-il-nuovo-disco-di-fabio-guglielmino-senza-di-me\/\" \/>\n<meta property=\"og:site_name\" content=\"area-press.eu - comunicati\" \/>\n<meta property=\"article:published_time\" content=\"2012-03-08T23:00:00+00:00\" \/>\n<meta name=\"author\" content=\"Redazione area-press.eu\" \/>\n<meta name=\"twitter:card\" content=\"summary_large_image\" \/>\n<meta name=\"twitter:label1\" content=\"Scritto da\" \/>\n\t<meta name=\"twitter:data1\" content=\"Redazione area-press.eu\" \/>\n\t<meta name=\"twitter:label2\" content=\"Tempo di lettura stimato\" \/>\n\t<meta name=\"twitter:data2\" content=\"3 minuti\" \/>\n<script type=\"application\/ld+json\" class=\"yoast-schema-graph\">{\"@context\":\"https:\/\/schema.org\",\"@graph\":[{\"@type\":\"WebPage\",\"@id\":\"https:\/\/www.area-press.eu\/comunicati\/parte-il-conto-alla-rovescia-per-il-nuovo-disco-di-fabio-guglielmino-senza-di-me\/\",\"url\":\"https:\/\/www.area-press.eu\/comunicati\/parte-il-conto-alla-rovescia-per-il-nuovo-disco-di-fabio-guglielmino-senza-di-me\/\",\"name\":\"Parte il conto alla rovescia per il nuovo disco di Fabio Guglielmino - Senza Di Me - area-press.eu - comunicati\",\"isPartOf\":{\"@id\":\"https:\/\/www.area-press.eu\/comunicati\/#website\"},\"datePublished\":\"2012-03-08T23:00:00+00:00\",\"author\":{\"@id\":\"https:\/\/www.area-press.eu\/comunicati\/#\/schema\/person\/c7a82e1cf7b2d105ee3708fcc74461f4\"},\"breadcrumb\":{\"@id\":\"https:\/\/www.area-press.eu\/comunicati\/parte-il-conto-alla-rovescia-per-il-nuovo-disco-di-fabio-guglielmino-senza-di-me\/#breadcrumb\"},\"inLanguage\":\"it-IT\",\"potentialAction\":[{\"@type\":\"ReadAction\",\"target\":[\"https:\/\/www.area-press.eu\/comunicati\/parte-il-conto-alla-rovescia-per-il-nuovo-disco-di-fabio-guglielmino-senza-di-me\/\"]}]},{\"@type\":\"BreadcrumbList\",\"@id\":\"https:\/\/www.area-press.eu\/comunicati\/parte-il-conto-alla-rovescia-per-il-nuovo-disco-di-fabio-guglielmino-senza-di-me\/#breadcrumb\",\"itemListElement\":[{\"@type\":\"ListItem\",\"position\":1,\"name\":\"Home\",\"item\":\"https:\/\/www.area-press.eu\/comunicati\/\"},{\"@type\":\"ListItem\",\"position\":2,\"name\":\"Parte il conto alla rovescia per il nuovo disco di Fabio Guglielmino &#8211; Senza Di Me\"}]},{\"@type\":\"WebSite\",\"@id\":\"https:\/\/www.area-press.eu\/comunicati\/#website\",\"url\":\"https:\/\/www.area-press.eu\/comunicati\/\",\"name\":\"area-press.eu - comunicati\",\"description\":\"Press releases e comunicati stampa\",\"potentialAction\":[{\"@type\":\"SearchAction\",\"target\":{\"@type\":\"EntryPoint\",\"urlTemplate\":\"https:\/\/www.area-press.eu\/comunicati\/?s={search_term_string}\"},\"query-input\":{\"@type\":\"PropertyValueSpecification\",\"valueRequired\":true,\"valueName\":\"search_term_string\"}}],\"inLanguage\":\"it-IT\"},{\"@type\":\"Person\",\"@id\":\"https:\/\/www.area-press.eu\/comunicati\/#\/schema\/person\/c7a82e1cf7b2d105ee3708fcc74461f4\",\"name\":\"Redazione area-press.eu\",\"image\":{\"@type\":\"ImageObject\",\"inLanguage\":\"it-IT\",\"@id\":\"https:\/\/www.area-press.eu\/comunicati\/#\/schema\/person\/image\/\",\"url\":\"https:\/\/secure.gravatar.com\/avatar\/261e5fa13cfbce1e53c026c833f5e36744f89dcb35e4578439e7ced7c9b89537?s=96&d=mm&r=g\",\"contentUrl\":\"https:\/\/secure.gravatar.com\/avatar\/261e5fa13cfbce1e53c026c833f5e36744f89dcb35e4578439e7ced7c9b89537?s=96&d=mm&r=g\",\"caption\":\"Redazione area-press.eu\"},\"url\":\"https:\/\/www.area-press.eu\/comunicati\/author\/redazione-area-press-eu\/\"}]}<\/script>\n<!-- \/ Yoast SEO plugin. -->","yoast_head_json":{"title":"Parte il conto alla rovescia per il nuovo disco di Fabio Guglielmino - Senza Di Me - area-press.eu - comunicati","robots":{"index":"index","follow":"follow","max-snippet":"max-snippet:-1","max-image-preview":"max-image-preview:large","max-video-preview":"max-video-preview:-1"},"canonical":"https:\/\/www.area-press.eu\/comunicati\/parte-il-conto-alla-rovescia-per-il-nuovo-disco-di-fabio-guglielmino-senza-di-me\/","og_locale":"it_IT","og_type":"article","og_title":"Parte il conto alla rovescia per il nuovo disco di Fabio Guglielmino - Senza Di Me - area-press.eu - comunicati","og_description":"Gioved\u00ec 8 Marzo 2012, \u00e8 partito il conto alla rovescia per il nuovo disco del cantautore Fabio Guglielmino, che uscir\u00e0 il 6 Aprile 2012. Le informazioni sul disco sono ancora tenute strettamente segrete dalla casa discografica \"Creaking Woods Studios","og_url":"https:\/\/www.area-press.eu\/comunicati\/parte-il-conto-alla-rovescia-per-il-nuovo-disco-di-fabio-guglielmino-senza-di-me\/","og_site_name":"area-press.eu - comunicati","article_published_time":"2012-03-08T23:00:00+00:00","author":"Redazione area-press.eu","twitter_card":"summary_large_image","twitter_misc":{"Scritto da":"Redazione area-press.eu","Tempo di lettura stimato":"3 minuti"},"schema":{"@context":"https:\/\/schema.org","@graph":[{"@type":"WebPage","@id":"https:\/\/www.area-press.eu\/comunicati\/parte-il-conto-alla-rovescia-per-il-nuovo-disco-di-fabio-guglielmino-senza-di-me\/","url":"https:\/\/www.area-press.eu\/comunicati\/parte-il-conto-alla-rovescia-per-il-nuovo-disco-di-fabio-guglielmino-senza-di-me\/","name":"Parte il conto alla rovescia per il nuovo disco di Fabio Guglielmino - Senza Di Me - area-press.eu - comunicati","isPartOf":{"@id":"https:\/\/www.area-press.eu\/comunicati\/#website"},"datePublished":"2012-03-08T23:00:00+00:00","author":{"@id":"https:\/\/www.area-press.eu\/comunicati\/#\/schema\/person\/c7a82e1cf7b2d105ee3708fcc74461f4"},"breadcrumb":{"@id":"https:\/\/www.area-press.eu\/comunicati\/parte-il-conto-alla-rovescia-per-il-nuovo-disco-di-fabio-guglielmino-senza-di-me\/#breadcrumb"},"inLanguage":"it-IT","potentialAction":[{"@type":"ReadAction","target":["https:\/\/www.area-press.eu\/comunicati\/parte-il-conto-alla-rovescia-per-il-nuovo-disco-di-fabio-guglielmino-senza-di-me\/"]}]},{"@type":"BreadcrumbList","@id":"https:\/\/www.area-press.eu\/comunicati\/parte-il-conto-alla-rovescia-per-il-nuovo-disco-di-fabio-guglielmino-senza-di-me\/#breadcrumb","itemListElement":[{"@type":"ListItem","position":1,"name":"Home","item":"https:\/\/www.area-press.eu\/comunicati\/"},{"@type":"ListItem","position":2,"name":"Parte il conto alla rovescia per il nuovo disco di Fabio Guglielmino &#8211; Senza Di Me"}]},{"@type":"WebSite","@id":"https:\/\/www.area-press.eu\/comunicati\/#website","url":"https:\/\/www.area-press.eu\/comunicati\/","name":"area-press.eu - comunicati","description":"Press releases e comunicati stampa","potentialAction":[{"@type":"SearchAction","target":{"@type":"EntryPoint","urlTemplate":"https:\/\/www.area-press.eu\/comunicati\/?s={search_term_string}"},"query-input":{"@type":"PropertyValueSpecification","valueRequired":true,"valueName":"search_term_string"}}],"inLanguage":"it-IT"},{"@type":"Person","@id":"https:\/\/www.area-press.eu\/comunicati\/#\/schema\/person\/c7a82e1cf7b2d105ee3708fcc74461f4","name":"Redazione area-press.eu","image":{"@type":"ImageObject","inLanguage":"it-IT","@id":"https:\/\/www.area-press.eu\/comunicati\/#\/schema\/person\/image\/","url":"https:\/\/secure.gravatar.com\/avatar\/261e5fa13cfbce1e53c026c833f5e36744f89dcb35e4578439e7ced7c9b89537?s=96&d=mm&r=g","contentUrl":"https:\/\/secure.gravatar.com\/avatar\/261e5fa13cfbce1e53c026c833f5e36744f89dcb35e4578439e7ced7c9b89537?s=96&d=mm&r=g","caption":"Redazione area-press.eu"},"url":"https:\/\/www.area-press.eu\/comunicati\/author\/redazione-area-press-eu\/"}]}},"_links":{"self":[{"href":"https:\/\/www.area-press.eu\/comunicati\/wp-json\/wp\/v2\/posts\/51222","targetHints":{"allow":["GET"]}}],"collection":[{"href":"https:\/\/www.area-press.eu\/comunicati\/wp-json\/wp\/v2\/posts"}],"about":[{"href":"https:\/\/www.area-press.eu\/comunicati\/wp-json\/wp\/v2\/types\/post"}],"author":[{"embeddable":true,"href":"https:\/\/www.area-press.eu\/comunicati\/wp-json\/wp\/v2\/users\/2"}],"replies":[{"embeddable":true,"href":"https:\/\/www.area-press.eu\/comunicati\/wp-json\/wp\/v2\/comments?post=51222"}],"version-history":[{"count":0,"href":"https:\/\/www.area-press.eu\/comunicati\/wp-json\/wp\/v2\/posts\/51222\/revisions"}],"wp:attachment":[{"href":"https:\/\/www.area-press.eu\/comunicati\/wp-json\/wp\/v2\/media?parent=51222"}],"wp:term":[{"taxonomy":"category","embeddable":true,"href":"https:\/\/www.area-press.eu\/comunicati\/wp-json\/wp\/v2\/categories?post=51222"},{"taxonomy":"post_tag","embeddable":true,"href":"https:\/\/www.area-press.eu\/comunicati\/wp-json\/wp\/v2\/tags?post=51222"}],"curies":[{"name":"wp","href":"https:\/\/api.w.org\/{rel}","templated":true}]}}