{"id":50322,"date":"2012-02-16T00:00:00","date_gmt":"2012-02-15T23:00:00","guid":{"rendered":"http:\/\/www.area-press.eu\/comunicati\/kiero-sul-palco-dellariston-il-19-febbraio-a-domenica-in-presenta-il-nuovo-singolo-vattene\/"},"modified":"2020-08-10T00:10:20","modified_gmt":"2020-08-09T22:10:20","slug":"kiero-sul-palco-dellariston-il-19-febbraio-a-domenica-in-presenta-il-nuovo-singolo-vattene","status":"publish","type":"post","link":"https:\/\/www.area-press.eu\/comunicati\/kiero-sul-palco-dellariston-il-19-febbraio-a-domenica-in-presenta-il-nuovo-singolo-vattene\/","title":{"rendered":"KIERO: sul palco dell\u2019Ariston il 19 febbraio a Domenica In presenta il nuovo singolo \u201cVattene\u201d."},"content":{"rendered":"<p><!-- VideographyWP Plugin Message: Automatic video embedding prevented by plugin options. --><\/p>\n<p><span style=\"font-size: medium; font-family: 'Times New Roman', serif;\">E&rsquo;quando tutto ci sembra gi&agrave; fatto, definito che nn si pu&ograve; cambiare, che esce veramente quello che siamo. E allora lasciare tutto quello che &egrave; stato, tutto quello che siamo stati fino a quel momento per ci&ograve; che si chiama &#8220;domani&#8221; &egrave; un atto di coraggio . C&#8217;&egrave; chi ha la voglia di sapere come sar&agrave; e chi semplicemente si ferma a quello che gi&agrave; sa. &ldquo;Vattene&rdquo; da tutto questo, non ti voltare, vai a cercare quello che vuoi realmente da un&#8217;altra parte come se iniziassi da oggi, come se &#8220;ieri&#8221; non ci fossi mai stato.<\/span><\/p>\n<p style=\"margin-bottom: 0cm\" align=\"LEFT\"><span style=\"color: #000000;\"><span style=\"font-family: 'Times New Roman', serif;\"><span style=\"font-size: small;\"><br \/>Ad Andrea piace semplicemente giocare con le parole e con le note, cercare la melodia e dire cose che sente anche se magari per qualcuno possono non avere senso. Tutto parte da un pensiero, da qualcosa che vede, da una sensazione, da qualcosa che colpisce, sconvolge o che piace ; tutto parte dalla melodia che deve essere capace di rendere colorato quello che magari non lo e&#8217;, felice quello che magari e&#8217; triste; tutto parte dalla voglia di far stare bene chi ascolta, dal non essere banale anche se si racconta di qualcosa di gi&agrave; conosciuto. Ogni volta parte da tutto questo!<\/span><\/span><\/span><\/p>\n<p style=\"margin-bottom: 0cm\"><span style=\"color: #000000;\"><span style=\"font-family: 'Times New Roman', serif;\"><span style=\"font-size: small;\"><br \/>Nasce a Sondrio in un giorno in cui c&#8217;erano 2 metri e mezzo di neve e da quel giorno sono cresce in mezzo alla musica perch&egrave; se la ritrova addosso. Canta, costruisce batterie con fustini del Dixan, suona tastiere giocattolo o chitarre 100 volte pi&ugrave; grandi lui. Comincia lo studio della musica e del pianoforte, e all&#8217;et&agrave; di 13 anni comincia a sentire il bisogno di scrivere qualcosa di proprio, di cominciare a scrivere le prime parole e di poter dare a loro un suono, di scrivere semplicemente una canzone. Freddy mercury, i cantautori italiani da De Gregori a De Andr&egrave; passando per Vasco Rossi, o Bob Dylan, i Beatles e i Rolling Stones, i Pink Floyd sono i suoi riferimenti. Negli anni del Liceo l&#8217;incontro con Abi il coautore dei testi e delle musiche di Kiero. C&rsquo;&egrave; gente che si cerca e non si trova per tutta la vita, c&rsquo;&egrave; gente che poi invece quando si prende non si lascia pi&ugrave;, e con Abi e&rsquo; stato cos&igrave;. Kiero e &ldquo;Jimmi&rdquo;, detto cos&igrave; perch&eacute; suona come Hendrix cominciano chilometro dopo chilometro a correre dietro al sogno, dietro a quell&#8217;idea di poter suonare un giorno le loro canzoni. Chilometri passati in autostrada per raggiungere locali dove suonare piuttosto che i migliaia di concorsi e festival che popolano la nostra penisola; e ogni volta un sogno nel cuore che ad ogni battito vuole volare, e ogni volta una speranza e qualche volta la delusione per una serata che non e&#8217; andata come doveva andare, ma il giorno dopo gia&#8217; pronti a sorridere nuovamente alla musica. Poi, nel 2009 al Premio Donida vince il premio della critica di Mogol, lavora alle sue canzoni e ne porta una, Superlovers, al 54&deg; Festival di Castrocaro 2011 e, in prima serata su RAI 1, si aggiudica la vittoria assoluta.<\/span><\/span><\/span><\/p>\n<p style=\"margin-bottom: 0cm\" align=\"JUSTIFY\">\n<p style=\"margin-bottom: 0cm\"><span style=\"color: #000000;\"><span style=\"font-family: 'Times New Roman', serif;\"><span style=\"font-size: small;\"><strong>KIERO &ndash; Official Site<\/strong><\/span><\/span><\/span><span style=\"color: #000000;\"><span style=\"font-family: 'Times New Roman', serif;\"><span style=\"font-size: small;\"><br \/><\/span><\/span><\/span><span style=\"color: #0000ff;\"><span style=\"text-decoration: underline;\"><a href=\"http:\/\/www.kiero.it\/\"><span style=\"font-family: 'Times New Roman', serif;\"><span style=\"font-size: small;\">http:\/\/www.kiero.it\/<\/span><\/span><\/a><\/span><\/span><\/p>\n<p style=\"margin-bottom: 0cm\">\n<p style=\"margin-bottom: 0cm\"><span style=\"color: #000000;\"><span style=\"font-family: 'Times New Roman', serif;\"><span style=\"font-size: small;\">ufficio stampa<br \/><\/span><\/span><\/span><span style=\"color: #ff0000;\"><span style=\"font-family: 'Times New Roman', serif;\"><span style=\"font-size: small;\"><strong>PROTOSOUND<\/strong><\/span><\/span><\/span><span style=\"color: #000000;\"><span style=\"font-family: 'Times New Roman', serif;\"><span style=\"font-size: small;\"><strong> POLYPROJECT<\/strong><\/span><\/span><\/span><span style=\"color: #000000;\"><span style=\"font-family: 'Times New Roman', serif;\"><span style=\"font-size: small;\"> &ndash; <\/span><\/span><\/span><span style=\"color: #0000ff;\"><span style=\"text-decoration: underline;\"><a href=\"http:\/\/www.protosound.net\/\"><span style=\"font-family: 'Times New Roman', serif;\"><span style=\"font-size: small;\">www.protosound.net<\/span><\/span><\/a><\/span><\/span><\/p>\n<p style=\"margin-bottom: 0cm\"><span style=\"color: #ff3333;\"><span style=\"font-family: 'Times New Roman', serif;\"><span style=\"font-size: small;\"><strong>L&#8217;ALTOPARLANTE<\/strong><\/span><\/span><\/span><span style=\"color: #000000;\"><span style=\"font-family: 'Times New Roman', serif;\"><span style=\"font-size: small;\"> &ndash; <\/span><\/span><\/span><span style=\"color: #0000ff;\"><span style=\"text-decoration: underline;\"><a href=\"http:\/\/www.laltoparlante.it\/\"><span style=\"font-family: 'Times New Roman', serif;\"><span style=\"font-size: small;\">www.laltoparlante.it<\/span><\/span><\/a><\/span><\/span><\/p><\/p>\n","protected":false},"excerpt":{"rendered":"<p>Dopo aver vinto Castrocaro, con il conseguente successo radiofonico di \u201cSuperlovers\u201d, Kiero entra nei 30 della giuria di qualit\u00e0 di Sanremo Social, sfiorando la gara. Domenica per\u00f2 sar\u00e0 insieme a tutti i Big del Festival<\/p>\n","protected":false},"author":2,"featured_media":0,"comment_status":"open","ping_status":"open","sticky":false,"template":"","format":"standard","meta":{"_monsterinsights_skip_tracking":false,"_monsterinsights_sitenote_active":false,"_monsterinsights_sitenote_note":"","_monsterinsights_sitenote_category":0,"footnotes":""},"categories":[7603],"tags":[],"class_list":["post-50322","post","type-post","status-publish","format-standard","hentry","category-musica"],"acf":[],"yoast_head":"<!-- This site is optimized with the Yoast SEO plugin v24.6 - https:\/\/yoast.com\/wordpress\/plugins\/seo\/ -->\n<title>KIERO: sul palco dell\u2019Ariston il 19 febbraio a Domenica In presenta il nuovo singolo \u201cVattene\u201d. - area-press.eu - comunicati<\/title>\n<meta name=\"robots\" content=\"index, follow, max-snippet:-1, max-image-preview:large, max-video-preview:-1\" \/>\n<link rel=\"canonical\" href=\"https:\/\/www.area-press.eu\/comunicati\/kiero-sul-palco-dellariston-il-19-febbraio-a-domenica-in-presenta-il-nuovo-singolo-vattene\/\" \/>\n<meta property=\"og:locale\" content=\"it_IT\" \/>\n<meta property=\"og:type\" content=\"article\" \/>\n<meta property=\"og:title\" content=\"KIERO: sul palco dell\u2019Ariston il 19 febbraio a Domenica In presenta il nuovo singolo \u201cVattene\u201d. - area-press.eu - comunicati\" \/>\n<meta property=\"og:description\" content=\"Dopo aver vinto Castrocaro, con il conseguente successo radiofonico di \u201cSuperlovers\u201d, Kiero entra nei 30 della giuria di qualit\u00e0 di Sanremo Social, sfiorando la gara. Domenica per\u00f2 sar\u00e0 insieme a tutti i Big del Festival\" \/>\n<meta property=\"og:url\" content=\"https:\/\/www.area-press.eu\/comunicati\/kiero-sul-palco-dellariston-il-19-febbraio-a-domenica-in-presenta-il-nuovo-singolo-vattene\/\" \/>\n<meta property=\"og:site_name\" content=\"area-press.eu - comunicati\" \/>\n<meta property=\"article:published_time\" content=\"2012-02-15T23:00:00+00:00\" \/>\n<meta property=\"article:modified_time\" content=\"2020-08-09T22:10:20+00:00\" \/>\n<meta name=\"author\" content=\"Redazione area-press.eu\" \/>\n<meta name=\"twitter:card\" content=\"summary_large_image\" \/>\n<meta name=\"twitter:label1\" content=\"Scritto da\" \/>\n\t<meta name=\"twitter:data1\" content=\"Redazione area-press.eu\" \/>\n\t<meta name=\"twitter:label2\" content=\"Tempo di lettura stimato\" \/>\n\t<meta name=\"twitter:data2\" content=\"3 minuti\" \/>\n<script type=\"application\/ld+json\" class=\"yoast-schema-graph\">{\"@context\":\"https:\/\/schema.org\",\"@graph\":[{\"@type\":\"WebPage\",\"@id\":\"https:\/\/www.area-press.eu\/comunicati\/kiero-sul-palco-dellariston-il-19-febbraio-a-domenica-in-presenta-il-nuovo-singolo-vattene\/\",\"url\":\"https:\/\/www.area-press.eu\/comunicati\/kiero-sul-palco-dellariston-il-19-febbraio-a-domenica-in-presenta-il-nuovo-singolo-vattene\/\",\"name\":\"KIERO: sul palco dell\u2019Ariston il 19 febbraio a Domenica In presenta il nuovo singolo \u201cVattene\u201d. - area-press.eu - comunicati\",\"isPartOf\":{\"@id\":\"https:\/\/www.area-press.eu\/comunicati\/#website\"},\"datePublished\":\"2012-02-15T23:00:00+00:00\",\"dateModified\":\"2020-08-09T22:10:20+00:00\",\"author\":{\"@id\":\"https:\/\/www.area-press.eu\/comunicati\/#\/schema\/person\/c7a82e1cf7b2d105ee3708fcc74461f4\"},\"breadcrumb\":{\"@id\":\"https:\/\/www.area-press.eu\/comunicati\/kiero-sul-palco-dellariston-il-19-febbraio-a-domenica-in-presenta-il-nuovo-singolo-vattene\/#breadcrumb\"},\"inLanguage\":\"it-IT\",\"potentialAction\":[{\"@type\":\"ReadAction\",\"target\":[\"https:\/\/www.area-press.eu\/comunicati\/kiero-sul-palco-dellariston-il-19-febbraio-a-domenica-in-presenta-il-nuovo-singolo-vattene\/\"]}]},{\"@type\":\"BreadcrumbList\",\"@id\":\"https:\/\/www.area-press.eu\/comunicati\/kiero-sul-palco-dellariston-il-19-febbraio-a-domenica-in-presenta-il-nuovo-singolo-vattene\/#breadcrumb\",\"itemListElement\":[{\"@type\":\"ListItem\",\"position\":1,\"name\":\"Home\",\"item\":\"https:\/\/www.area-press.eu\/comunicati\/\"},{\"@type\":\"ListItem\",\"position\":2,\"name\":\"KIERO: sul palco dell\u2019Ariston il 19 febbraio a Domenica In presenta il nuovo singolo \u201cVattene\u201d.\"}]},{\"@type\":\"WebSite\",\"@id\":\"https:\/\/www.area-press.eu\/comunicati\/#website\",\"url\":\"https:\/\/www.area-press.eu\/comunicati\/\",\"name\":\"area-press.eu - comunicati\",\"description\":\"Press releases e comunicati stampa\",\"potentialAction\":[{\"@type\":\"SearchAction\",\"target\":{\"@type\":\"EntryPoint\",\"urlTemplate\":\"https:\/\/www.area-press.eu\/comunicati\/?s={search_term_string}\"},\"query-input\":{\"@type\":\"PropertyValueSpecification\",\"valueRequired\":true,\"valueName\":\"search_term_string\"}}],\"inLanguage\":\"it-IT\"},{\"@type\":\"Person\",\"@id\":\"https:\/\/www.area-press.eu\/comunicati\/#\/schema\/person\/c7a82e1cf7b2d105ee3708fcc74461f4\",\"name\":\"Redazione area-press.eu\",\"image\":{\"@type\":\"ImageObject\",\"inLanguage\":\"it-IT\",\"@id\":\"https:\/\/www.area-press.eu\/comunicati\/#\/schema\/person\/image\/\",\"url\":\"https:\/\/secure.gravatar.com\/avatar\/261e5fa13cfbce1e53c026c833f5e36744f89dcb35e4578439e7ced7c9b89537?s=96&d=mm&r=g\",\"contentUrl\":\"https:\/\/secure.gravatar.com\/avatar\/261e5fa13cfbce1e53c026c833f5e36744f89dcb35e4578439e7ced7c9b89537?s=96&d=mm&r=g\",\"caption\":\"Redazione area-press.eu\"},\"url\":\"https:\/\/www.area-press.eu\/comunicati\/author\/redazione-area-press-eu\/\"}]}<\/script>\n<!-- \/ Yoast SEO plugin. -->","yoast_head_json":{"title":"KIERO: sul palco dell\u2019Ariston il 19 febbraio a Domenica In presenta il nuovo singolo \u201cVattene\u201d. - area-press.eu - comunicati","robots":{"index":"index","follow":"follow","max-snippet":"max-snippet:-1","max-image-preview":"max-image-preview:large","max-video-preview":"max-video-preview:-1"},"canonical":"https:\/\/www.area-press.eu\/comunicati\/kiero-sul-palco-dellariston-il-19-febbraio-a-domenica-in-presenta-il-nuovo-singolo-vattene\/","og_locale":"it_IT","og_type":"article","og_title":"KIERO: sul palco dell\u2019Ariston il 19 febbraio a Domenica In presenta il nuovo singolo \u201cVattene\u201d. - area-press.eu - comunicati","og_description":"Dopo aver vinto Castrocaro, con il conseguente successo radiofonico di \u201cSuperlovers\u201d, Kiero entra nei 30 della giuria di qualit\u00e0 di Sanremo Social, sfiorando la gara. Domenica per\u00f2 sar\u00e0 insieme a tutti i Big del Festival","og_url":"https:\/\/www.area-press.eu\/comunicati\/kiero-sul-palco-dellariston-il-19-febbraio-a-domenica-in-presenta-il-nuovo-singolo-vattene\/","og_site_name":"area-press.eu - comunicati","article_published_time":"2012-02-15T23:00:00+00:00","article_modified_time":"2020-08-09T22:10:20+00:00","author":"Redazione area-press.eu","twitter_card":"summary_large_image","twitter_misc":{"Scritto da":"Redazione area-press.eu","Tempo di lettura stimato":"3 minuti"},"schema":{"@context":"https:\/\/schema.org","@graph":[{"@type":"WebPage","@id":"https:\/\/www.area-press.eu\/comunicati\/kiero-sul-palco-dellariston-il-19-febbraio-a-domenica-in-presenta-il-nuovo-singolo-vattene\/","url":"https:\/\/www.area-press.eu\/comunicati\/kiero-sul-palco-dellariston-il-19-febbraio-a-domenica-in-presenta-il-nuovo-singolo-vattene\/","name":"KIERO: sul palco dell\u2019Ariston il 19 febbraio a Domenica In presenta il nuovo singolo \u201cVattene\u201d. - area-press.eu - comunicati","isPartOf":{"@id":"https:\/\/www.area-press.eu\/comunicati\/#website"},"datePublished":"2012-02-15T23:00:00+00:00","dateModified":"2020-08-09T22:10:20+00:00","author":{"@id":"https:\/\/www.area-press.eu\/comunicati\/#\/schema\/person\/c7a82e1cf7b2d105ee3708fcc74461f4"},"breadcrumb":{"@id":"https:\/\/www.area-press.eu\/comunicati\/kiero-sul-palco-dellariston-il-19-febbraio-a-domenica-in-presenta-il-nuovo-singolo-vattene\/#breadcrumb"},"inLanguage":"it-IT","potentialAction":[{"@type":"ReadAction","target":["https:\/\/www.area-press.eu\/comunicati\/kiero-sul-palco-dellariston-il-19-febbraio-a-domenica-in-presenta-il-nuovo-singolo-vattene\/"]}]},{"@type":"BreadcrumbList","@id":"https:\/\/www.area-press.eu\/comunicati\/kiero-sul-palco-dellariston-il-19-febbraio-a-domenica-in-presenta-il-nuovo-singolo-vattene\/#breadcrumb","itemListElement":[{"@type":"ListItem","position":1,"name":"Home","item":"https:\/\/www.area-press.eu\/comunicati\/"},{"@type":"ListItem","position":2,"name":"KIERO: sul palco dell\u2019Ariston il 19 febbraio a Domenica In presenta il nuovo singolo \u201cVattene\u201d."}]},{"@type":"WebSite","@id":"https:\/\/www.area-press.eu\/comunicati\/#website","url":"https:\/\/www.area-press.eu\/comunicati\/","name":"area-press.eu - comunicati","description":"Press releases e comunicati stampa","potentialAction":[{"@type":"SearchAction","target":{"@type":"EntryPoint","urlTemplate":"https:\/\/www.area-press.eu\/comunicati\/?s={search_term_string}"},"query-input":{"@type":"PropertyValueSpecification","valueRequired":true,"valueName":"search_term_string"}}],"inLanguage":"it-IT"},{"@type":"Person","@id":"https:\/\/www.area-press.eu\/comunicati\/#\/schema\/person\/c7a82e1cf7b2d105ee3708fcc74461f4","name":"Redazione area-press.eu","image":{"@type":"ImageObject","inLanguage":"it-IT","@id":"https:\/\/www.area-press.eu\/comunicati\/#\/schema\/person\/image\/","url":"https:\/\/secure.gravatar.com\/avatar\/261e5fa13cfbce1e53c026c833f5e36744f89dcb35e4578439e7ced7c9b89537?s=96&d=mm&r=g","contentUrl":"https:\/\/secure.gravatar.com\/avatar\/261e5fa13cfbce1e53c026c833f5e36744f89dcb35e4578439e7ced7c9b89537?s=96&d=mm&r=g","caption":"Redazione area-press.eu"},"url":"https:\/\/www.area-press.eu\/comunicati\/author\/redazione-area-press-eu\/"}]}},"_links":{"self":[{"href":"https:\/\/www.area-press.eu\/comunicati\/wp-json\/wp\/v2\/posts\/50322","targetHints":{"allow":["GET"]}}],"collection":[{"href":"https:\/\/www.area-press.eu\/comunicati\/wp-json\/wp\/v2\/posts"}],"about":[{"href":"https:\/\/www.area-press.eu\/comunicati\/wp-json\/wp\/v2\/types\/post"}],"author":[{"embeddable":true,"href":"https:\/\/www.area-press.eu\/comunicati\/wp-json\/wp\/v2\/users\/2"}],"replies":[{"embeddable":true,"href":"https:\/\/www.area-press.eu\/comunicati\/wp-json\/wp\/v2\/comments?post=50322"}],"version-history":[{"count":1,"href":"https:\/\/www.area-press.eu\/comunicati\/wp-json\/wp\/v2\/posts\/50322\/revisions"}],"predecessor-version":[{"id":84888,"href":"https:\/\/www.area-press.eu\/comunicati\/wp-json\/wp\/v2\/posts\/50322\/revisions\/84888"}],"wp:attachment":[{"href":"https:\/\/www.area-press.eu\/comunicati\/wp-json\/wp\/v2\/media?parent=50322"}],"wp:term":[{"taxonomy":"category","embeddable":true,"href":"https:\/\/www.area-press.eu\/comunicati\/wp-json\/wp\/v2\/categories?post=50322"},{"taxonomy":"post_tag","embeddable":true,"href":"https:\/\/www.area-press.eu\/comunicati\/wp-json\/wp\/v2\/tags?post=50322"}],"curies":[{"name":"wp","href":"https:\/\/api.w.org\/{rel}","templated":true}]}}