{"id":47441,"date":"2011-11-22T00:00:00","date_gmt":"2011-11-21T23:00:00","guid":{"rendered":"http:\/\/www.area-press.eu\/comunicati\/divano-chester-eleganza-nell-arredamento-classico\/"},"modified":"2011-11-22T00:00:00","modified_gmt":"2011-11-21T23:00:00","slug":"divano-chester-eleganza-nell-arredamento-classico","status":"publish","type":"post","link":"https:\/\/www.area-press.eu\/comunicati\/divano-chester-eleganza-nell-arredamento-classico\/","title":{"rendered":"Divano Chester: Eleganza nell&#8217; arredamento classico"},"content":{"rendered":"<p><!-- VideographyWP Plugin Message: Automatic video embedding prevented by plugin options. --><\/p>\n<p>\nLe origini del divano Chester<br \/>\nAlcune persone pensano che il <a style=\"color: #0000ee; text-decoration: none;\" href=\"http:\/\/www.artemobili.it\/classico\/divani-e-poltrone\/divano-chester+i40.html\"><strong>divano Chester<\/strong><\/a> &egrave; cos&igrave; chiamato perch&eacute; deriva dal nome della citt&agrave; di Chesterfield in Derbyshire. Si dice infatti che sono stati chiamati cos&igrave; questi divani dal conte di Chesterfield &#8211; ma questo non &egrave; mai stato provato.<br \/>\nLa scelta di un<strong> divano Chester<\/strong> &egrave; una decisione importante &#8211; non si acquista un divano in pelle o tessuto ricoperto di pelle o tessuto, ma molto di pi&ugrave;.<br \/>\nLa prima forma di sedili mobili in grado di ospitare due o pi&ugrave; persone risale al 1500. Il pi&ugrave; comodo divano con schienale &egrave; stato creato nel tardo 17 &deg; secolo. Un divano tecnicamente &egrave; una poltrona allungata che ospita due o pi&ugrave; persone. Una poltrona &egrave; ancora definita come un posto lungo costituito da due cuscini di seduta e destinata ad accogliere due persone. Quindi da due cuscini in s&ugrave; &egrave; stato chiamato un divano.<br \/>\nL&#8217;origine probabile del divano parola &egrave; presa dal suffah arabo e si intende un sedile lungo rivestito di solito con le braccia e la schiena.<br \/>\nUn divano Chester &egrave; simile nella costruzione e nello stile al divano, soltanto pi&ugrave; grandi e pi&ugrave; confortevoli.<br \/>\nNel 18&deg; secolo il divano Chester prese piede, infatti f&ugrave; uno dei primi divani ad essere interamente imbottito. Tendiamo a pensare e a immaginare il divano Chesterfield in pelle, ma all&rsquo;inizio furono utilizzati i tessuti vittoriani.<br \/>\nUno sviluppo molto importante ha avuto luogo dopo il 1830. Il primo esempio di un divano in tessuto o pelle f&ugrave; imbottito di crine di cavallo e ovatta, ma dopo l&#8217;introduzione di divani imbottiti da circa 1830 i sedili e schienali sono state riempite di metallo molle a spirale supportata da cinghie dell&#8217;Assia, e poi ricoperto con strati di crine e ovatta. Al fine di fare spazio ai nuovi divani molle divenne pi&ugrave; profonda, pi&ugrave; ampia e quindi pi&ugrave; confortevole.<br \/>\nUn&#8217;altra parola utilizzata per definire un divano in tessuto o in pelle &egrave; couche, che deriva dal francese medio, che significa coricarsi, un divano era in realt&agrave; un letto, un divano che in realt&agrave; &egrave; un articolo di arredamento per la seduta o sdraiata. I francesi inoltre fanno riferimento ad un divano con un tipo di seduta allungata, tra cui la famosa Chaise longue, o sedia a sdraio, progettata per il riposo, piuttosto che dormire, di solito aveva un fine elevato.<br \/>\nIl divano Chester &egrave; sinonimo di qualit&agrave;, di classe ed eleganza<\/p>\n","protected":false},"excerpt":{"rendered":"<p>Alcune persone pensano che il divano Chester \u00e8 cos\u00ec chiamato perch\u00e9 deriva dal nome della citt\u00e0 di Chesterfield in Derbyshire.<\/p>\n","protected":false},"author":2,"featured_media":0,"comment_status":"open","ping_status":"open","sticky":false,"template":"","format":"standard","meta":{"_monsterinsights_skip_tracking":false,"_monsterinsights_sitenote_active":false,"_monsterinsights_sitenote_note":"","_monsterinsights_sitenote_category":0,"footnotes":""},"categories":[7621],"tags":[46892],"class_list":["post-47441","post","type-post","status-publish","format-standard","hentry","category-arte_cultura","tag-divano-chester"],"acf":[],"yoast_head":"<!-- This site is optimized with the Yoast SEO plugin v24.6 - https:\/\/yoast.com\/wordpress\/plugins\/seo\/ -->\n<title>Divano Chester: Eleganza nell&#039; arredamento classico - area-press.eu - comunicati<\/title>\n<meta name=\"robots\" content=\"index, follow, max-snippet:-1, max-image-preview:large, max-video-preview:-1\" \/>\n<link rel=\"canonical\" href=\"https:\/\/www.area-press.eu\/comunicati\/divano-chester-eleganza-nell-arredamento-classico\/\" \/>\n<meta property=\"og:locale\" content=\"it_IT\" \/>\n<meta property=\"og:type\" content=\"article\" \/>\n<meta property=\"og:title\" content=\"Divano Chester: Eleganza nell&#039; arredamento classico - area-press.eu - comunicati\" \/>\n<meta property=\"og:description\" content=\"Alcune persone pensano che il divano Chester \u00e8 cos\u00ec chiamato perch\u00e9 deriva dal nome della citt\u00e0 di Chesterfield in Derbyshire.\" \/>\n<meta property=\"og:url\" content=\"https:\/\/www.area-press.eu\/comunicati\/divano-chester-eleganza-nell-arredamento-classico\/\" \/>\n<meta property=\"og:site_name\" content=\"area-press.eu - comunicati\" \/>\n<meta property=\"article:published_time\" content=\"2011-11-21T23:00:00+00:00\" \/>\n<meta name=\"author\" content=\"Redazione area-press.eu\" \/>\n<meta name=\"twitter:card\" content=\"summary_large_image\" \/>\n<meta name=\"twitter:label1\" content=\"Scritto da\" \/>\n\t<meta name=\"twitter:data1\" content=\"Redazione area-press.eu\" \/>\n\t<meta name=\"twitter:label2\" content=\"Tempo di lettura stimato\" \/>\n\t<meta name=\"twitter:data2\" content=\"2 minuti\" \/>\n<script type=\"application\/ld+json\" class=\"yoast-schema-graph\">{\"@context\":\"https:\/\/schema.org\",\"@graph\":[{\"@type\":\"WebPage\",\"@id\":\"https:\/\/www.area-press.eu\/comunicati\/divano-chester-eleganza-nell-arredamento-classico\/\",\"url\":\"https:\/\/www.area-press.eu\/comunicati\/divano-chester-eleganza-nell-arredamento-classico\/\",\"name\":\"Divano Chester: Eleganza nell' arredamento classico - area-press.eu - comunicati\",\"isPartOf\":{\"@id\":\"https:\/\/www.area-press.eu\/comunicati\/#website\"},\"datePublished\":\"2011-11-21T23:00:00+00:00\",\"author\":{\"@id\":\"https:\/\/www.area-press.eu\/comunicati\/#\/schema\/person\/c7a82e1cf7b2d105ee3708fcc74461f4\"},\"breadcrumb\":{\"@id\":\"https:\/\/www.area-press.eu\/comunicati\/divano-chester-eleganza-nell-arredamento-classico\/#breadcrumb\"},\"inLanguage\":\"it-IT\",\"potentialAction\":[{\"@type\":\"ReadAction\",\"target\":[\"https:\/\/www.area-press.eu\/comunicati\/divano-chester-eleganza-nell-arredamento-classico\/\"]}]},{\"@type\":\"BreadcrumbList\",\"@id\":\"https:\/\/www.area-press.eu\/comunicati\/divano-chester-eleganza-nell-arredamento-classico\/#breadcrumb\",\"itemListElement\":[{\"@type\":\"ListItem\",\"position\":1,\"name\":\"Home\",\"item\":\"https:\/\/www.area-press.eu\/comunicati\/\"},{\"@type\":\"ListItem\",\"position\":2,\"name\":\"Divano Chester: Eleganza nell&#8217; arredamento classico\"}]},{\"@type\":\"WebSite\",\"@id\":\"https:\/\/www.area-press.eu\/comunicati\/#website\",\"url\":\"https:\/\/www.area-press.eu\/comunicati\/\",\"name\":\"area-press.eu - comunicati\",\"description\":\"Press releases e comunicati stampa\",\"potentialAction\":[{\"@type\":\"SearchAction\",\"target\":{\"@type\":\"EntryPoint\",\"urlTemplate\":\"https:\/\/www.area-press.eu\/comunicati\/?s={search_term_string}\"},\"query-input\":{\"@type\":\"PropertyValueSpecification\",\"valueRequired\":true,\"valueName\":\"search_term_string\"}}],\"inLanguage\":\"it-IT\"},{\"@type\":\"Person\",\"@id\":\"https:\/\/www.area-press.eu\/comunicati\/#\/schema\/person\/c7a82e1cf7b2d105ee3708fcc74461f4\",\"name\":\"Redazione area-press.eu\",\"image\":{\"@type\":\"ImageObject\",\"inLanguage\":\"it-IT\",\"@id\":\"https:\/\/www.area-press.eu\/comunicati\/#\/schema\/person\/image\/\",\"url\":\"https:\/\/secure.gravatar.com\/avatar\/261e5fa13cfbce1e53c026c833f5e36744f89dcb35e4578439e7ced7c9b89537?s=96&d=mm&r=g\",\"contentUrl\":\"https:\/\/secure.gravatar.com\/avatar\/261e5fa13cfbce1e53c026c833f5e36744f89dcb35e4578439e7ced7c9b89537?s=96&d=mm&r=g\",\"caption\":\"Redazione area-press.eu\"},\"url\":\"https:\/\/www.area-press.eu\/comunicati\/author\/redazione-area-press-eu\/\"}]}<\/script>\n<!-- \/ Yoast SEO plugin. -->","yoast_head_json":{"title":"Divano Chester: Eleganza nell' arredamento classico - area-press.eu - comunicati","robots":{"index":"index","follow":"follow","max-snippet":"max-snippet:-1","max-image-preview":"max-image-preview:large","max-video-preview":"max-video-preview:-1"},"canonical":"https:\/\/www.area-press.eu\/comunicati\/divano-chester-eleganza-nell-arredamento-classico\/","og_locale":"it_IT","og_type":"article","og_title":"Divano Chester: Eleganza nell' arredamento classico - area-press.eu - comunicati","og_description":"Alcune persone pensano che il divano Chester \u00e8 cos\u00ec chiamato perch\u00e9 deriva dal nome della citt\u00e0 di Chesterfield in Derbyshire.","og_url":"https:\/\/www.area-press.eu\/comunicati\/divano-chester-eleganza-nell-arredamento-classico\/","og_site_name":"area-press.eu - comunicati","article_published_time":"2011-11-21T23:00:00+00:00","author":"Redazione area-press.eu","twitter_card":"summary_large_image","twitter_misc":{"Scritto da":"Redazione area-press.eu","Tempo di lettura stimato":"2 minuti"},"schema":{"@context":"https:\/\/schema.org","@graph":[{"@type":"WebPage","@id":"https:\/\/www.area-press.eu\/comunicati\/divano-chester-eleganza-nell-arredamento-classico\/","url":"https:\/\/www.area-press.eu\/comunicati\/divano-chester-eleganza-nell-arredamento-classico\/","name":"Divano Chester: Eleganza nell' arredamento classico - area-press.eu - comunicati","isPartOf":{"@id":"https:\/\/www.area-press.eu\/comunicati\/#website"},"datePublished":"2011-11-21T23:00:00+00:00","author":{"@id":"https:\/\/www.area-press.eu\/comunicati\/#\/schema\/person\/c7a82e1cf7b2d105ee3708fcc74461f4"},"breadcrumb":{"@id":"https:\/\/www.area-press.eu\/comunicati\/divano-chester-eleganza-nell-arredamento-classico\/#breadcrumb"},"inLanguage":"it-IT","potentialAction":[{"@type":"ReadAction","target":["https:\/\/www.area-press.eu\/comunicati\/divano-chester-eleganza-nell-arredamento-classico\/"]}]},{"@type":"BreadcrumbList","@id":"https:\/\/www.area-press.eu\/comunicati\/divano-chester-eleganza-nell-arredamento-classico\/#breadcrumb","itemListElement":[{"@type":"ListItem","position":1,"name":"Home","item":"https:\/\/www.area-press.eu\/comunicati\/"},{"@type":"ListItem","position":2,"name":"Divano Chester: Eleganza nell&#8217; arredamento classico"}]},{"@type":"WebSite","@id":"https:\/\/www.area-press.eu\/comunicati\/#website","url":"https:\/\/www.area-press.eu\/comunicati\/","name":"area-press.eu - comunicati","description":"Press releases e comunicati stampa","potentialAction":[{"@type":"SearchAction","target":{"@type":"EntryPoint","urlTemplate":"https:\/\/www.area-press.eu\/comunicati\/?s={search_term_string}"},"query-input":{"@type":"PropertyValueSpecification","valueRequired":true,"valueName":"search_term_string"}}],"inLanguage":"it-IT"},{"@type":"Person","@id":"https:\/\/www.area-press.eu\/comunicati\/#\/schema\/person\/c7a82e1cf7b2d105ee3708fcc74461f4","name":"Redazione area-press.eu","image":{"@type":"ImageObject","inLanguage":"it-IT","@id":"https:\/\/www.area-press.eu\/comunicati\/#\/schema\/person\/image\/","url":"https:\/\/secure.gravatar.com\/avatar\/261e5fa13cfbce1e53c026c833f5e36744f89dcb35e4578439e7ced7c9b89537?s=96&d=mm&r=g","contentUrl":"https:\/\/secure.gravatar.com\/avatar\/261e5fa13cfbce1e53c026c833f5e36744f89dcb35e4578439e7ced7c9b89537?s=96&d=mm&r=g","caption":"Redazione area-press.eu"},"url":"https:\/\/www.area-press.eu\/comunicati\/author\/redazione-area-press-eu\/"}]}},"_links":{"self":[{"href":"https:\/\/www.area-press.eu\/comunicati\/wp-json\/wp\/v2\/posts\/47441","targetHints":{"allow":["GET"]}}],"collection":[{"href":"https:\/\/www.area-press.eu\/comunicati\/wp-json\/wp\/v2\/posts"}],"about":[{"href":"https:\/\/www.area-press.eu\/comunicati\/wp-json\/wp\/v2\/types\/post"}],"author":[{"embeddable":true,"href":"https:\/\/www.area-press.eu\/comunicati\/wp-json\/wp\/v2\/users\/2"}],"replies":[{"embeddable":true,"href":"https:\/\/www.area-press.eu\/comunicati\/wp-json\/wp\/v2\/comments?post=47441"}],"version-history":[{"count":0,"href":"https:\/\/www.area-press.eu\/comunicati\/wp-json\/wp\/v2\/posts\/47441\/revisions"}],"wp:attachment":[{"href":"https:\/\/www.area-press.eu\/comunicati\/wp-json\/wp\/v2\/media?parent=47441"}],"wp:term":[{"taxonomy":"category","embeddable":true,"href":"https:\/\/www.area-press.eu\/comunicati\/wp-json\/wp\/v2\/categories?post=47441"},{"taxonomy":"post_tag","embeddable":true,"href":"https:\/\/www.area-press.eu\/comunicati\/wp-json\/wp\/v2\/tags?post=47441"}],"curies":[{"name":"wp","href":"https:\/\/api.w.org\/{rel}","templated":true}]}}