{"id":43908,"date":"2011-08-01T00:00:00","date_gmt":"2011-07-31T22:00:00","guid":{"rendered":"http:\/\/www.area-press.eu\/comunicati\/eventi-musicali-nel-salento-scarica-il-pdf\/"},"modified":"2011-08-01T00:00:00","modified_gmt":"2011-07-31T22:00:00","slug":"eventi-musicali-nel-salento-scarica-il-pdf","status":"publish","type":"post","link":"https:\/\/www.area-press.eu\/comunicati\/eventi-musicali-nel-salento-scarica-il-pdf\/","title":{"rendered":"Eventi musicali nel Salento: scarica il pdf"},"content":{"rendered":"<p><!-- VideographyWP Plugin Message: Automatic video embedding prevented by plugin options. --><\/p>\n<p>La novit&agrave; di nonsolosalento.it render&agrave; pi&ugrave; comoda e veloce la ricerca degli eventi pi&ugrave; importanti della calda estate salentina. Un calendario con tutte le sagre, manifestazioni, concerti e appuntamenti musicali aggiornato giorno per giorno per i successivi quindici giorni.<\/p>\n<p>Nonsolosalento cura con attenzione tutti gli eventi in modo da offrire il meglio delle possibilit&agrave; ai turisti che passano le <a title=\"Organizza le tue vacanze in Puglia\" href=\"http:\/\/www.nonsolosalento.it\/\">vacanze in Puglia<\/a>. Ogni opzione &egrave; spiegata dettagliatamente, al fine di fornire quante pi&ugrave; informazioni sia possibile, e non esclude le altre: il calendario degli appuntamenti salentini &egrave; talmente colmo e vario da dare al turista l&rsquo;imbarazzo della scelta! La lunga lista <a title=\"Scarica la lista degli eventi nel Salento\" href=\"http:\/\/www.nonsolosalento.it\/public\/eventi.pdf\" class=\"broken_link\">eventi del Salento<\/a> in pdf, visualizzabile cliccando sull&rsquo;apposita sezione di nonsolosalento.it, presenta occasioni importanti e decisamente interessanti.<\/p>\n<p>Ma che Musica Maestro!!<\/p>\n<p>Un evento a cui vale la pena partecipare, senza ombra di dubbio &egrave; <a title=\"Notte della Taranta nel Salento\" href=\"http:\/\/www.nonsolosalento.it\/info_salento\/la_notte_della_taranta.htm\" class=\"broken_link\">La Notte della Taranta<\/a> a Melpignano (in agosto), fiore all&rsquo;occhiello della musica salentina, con artisti da ogni parte d&rsquo;Italia e ospiti di caratura internazionale: una manifestazione etno-culturale largamente riconosciuta e stimata dai pi&ugrave; come una delle pi&ugrave; significative dello Stivale! La musica popolare, Pizzica e Taranta, &egrave; apprezzabile grazie ai tanti gruppi musicali di tamburellisti e cantanti che si esibiscono pressoch&eacute; ogni giorno per tutta la Penisola Salentina. Per citare un evento che da anni va avanti con successo: TarantEthnica, a Ortelle; il nome garantisce. Ma perch&eacute; non parlare di Caprarica in Jazz? Un evento imperdibile per gli amanti del jazz e della musica raffinata, che nel corso del tempo ha avuto artisti di primissimo ordine: Franco Cerri, Irio de Paula e Vito Di Modugno. Gli eventi appena segnalati sono solo alcuni dei tantissimi presenti nel lungo elenco che troverete sul sito: il divertimento &egrave; certo!<\/p>\n","protected":false},"excerpt":{"rendered":"<p>La novit\u00e0 di nonsolosalento.it render\u00e0 pi\u00f9 comoda e veloce la ricerca degli eventi pi\u00f9 importanti della calda estate salentina. Un calendario con tutte le sagre, manifestazioni, concerti e appuntamenti musicali aggiornato giorno per giorno per i succ<\/p>\n","protected":false},"author":2,"featured_media":0,"comment_status":"open","ping_status":"open","sticky":false,"template":"","format":"standard","meta":{"_monsterinsights_skip_tracking":false,"_monsterinsights_sitenote_active":false,"_monsterinsights_sitenote_note":"","_monsterinsights_sitenote_category":0,"footnotes":""},"categories":[7603],"tags":[42813],"class_list":["post-43908","post","type-post","status-publish","format-standard","hentry","category-musica","tag-eventi-nel-salento"],"acf":[],"yoast_head":"<!-- This site is optimized with the Yoast SEO plugin v24.6 - https:\/\/yoast.com\/wordpress\/plugins\/seo\/ -->\n<title>Eventi musicali nel Salento: scarica il pdf - area-press.eu - comunicati<\/title>\n<meta name=\"robots\" content=\"index, follow, max-snippet:-1, max-image-preview:large, max-video-preview:-1\" \/>\n<link rel=\"canonical\" href=\"https:\/\/www.area-press.eu\/comunicati\/eventi-musicali-nel-salento-scarica-il-pdf\/\" \/>\n<meta property=\"og:locale\" content=\"it_IT\" \/>\n<meta property=\"og:type\" content=\"article\" \/>\n<meta property=\"og:title\" content=\"Eventi musicali nel Salento: scarica il pdf - area-press.eu - comunicati\" \/>\n<meta property=\"og:description\" content=\"La novit\u00e0 di nonsolosalento.it render\u00e0 pi\u00f9 comoda e veloce la ricerca degli eventi pi\u00f9 importanti della calda estate salentina. Un calendario con tutte le sagre, manifestazioni, concerti e appuntamenti musicali aggiornato giorno per giorno per i succ\" \/>\n<meta property=\"og:url\" content=\"https:\/\/www.area-press.eu\/comunicati\/eventi-musicali-nel-salento-scarica-il-pdf\/\" \/>\n<meta property=\"og:site_name\" content=\"area-press.eu - comunicati\" \/>\n<meta property=\"article:published_time\" content=\"2011-07-31T22:00:00+00:00\" \/>\n<meta name=\"author\" content=\"Redazione area-press.eu\" \/>\n<meta name=\"twitter:card\" content=\"summary_large_image\" \/>\n<meta name=\"twitter:label1\" content=\"Scritto da\" \/>\n\t<meta name=\"twitter:data1\" content=\"Redazione area-press.eu\" \/>\n\t<meta name=\"twitter:label2\" content=\"Tempo di lettura stimato\" \/>\n\t<meta name=\"twitter:data2\" content=\"2 minuti\" \/>\n<script type=\"application\/ld+json\" class=\"yoast-schema-graph\">{\"@context\":\"https:\/\/schema.org\",\"@graph\":[{\"@type\":\"WebPage\",\"@id\":\"https:\/\/www.area-press.eu\/comunicati\/eventi-musicali-nel-salento-scarica-il-pdf\/\",\"url\":\"https:\/\/www.area-press.eu\/comunicati\/eventi-musicali-nel-salento-scarica-il-pdf\/\",\"name\":\"Eventi musicali nel Salento: scarica il pdf - area-press.eu - comunicati\",\"isPartOf\":{\"@id\":\"https:\/\/www.area-press.eu\/comunicati\/#website\"},\"datePublished\":\"2011-07-31T22:00:00+00:00\",\"author\":{\"@id\":\"https:\/\/www.area-press.eu\/comunicati\/#\/schema\/person\/c7a82e1cf7b2d105ee3708fcc74461f4\"},\"breadcrumb\":{\"@id\":\"https:\/\/www.area-press.eu\/comunicati\/eventi-musicali-nel-salento-scarica-il-pdf\/#breadcrumb\"},\"inLanguage\":\"it-IT\",\"potentialAction\":[{\"@type\":\"ReadAction\",\"target\":[\"https:\/\/www.area-press.eu\/comunicati\/eventi-musicali-nel-salento-scarica-il-pdf\/\"]}]},{\"@type\":\"BreadcrumbList\",\"@id\":\"https:\/\/www.area-press.eu\/comunicati\/eventi-musicali-nel-salento-scarica-il-pdf\/#breadcrumb\",\"itemListElement\":[{\"@type\":\"ListItem\",\"position\":1,\"name\":\"Home\",\"item\":\"https:\/\/www.area-press.eu\/comunicati\/\"},{\"@type\":\"ListItem\",\"position\":2,\"name\":\"Eventi musicali nel Salento: scarica il pdf\"}]},{\"@type\":\"WebSite\",\"@id\":\"https:\/\/www.area-press.eu\/comunicati\/#website\",\"url\":\"https:\/\/www.area-press.eu\/comunicati\/\",\"name\":\"area-press.eu - comunicati\",\"description\":\"Press releases e comunicati stampa\",\"potentialAction\":[{\"@type\":\"SearchAction\",\"target\":{\"@type\":\"EntryPoint\",\"urlTemplate\":\"https:\/\/www.area-press.eu\/comunicati\/?s={search_term_string}\"},\"query-input\":{\"@type\":\"PropertyValueSpecification\",\"valueRequired\":true,\"valueName\":\"search_term_string\"}}],\"inLanguage\":\"it-IT\"},{\"@type\":\"Person\",\"@id\":\"https:\/\/www.area-press.eu\/comunicati\/#\/schema\/person\/c7a82e1cf7b2d105ee3708fcc74461f4\",\"name\":\"Redazione area-press.eu\",\"image\":{\"@type\":\"ImageObject\",\"inLanguage\":\"it-IT\",\"@id\":\"https:\/\/www.area-press.eu\/comunicati\/#\/schema\/person\/image\/\",\"url\":\"https:\/\/secure.gravatar.com\/avatar\/261e5fa13cfbce1e53c026c833f5e36744f89dcb35e4578439e7ced7c9b89537?s=96&d=mm&r=g\",\"contentUrl\":\"https:\/\/secure.gravatar.com\/avatar\/261e5fa13cfbce1e53c026c833f5e36744f89dcb35e4578439e7ced7c9b89537?s=96&d=mm&r=g\",\"caption\":\"Redazione area-press.eu\"},\"url\":\"https:\/\/www.area-press.eu\/comunicati\/author\/redazione-area-press-eu\/\"}]}<\/script>\n<!-- \/ Yoast SEO plugin. -->","yoast_head_json":{"title":"Eventi musicali nel Salento: scarica il pdf - area-press.eu - comunicati","robots":{"index":"index","follow":"follow","max-snippet":"max-snippet:-1","max-image-preview":"max-image-preview:large","max-video-preview":"max-video-preview:-1"},"canonical":"https:\/\/www.area-press.eu\/comunicati\/eventi-musicali-nel-salento-scarica-il-pdf\/","og_locale":"it_IT","og_type":"article","og_title":"Eventi musicali nel Salento: scarica il pdf - area-press.eu - comunicati","og_description":"La novit\u00e0 di nonsolosalento.it render\u00e0 pi\u00f9 comoda e veloce la ricerca degli eventi pi\u00f9 importanti della calda estate salentina. Un calendario con tutte le sagre, manifestazioni, concerti e appuntamenti musicali aggiornato giorno per giorno per i succ","og_url":"https:\/\/www.area-press.eu\/comunicati\/eventi-musicali-nel-salento-scarica-il-pdf\/","og_site_name":"area-press.eu - comunicati","article_published_time":"2011-07-31T22:00:00+00:00","author":"Redazione area-press.eu","twitter_card":"summary_large_image","twitter_misc":{"Scritto da":"Redazione area-press.eu","Tempo di lettura stimato":"2 minuti"},"schema":{"@context":"https:\/\/schema.org","@graph":[{"@type":"WebPage","@id":"https:\/\/www.area-press.eu\/comunicati\/eventi-musicali-nel-salento-scarica-il-pdf\/","url":"https:\/\/www.area-press.eu\/comunicati\/eventi-musicali-nel-salento-scarica-il-pdf\/","name":"Eventi musicali nel Salento: scarica il pdf - area-press.eu - comunicati","isPartOf":{"@id":"https:\/\/www.area-press.eu\/comunicati\/#website"},"datePublished":"2011-07-31T22:00:00+00:00","author":{"@id":"https:\/\/www.area-press.eu\/comunicati\/#\/schema\/person\/c7a82e1cf7b2d105ee3708fcc74461f4"},"breadcrumb":{"@id":"https:\/\/www.area-press.eu\/comunicati\/eventi-musicali-nel-salento-scarica-il-pdf\/#breadcrumb"},"inLanguage":"it-IT","potentialAction":[{"@type":"ReadAction","target":["https:\/\/www.area-press.eu\/comunicati\/eventi-musicali-nel-salento-scarica-il-pdf\/"]}]},{"@type":"BreadcrumbList","@id":"https:\/\/www.area-press.eu\/comunicati\/eventi-musicali-nel-salento-scarica-il-pdf\/#breadcrumb","itemListElement":[{"@type":"ListItem","position":1,"name":"Home","item":"https:\/\/www.area-press.eu\/comunicati\/"},{"@type":"ListItem","position":2,"name":"Eventi musicali nel Salento: scarica il pdf"}]},{"@type":"WebSite","@id":"https:\/\/www.area-press.eu\/comunicati\/#website","url":"https:\/\/www.area-press.eu\/comunicati\/","name":"area-press.eu - comunicati","description":"Press releases e comunicati stampa","potentialAction":[{"@type":"SearchAction","target":{"@type":"EntryPoint","urlTemplate":"https:\/\/www.area-press.eu\/comunicati\/?s={search_term_string}"},"query-input":{"@type":"PropertyValueSpecification","valueRequired":true,"valueName":"search_term_string"}}],"inLanguage":"it-IT"},{"@type":"Person","@id":"https:\/\/www.area-press.eu\/comunicati\/#\/schema\/person\/c7a82e1cf7b2d105ee3708fcc74461f4","name":"Redazione area-press.eu","image":{"@type":"ImageObject","inLanguage":"it-IT","@id":"https:\/\/www.area-press.eu\/comunicati\/#\/schema\/person\/image\/","url":"https:\/\/secure.gravatar.com\/avatar\/261e5fa13cfbce1e53c026c833f5e36744f89dcb35e4578439e7ced7c9b89537?s=96&d=mm&r=g","contentUrl":"https:\/\/secure.gravatar.com\/avatar\/261e5fa13cfbce1e53c026c833f5e36744f89dcb35e4578439e7ced7c9b89537?s=96&d=mm&r=g","caption":"Redazione area-press.eu"},"url":"https:\/\/www.area-press.eu\/comunicati\/author\/redazione-area-press-eu\/"}]}},"_links":{"self":[{"href":"https:\/\/www.area-press.eu\/comunicati\/wp-json\/wp\/v2\/posts\/43908","targetHints":{"allow":["GET"]}}],"collection":[{"href":"https:\/\/www.area-press.eu\/comunicati\/wp-json\/wp\/v2\/posts"}],"about":[{"href":"https:\/\/www.area-press.eu\/comunicati\/wp-json\/wp\/v2\/types\/post"}],"author":[{"embeddable":true,"href":"https:\/\/www.area-press.eu\/comunicati\/wp-json\/wp\/v2\/users\/2"}],"replies":[{"embeddable":true,"href":"https:\/\/www.area-press.eu\/comunicati\/wp-json\/wp\/v2\/comments?post=43908"}],"version-history":[{"count":0,"href":"https:\/\/www.area-press.eu\/comunicati\/wp-json\/wp\/v2\/posts\/43908\/revisions"}],"wp:attachment":[{"href":"https:\/\/www.area-press.eu\/comunicati\/wp-json\/wp\/v2\/media?parent=43908"}],"wp:term":[{"taxonomy":"category","embeddable":true,"href":"https:\/\/www.area-press.eu\/comunicati\/wp-json\/wp\/v2\/categories?post=43908"},{"taxonomy":"post_tag","embeddable":true,"href":"https:\/\/www.area-press.eu\/comunicati\/wp-json\/wp\/v2\/tags?post=43908"}],"curies":[{"name":"wp","href":"https:\/\/api.w.org\/{rel}","templated":true}]}}