{"id":43163,"date":"2011-07-11T00:00:00","date_gmt":"2011-07-10T22:00:00","guid":{"rendered":"http:\/\/www.area-press.eu\/comunicati\/playenergy-selezionati-gli-studenti-finalisti-della-prova-progetto-per-la-regione-calabria\/"},"modified":"2011-07-11T00:00:00","modified_gmt":"2011-07-10T22:00:00","slug":"playenergy-selezionati-gli-studenti-finalisti-della-prova-progetto-per-la-regione-calabria","status":"publish","type":"post","link":"https:\/\/www.area-press.eu\/comunicati\/playenergy-selezionati-gli-studenti-finalisti-della-prova-progetto-per-la-regione-calabria\/","title":{"rendered":"PLAYENERGY: SELEZIONATI GLI STUDENTI FINALISTI DELLA PROVA PROGETTO PER LA REGIONE CALABRIA"},"content":{"rendered":"<p><!-- VideographyWP Plugin Message: Automatic video embedding prevented by plugin options. --><\/p>\n<p class=\"MsoNormal\" style=\"margin: 0cm 0cm 20.05pt; background: white;\"><span style=\"font-family: &quot;Arial&quot;,&quot;sans-serif&quot;; color: #2e3c4d; font-size: 11pt; mso-fareast-font-family: 'Times New Roman';\">Gli studenti della Regione Calabria hanno aderito con grande entusiasmo e partecipazione a PlayEnergy, il progetto educativo promosso da Enel e dedicato a docenti e studenti delle scuole italiane ed estere, per conoscere il mondo dell&rsquo;energia attraverso i linguaggi e le tematiche della scienza.<\/span><\/p>\n<p class=\"MsoNormal\" style=\"margin: 0cm 0cm 20.05pt; background: white;\"><span style=\"font-family: &quot;Arial&quot;,&quot;sans-serif&quot;; color: #2e3c4d; font-size: 11pt; mso-fareast-font-family: 'Times New Roman';\"> La sfida della prova progetto, incentrata quest&rsquo;anno sul tema &ldquo;E tu di che energia sei?&rdquo; ha stimolato gli studenti a passare da scelte emozionali come &ldquo;il Sole &egrave; bello&rdquo; a scelte pi&ugrave; consapevoli come &ldquo;il Sole &egrave; bello ma, da solo, non basta a coprire il fabbisogno elettrico nazionale&rdquo;. Bambini e ragazzi hanno elaborato idee, proposto soluzioni che riconoscono che ad ogni Paese serve un mix di energie bilanciato e ancora prima serve l&rsquo;impegno di tutti a non sprecare l&rsquo;energia che viene prodotta. <\/span><\/p>\n<p class=\"MsoNormal\" style=\"margin: 0cm 0cm 20.05pt; background: white;\"><span style=\"font-family: &quot;Arial&quot;,&quot;sans-serif&quot;; color: #2e3c4d; font-size: 11pt; mso-fareast-font-family: 'Times New Roman';\">Si tratta di temi che stimolano a mettere in gioco il proprio estro creativo con zero confini nelle modalit&agrave; espressive: tutto ci&ograve; che &egrave; stato scoperto pu&ograve; prendere la forma di disegni, fumetti, fotografie, video, scritti, plastici, collage, giochi in scatola, spettacoli teatrali, puzzle&#8230;. <\/span><\/p>\n<p class=\"MsoNormal\" style=\"margin: 0cm 0cm 20.05pt; background: white;\"><span style=\"font-family: &quot;Arial&quot;,&quot;sans-serif&quot;; color: #2e3c4d; font-size: 11pt; mso-fareast-font-family: 'Times New Roman';\">La giuria, composta da rappresentanti Enel, delle istituzioni &#8211; tra cui l&rsquo;Assessore alla Scuola del Comune di Cosenza, Marina Mach&igrave;- del mondo scolastico e dell&rsquo;informazione &ndash; ha valutato gli oltre 80 progetti elaborati dagli studenti. Per la Regione Calabria le classi finaliste che si aggiudicano il premio regionale e passano alla selezione nazionale sono: <\/span><\/p>\n<p class=\"MsoNormal\" style=\"margin: 0cm 0cm 20.05pt; background: white;\"><span style=\"font-family: &quot;Arial&quot;,&quot;sans-serif&quot;; color: #2e3c4d; font-size: 11pt; mso-fareast-font-family: 'Times New Roman';\">&#8211; Scuola Primaria classe 5&deg;A\/B\/C Istituto Comprensivo Montalto Uffugo Scalo (CS)- insegnanti Maria Anselmo e Eugenia Ventrella; <\/span><\/p>\n<p class=\"MsoNormal\" style=\"margin: 0cm 0cm 20.05pt; background: white;\"><span style=\"font-family: &quot;Arial&quot;,&quot;sans-serif&quot;; color: #2e3c4d; font-size: 11pt; mso-fareast-font-family: 'Times New Roman';\">&#8211; Scuola Secondaria di I grado classe I II e III C Scuola Paterno C. &ndash;Istituto Comprensivo Statale &ldquo; S. Valentini&rdquo; &ndash; Dipignano (CS) &ndash; insegnante Sergio Lojercio;<\/span><\/p>\n<p class=\"MsoNormal\" style=\"margin: 0cm 0cm 20.05pt; background: white;\"><span style=\"font-family: &quot;Arial&quot;,&quot;sans-serif&quot;; color: #2e3c4d; font-size: 11pt; mso-fareast-font-family: 'Times New Roman';\"> &#8211; Scuola Secondaria di II grado classe 3 A- ITIS Geom. &ldquo; A. Righi&rdquo; Reggio Calabria- prof.ssa Paola Nasti. <\/span><\/p>\n<p class=\"MsoNormal\" style=\"margin: 0cm 0cm 20.05pt; background: white;\"><span style=\"font-family: &quot;Arial&quot;,&quot;sans-serif&quot;; color: #2e3c4d; font-size: 11pt; mso-fareast-font-family: 'Times New Roman';\">La giuria ha inoltre assegnato delle menzioni speciali alle seguenti classi &ndash;alle quali andr&agrave; una targa ricordo e il diritto di partecipare alla selezione nazionale-:<\/span><\/p>\n<p class=\"MsoNormal\" style=\"margin: 0cm 0cm 20.05pt; background: white;\"><span style=\"font-family: &quot;Arial&quot;,&quot;sans-serif&quot;; color: #2e3c4d; font-size: 11pt; mso-fareast-font-family: 'Times New Roman';\"> Per la Scuola Primaria: <\/span><\/p>\n<p class=\"MsoNormal\" style=\"margin: 0cm 0cm 20.05pt; background: white;\"><span style=\"font-family: &quot;Arial&quot;,&quot;sans-serif&quot;; color: #2e3c4d; font-size: 11pt; mso-fareast-font-family: 'Times New Roman';\">&#8211; classe IV A e IV B- Dir. Didattica I Circolo plesso S.Francesco- Paola (CS) &ndash;insegnante Rosanna Grassina; <\/span><\/p>\n<p class=\"MsoNormal\" style=\"margin: 0cm 0cm 20.05pt; background: white;\"><span style=\"font-family: &quot;Arial&quot;,&quot;sans-serif&quot;; color: #2e3c4d; font-size: 11pt; mso-fareast-font-family: 'Times New Roman';\">&#8211; classe IV A Primaria Quattromiglia di Rende (CS)- insegnante Rina Marino; <\/span><\/p>\n<p class=\"MsoNormal\" style=\"margin: 0cm 0cm 20.05pt; background: white;\"><span style=\"font-family: &quot;Arial&quot;,&quot;sans-serif&quot;; color: #2e3c4d; font-size: 11pt; mso-fareast-font-family: 'Times New Roman';\">&#8211; classe IV D Istituto Comprensivo 1 di Rende (CS)- insegnante Italo Scalese; Per la Scuola Secondaria di I grado: <\/span><\/p>\n<p class=\"MsoNormal\" style=\"margin: 0cm 0cm 20.05pt; background: white;\"><span style=\"font-family: &quot;Arial&quot;,&quot;sans-serif&quot;; color: #2e3c4d; font-size: 11pt; mso-fareast-font-family: 'Times New Roman';\">&#8211; classe III B III E e III F &#8211; Scuola media &ldquo; A.G. Roncalli&rdquo;- Rossano (CS)- insegnante Aldo Lucisano; <\/span><\/p>\n<p class=\"MsoNormal\" style=\"margin: 0cm 0cm 20.05pt; background: white;\"><span style=\"font-family: &quot;Arial&quot;,&quot;sans-serif&quot;; color: #2e3c4d; font-size: 11pt; mso-fareast-font-family: 'Times New Roman';\">&#8211; classe Comprensivo Statale &ldquo; S. Valentini&rdquo; &ndash; Dipignano (CS)&ndash; insegnante Sergio Lojercio Per la Scuola Secondaria II grado:<\/span><\/p>\n<p class=\"MsoNormal\" style=\"margin: 0cm 0cm 20.05pt; background: white;\"><span style=\"font-family: &quot;Arial&quot;,&quot;sans-serif&quot;; color: #2e3c4d; font-size: 11pt; mso-fareast-font-family: 'Times New Roman';\"> -classe II H Liceo Classico &ldquo; G. da Fiore&rdquo; &ndash; Rende (CS) &#8211; prof.ssa Palmina Castellano; <\/span><\/p>\n","protected":false},"excerpt":{"rendered":"<p>Il Concorso \u201cE tu di che energia sei?\u201d si \u00e8 avviato verso la conclusione finale. Venerd\u00ec Oggi si \u00e8 chiusa la fase alla quale gli studenti calabresi hanno aderito con grande entusiasmo inviando circa 80 progetti.<\/p>\n","protected":false},"author":2,"featured_media":0,"comment_status":"open","ping_status":"open","sticky":false,"template":"","format":"standard","meta":{"_monsterinsights_skip_tracking":false,"_monsterinsights_sitenote_active":false,"_monsterinsights_sitenote_note":"","_monsterinsights_sitenote_category":0,"footnotes":""},"categories":[7621],"tags":[],"class_list":["post-43163","post","type-post","status-publish","format-standard","hentry","category-arte_cultura"],"acf":[],"yoast_head":"<!-- This site is optimized with the Yoast SEO plugin v24.6 - https:\/\/yoast.com\/wordpress\/plugins\/seo\/ -->\n<title>PLAYENERGY: SELEZIONATI GLI STUDENTI FINALISTI DELLA PROVA PROGETTO PER LA REGIONE CALABRIA - area-press.eu - comunicati<\/title>\n<meta name=\"robots\" content=\"index, follow, max-snippet:-1, max-image-preview:large, max-video-preview:-1\" \/>\n<link rel=\"canonical\" href=\"https:\/\/www.area-press.eu\/comunicati\/playenergy-selezionati-gli-studenti-finalisti-della-prova-progetto-per-la-regione-calabria\/\" \/>\n<meta property=\"og:locale\" content=\"it_IT\" \/>\n<meta property=\"og:type\" content=\"article\" \/>\n<meta property=\"og:title\" content=\"PLAYENERGY: SELEZIONATI GLI STUDENTI FINALISTI DELLA PROVA PROGETTO PER LA REGIONE CALABRIA - area-press.eu - comunicati\" \/>\n<meta property=\"og:description\" content=\"Il Concorso \u201cE tu di che energia sei?\u201d si \u00e8 avviato verso la conclusione finale. Venerd\u00ec Oggi si \u00e8 chiusa la fase alla quale gli studenti calabresi hanno aderito con grande entusiasmo inviando circa 80 progetti.\" \/>\n<meta property=\"og:url\" content=\"https:\/\/www.area-press.eu\/comunicati\/playenergy-selezionati-gli-studenti-finalisti-della-prova-progetto-per-la-regione-calabria\/\" \/>\n<meta property=\"og:site_name\" content=\"area-press.eu - comunicati\" \/>\n<meta property=\"article:published_time\" content=\"2011-07-10T22:00:00+00:00\" \/>\n<meta name=\"author\" content=\"Redazione area-press.eu\" \/>\n<meta name=\"twitter:card\" content=\"summary_large_image\" \/>\n<meta name=\"twitter:label1\" content=\"Scritto da\" \/>\n\t<meta name=\"twitter:data1\" content=\"Redazione area-press.eu\" \/>\n\t<meta name=\"twitter:label2\" content=\"Tempo di lettura stimato\" \/>\n\t<meta name=\"twitter:data2\" content=\"2 minuti\" \/>\n<script type=\"application\/ld+json\" class=\"yoast-schema-graph\">{\"@context\":\"https:\/\/schema.org\",\"@graph\":[{\"@type\":\"WebPage\",\"@id\":\"https:\/\/www.area-press.eu\/comunicati\/playenergy-selezionati-gli-studenti-finalisti-della-prova-progetto-per-la-regione-calabria\/\",\"url\":\"https:\/\/www.area-press.eu\/comunicati\/playenergy-selezionati-gli-studenti-finalisti-della-prova-progetto-per-la-regione-calabria\/\",\"name\":\"PLAYENERGY: SELEZIONATI GLI STUDENTI FINALISTI DELLA PROVA PROGETTO PER LA REGIONE CALABRIA - area-press.eu - comunicati\",\"isPartOf\":{\"@id\":\"https:\/\/www.area-press.eu\/comunicati\/#website\"},\"datePublished\":\"2011-07-10T22:00:00+00:00\",\"author\":{\"@id\":\"https:\/\/www.area-press.eu\/comunicati\/#\/schema\/person\/c7a82e1cf7b2d105ee3708fcc74461f4\"},\"breadcrumb\":{\"@id\":\"https:\/\/www.area-press.eu\/comunicati\/playenergy-selezionati-gli-studenti-finalisti-della-prova-progetto-per-la-regione-calabria\/#breadcrumb\"},\"inLanguage\":\"it-IT\",\"potentialAction\":[{\"@type\":\"ReadAction\",\"target\":[\"https:\/\/www.area-press.eu\/comunicati\/playenergy-selezionati-gli-studenti-finalisti-della-prova-progetto-per-la-regione-calabria\/\"]}]},{\"@type\":\"BreadcrumbList\",\"@id\":\"https:\/\/www.area-press.eu\/comunicati\/playenergy-selezionati-gli-studenti-finalisti-della-prova-progetto-per-la-regione-calabria\/#breadcrumb\",\"itemListElement\":[{\"@type\":\"ListItem\",\"position\":1,\"name\":\"Home\",\"item\":\"https:\/\/www.area-press.eu\/comunicati\/\"},{\"@type\":\"ListItem\",\"position\":2,\"name\":\"PLAYENERGY: SELEZIONATI GLI STUDENTI FINALISTI DELLA PROVA PROGETTO PER LA REGIONE CALABRIA\"}]},{\"@type\":\"WebSite\",\"@id\":\"https:\/\/www.area-press.eu\/comunicati\/#website\",\"url\":\"https:\/\/www.area-press.eu\/comunicati\/\",\"name\":\"area-press.eu - comunicati\",\"description\":\"Press releases e comunicati stampa\",\"potentialAction\":[{\"@type\":\"SearchAction\",\"target\":{\"@type\":\"EntryPoint\",\"urlTemplate\":\"https:\/\/www.area-press.eu\/comunicati\/?s={search_term_string}\"},\"query-input\":{\"@type\":\"PropertyValueSpecification\",\"valueRequired\":true,\"valueName\":\"search_term_string\"}}],\"inLanguage\":\"it-IT\"},{\"@type\":\"Person\",\"@id\":\"https:\/\/www.area-press.eu\/comunicati\/#\/schema\/person\/c7a82e1cf7b2d105ee3708fcc74461f4\",\"name\":\"Redazione area-press.eu\",\"image\":{\"@type\":\"ImageObject\",\"inLanguage\":\"it-IT\",\"@id\":\"https:\/\/www.area-press.eu\/comunicati\/#\/schema\/person\/image\/\",\"url\":\"https:\/\/secure.gravatar.com\/avatar\/261e5fa13cfbce1e53c026c833f5e36744f89dcb35e4578439e7ced7c9b89537?s=96&d=mm&r=g\",\"contentUrl\":\"https:\/\/secure.gravatar.com\/avatar\/261e5fa13cfbce1e53c026c833f5e36744f89dcb35e4578439e7ced7c9b89537?s=96&d=mm&r=g\",\"caption\":\"Redazione area-press.eu\"},\"url\":\"https:\/\/www.area-press.eu\/comunicati\/author\/redazione-area-press-eu\/\"}]}<\/script>\n<!-- \/ Yoast SEO plugin. -->","yoast_head_json":{"title":"PLAYENERGY: SELEZIONATI GLI STUDENTI FINALISTI DELLA PROVA PROGETTO PER LA REGIONE CALABRIA - area-press.eu - comunicati","robots":{"index":"index","follow":"follow","max-snippet":"max-snippet:-1","max-image-preview":"max-image-preview:large","max-video-preview":"max-video-preview:-1"},"canonical":"https:\/\/www.area-press.eu\/comunicati\/playenergy-selezionati-gli-studenti-finalisti-della-prova-progetto-per-la-regione-calabria\/","og_locale":"it_IT","og_type":"article","og_title":"PLAYENERGY: SELEZIONATI GLI STUDENTI FINALISTI DELLA PROVA PROGETTO PER LA REGIONE CALABRIA - area-press.eu - comunicati","og_description":"Il Concorso \u201cE tu di che energia sei?\u201d si \u00e8 avviato verso la conclusione finale. Venerd\u00ec Oggi si \u00e8 chiusa la fase alla quale gli studenti calabresi hanno aderito con grande entusiasmo inviando circa 80 progetti.","og_url":"https:\/\/www.area-press.eu\/comunicati\/playenergy-selezionati-gli-studenti-finalisti-della-prova-progetto-per-la-regione-calabria\/","og_site_name":"area-press.eu - comunicati","article_published_time":"2011-07-10T22:00:00+00:00","author":"Redazione area-press.eu","twitter_card":"summary_large_image","twitter_misc":{"Scritto da":"Redazione area-press.eu","Tempo di lettura stimato":"2 minuti"},"schema":{"@context":"https:\/\/schema.org","@graph":[{"@type":"WebPage","@id":"https:\/\/www.area-press.eu\/comunicati\/playenergy-selezionati-gli-studenti-finalisti-della-prova-progetto-per-la-regione-calabria\/","url":"https:\/\/www.area-press.eu\/comunicati\/playenergy-selezionati-gli-studenti-finalisti-della-prova-progetto-per-la-regione-calabria\/","name":"PLAYENERGY: SELEZIONATI GLI STUDENTI FINALISTI DELLA PROVA PROGETTO PER LA REGIONE CALABRIA - area-press.eu - comunicati","isPartOf":{"@id":"https:\/\/www.area-press.eu\/comunicati\/#website"},"datePublished":"2011-07-10T22:00:00+00:00","author":{"@id":"https:\/\/www.area-press.eu\/comunicati\/#\/schema\/person\/c7a82e1cf7b2d105ee3708fcc74461f4"},"breadcrumb":{"@id":"https:\/\/www.area-press.eu\/comunicati\/playenergy-selezionati-gli-studenti-finalisti-della-prova-progetto-per-la-regione-calabria\/#breadcrumb"},"inLanguage":"it-IT","potentialAction":[{"@type":"ReadAction","target":["https:\/\/www.area-press.eu\/comunicati\/playenergy-selezionati-gli-studenti-finalisti-della-prova-progetto-per-la-regione-calabria\/"]}]},{"@type":"BreadcrumbList","@id":"https:\/\/www.area-press.eu\/comunicati\/playenergy-selezionati-gli-studenti-finalisti-della-prova-progetto-per-la-regione-calabria\/#breadcrumb","itemListElement":[{"@type":"ListItem","position":1,"name":"Home","item":"https:\/\/www.area-press.eu\/comunicati\/"},{"@type":"ListItem","position":2,"name":"PLAYENERGY: SELEZIONATI GLI STUDENTI FINALISTI DELLA PROVA PROGETTO PER LA REGIONE CALABRIA"}]},{"@type":"WebSite","@id":"https:\/\/www.area-press.eu\/comunicati\/#website","url":"https:\/\/www.area-press.eu\/comunicati\/","name":"area-press.eu - comunicati","description":"Press releases e comunicati stampa","potentialAction":[{"@type":"SearchAction","target":{"@type":"EntryPoint","urlTemplate":"https:\/\/www.area-press.eu\/comunicati\/?s={search_term_string}"},"query-input":{"@type":"PropertyValueSpecification","valueRequired":true,"valueName":"search_term_string"}}],"inLanguage":"it-IT"},{"@type":"Person","@id":"https:\/\/www.area-press.eu\/comunicati\/#\/schema\/person\/c7a82e1cf7b2d105ee3708fcc74461f4","name":"Redazione area-press.eu","image":{"@type":"ImageObject","inLanguage":"it-IT","@id":"https:\/\/www.area-press.eu\/comunicati\/#\/schema\/person\/image\/","url":"https:\/\/secure.gravatar.com\/avatar\/261e5fa13cfbce1e53c026c833f5e36744f89dcb35e4578439e7ced7c9b89537?s=96&d=mm&r=g","contentUrl":"https:\/\/secure.gravatar.com\/avatar\/261e5fa13cfbce1e53c026c833f5e36744f89dcb35e4578439e7ced7c9b89537?s=96&d=mm&r=g","caption":"Redazione area-press.eu"},"url":"https:\/\/www.area-press.eu\/comunicati\/author\/redazione-area-press-eu\/"}]}},"_links":{"self":[{"href":"https:\/\/www.area-press.eu\/comunicati\/wp-json\/wp\/v2\/posts\/43163","targetHints":{"allow":["GET"]}}],"collection":[{"href":"https:\/\/www.area-press.eu\/comunicati\/wp-json\/wp\/v2\/posts"}],"about":[{"href":"https:\/\/www.area-press.eu\/comunicati\/wp-json\/wp\/v2\/types\/post"}],"author":[{"embeddable":true,"href":"https:\/\/www.area-press.eu\/comunicati\/wp-json\/wp\/v2\/users\/2"}],"replies":[{"embeddable":true,"href":"https:\/\/www.area-press.eu\/comunicati\/wp-json\/wp\/v2\/comments?post=43163"}],"version-history":[{"count":0,"href":"https:\/\/www.area-press.eu\/comunicati\/wp-json\/wp\/v2\/posts\/43163\/revisions"}],"wp:attachment":[{"href":"https:\/\/www.area-press.eu\/comunicati\/wp-json\/wp\/v2\/media?parent=43163"}],"wp:term":[{"taxonomy":"category","embeddable":true,"href":"https:\/\/www.area-press.eu\/comunicati\/wp-json\/wp\/v2\/categories?post=43163"},{"taxonomy":"post_tag","embeddable":true,"href":"https:\/\/www.area-press.eu\/comunicati\/wp-json\/wp\/v2\/tags?post=43163"}],"curies":[{"name":"wp","href":"https:\/\/api.w.org\/{rel}","templated":true}]}}