{"id":41308,"date":"2011-05-17T00:00:00","date_gmt":"2011-05-16T22:00:00","guid":{"rendered":"http:\/\/www.area-press.eu\/comunicati\/temprarsi-in-trentino\/"},"modified":"2011-05-17T00:00:00","modified_gmt":"2011-05-16T22:00:00","slug":"temprarsi-in-trentino","status":"publish","type":"post","link":"https:\/\/www.area-press.eu\/comunicati\/temprarsi-in-trentino\/","title":{"rendered":"Temprarsi in Trentino"},"content":{"rendered":"<p><!-- VideographyWP Plugin Message: Automatic video embedding prevented by plugin options. --><\/p>\n<p>Assuefatti al traffico, allo smog e ai rumori molesti della citt&agrave;, spesso ci dimentichiamo di come la vita possa essere anche altro che un continuo spostamento da un semaforo all&rsquo;altro o da una grigia e sporca stazione della metropolitana alla successiva. Certo, forse non saperlo o non pensarci eviterebbe un buon quantitativo di frustrazione. Ma non quando si ha in mente di prenotare le proprie vacanze estive.<\/p>\n<p>Cosa c&rsquo;&egrave; di meglio, infatti, che poter dimenticare per qualche giorno tutto quello che dell&rsquo;ambiente urbano ci stressa? E poi solo rigenerandosi in un posto incontaminato da smog e inquinamento acustico si pu&ograve; ripartire di slancio quando &egrave; il momento di tornare alla propria scrivania e alle proprie incombenze quotidiane.<\/p>\n<p class=\"MsoNormal\">Dove andare? Una delle mete pi&ugrave; gettonate &egrave; il Trentino Alto Adige, proprio perch&eacute; la regione offre tutto quello che in citt&agrave; &egrave; meno di un lontano ricordo: aria pura, prati verdi e boschi, piante e fiori spontanei, animali liberi che scorrazzano per i sentieri, tradizioni popolari e attivit&agrave; di ogni tipo.<\/p>\n<p class=\"MsoNormal\">Per avere un concentrato di tutte queste ricchezze, in modo da farne riserva per i grigi mesi autunnali, la parola chiave &egrave; &ldquo;<a href=\"http:\/\/www.visittrentino.it\/it\/dove_dormire\/alberghi_a_tema\/dettagli\/dett\/agriturismo\" class=\"broken_link\">agriturismo Trentino<\/a>&rdquo;: qui cibo, paesaggi, attivit&agrave; all&rsquo;aria aperta si mescolano in un mix a dir poco energizzante. E se il fisico, e l&rsquo;adattabilit&agrave;, ve lo permettono, ancor pi&ugrave; adatto potrebbe essere l&rsquo;argomento &ldquo;<a href=\"http:\/\/www.visittrentino.it\/it\/dove_dormire\/strutture\/risultati?accoCatType.accoType=CAMPSITE&amp;destination=altipiani-di-folgaria-lavarone-e-luserna&amp;clubs=campeggi-trentino-totale&amp;stx=Ricerca%20campeggi:%20Altipiani%20di%20Folgaria,%20Lavarone%20e%20Luserna\" class=\"broken_link\">campeggi Lavarone<\/a>&rdquo;: aree attrezzate oltre i 1.000 metri di altitudine, costeggiate da boschi rigogliosi e da un bellissimo lago.<\/p>\n<p class=\"MsoNormal\">Tornerete in ufficio temprati dal sole e dalla pi&ugrave; autentica aria del Trentino.<\/p><\/p>\n","protected":false},"excerpt":{"rendered":"<p>Desiderate dare un taglio alla routine per scappare in un\u2019oasi di relax? C\u2019\u00e8 una buona notizia: non \u00e8 poi cos\u00ec lontana\u2026<\/p>\n","protected":false},"author":2,"featured_media":0,"comment_status":"open","ping_status":"open","sticky":false,"template":"","format":"standard","meta":{"_monsterinsights_skip_tracking":false,"_monsterinsights_sitenote_active":false,"_monsterinsights_sitenote_note":"","_monsterinsights_sitenote_category":0,"footnotes":""},"categories":[7559],"tags":[39424,39423],"class_list":["post-41308","post","type-post","status-publish","format-standard","hentry","category-turismo","tag-agriturismo-trentino","tag-campeggi-lavarone"],"acf":[],"yoast_head":"<!-- This site is optimized with the Yoast SEO plugin v24.6 - https:\/\/yoast.com\/wordpress\/plugins\/seo\/ -->\n<title>Temprarsi in Trentino - area-press.eu - comunicati<\/title>\n<meta name=\"robots\" content=\"index, follow, max-snippet:-1, max-image-preview:large, max-video-preview:-1\" \/>\n<link rel=\"canonical\" href=\"https:\/\/www.area-press.eu\/comunicati\/temprarsi-in-trentino\/\" \/>\n<meta property=\"og:locale\" content=\"it_IT\" \/>\n<meta property=\"og:type\" content=\"article\" \/>\n<meta property=\"og:title\" content=\"Temprarsi in Trentino - area-press.eu - comunicati\" \/>\n<meta property=\"og:description\" content=\"Desiderate dare un taglio alla routine per scappare in un\u2019oasi di relax? C\u2019\u00e8 una buona notizia: non \u00e8 poi cos\u00ec lontana\u2026\" \/>\n<meta property=\"og:url\" content=\"https:\/\/www.area-press.eu\/comunicati\/temprarsi-in-trentino\/\" \/>\n<meta property=\"og:site_name\" content=\"area-press.eu - comunicati\" \/>\n<meta property=\"article:published_time\" content=\"2011-05-16T22:00:00+00:00\" \/>\n<meta name=\"author\" content=\"Redazione area-press.eu\" \/>\n<meta name=\"twitter:card\" content=\"summary_large_image\" \/>\n<meta name=\"twitter:label1\" content=\"Scritto da\" \/>\n\t<meta name=\"twitter:data1\" content=\"Redazione area-press.eu\" \/>\n\t<meta name=\"twitter:label2\" content=\"Tempo di lettura stimato\" \/>\n\t<meta name=\"twitter:data2\" content=\"1 minuto\" \/>\n<script type=\"application\/ld+json\" class=\"yoast-schema-graph\">{\"@context\":\"https:\/\/schema.org\",\"@graph\":[{\"@type\":\"WebPage\",\"@id\":\"https:\/\/www.area-press.eu\/comunicati\/temprarsi-in-trentino\/\",\"url\":\"https:\/\/www.area-press.eu\/comunicati\/temprarsi-in-trentino\/\",\"name\":\"Temprarsi in Trentino - area-press.eu - comunicati\",\"isPartOf\":{\"@id\":\"https:\/\/www.area-press.eu\/comunicati\/#website\"},\"datePublished\":\"2011-05-16T22:00:00+00:00\",\"author\":{\"@id\":\"https:\/\/www.area-press.eu\/comunicati\/#\/schema\/person\/c7a82e1cf7b2d105ee3708fcc74461f4\"},\"breadcrumb\":{\"@id\":\"https:\/\/www.area-press.eu\/comunicati\/temprarsi-in-trentino\/#breadcrumb\"},\"inLanguage\":\"it-IT\",\"potentialAction\":[{\"@type\":\"ReadAction\",\"target\":[\"https:\/\/www.area-press.eu\/comunicati\/temprarsi-in-trentino\/\"]}]},{\"@type\":\"BreadcrumbList\",\"@id\":\"https:\/\/www.area-press.eu\/comunicati\/temprarsi-in-trentino\/#breadcrumb\",\"itemListElement\":[{\"@type\":\"ListItem\",\"position\":1,\"name\":\"Home\",\"item\":\"https:\/\/www.area-press.eu\/comunicati\/\"},{\"@type\":\"ListItem\",\"position\":2,\"name\":\"Temprarsi in Trentino\"}]},{\"@type\":\"WebSite\",\"@id\":\"https:\/\/www.area-press.eu\/comunicati\/#website\",\"url\":\"https:\/\/www.area-press.eu\/comunicati\/\",\"name\":\"area-press.eu - comunicati\",\"description\":\"Press releases e comunicati stampa\",\"potentialAction\":[{\"@type\":\"SearchAction\",\"target\":{\"@type\":\"EntryPoint\",\"urlTemplate\":\"https:\/\/www.area-press.eu\/comunicati\/?s={search_term_string}\"},\"query-input\":{\"@type\":\"PropertyValueSpecification\",\"valueRequired\":true,\"valueName\":\"search_term_string\"}}],\"inLanguage\":\"it-IT\"},{\"@type\":\"Person\",\"@id\":\"https:\/\/www.area-press.eu\/comunicati\/#\/schema\/person\/c7a82e1cf7b2d105ee3708fcc74461f4\",\"name\":\"Redazione area-press.eu\",\"image\":{\"@type\":\"ImageObject\",\"inLanguage\":\"it-IT\",\"@id\":\"https:\/\/www.area-press.eu\/comunicati\/#\/schema\/person\/image\/\",\"url\":\"https:\/\/secure.gravatar.com\/avatar\/261e5fa13cfbce1e53c026c833f5e36744f89dcb35e4578439e7ced7c9b89537?s=96&d=mm&r=g\",\"contentUrl\":\"https:\/\/secure.gravatar.com\/avatar\/261e5fa13cfbce1e53c026c833f5e36744f89dcb35e4578439e7ced7c9b89537?s=96&d=mm&r=g\",\"caption\":\"Redazione area-press.eu\"},\"url\":\"https:\/\/www.area-press.eu\/comunicati\/author\/redazione-area-press-eu\/\"}]}<\/script>\n<!-- \/ Yoast SEO plugin. -->","yoast_head_json":{"title":"Temprarsi in Trentino - area-press.eu - comunicati","robots":{"index":"index","follow":"follow","max-snippet":"max-snippet:-1","max-image-preview":"max-image-preview:large","max-video-preview":"max-video-preview:-1"},"canonical":"https:\/\/www.area-press.eu\/comunicati\/temprarsi-in-trentino\/","og_locale":"it_IT","og_type":"article","og_title":"Temprarsi in Trentino - area-press.eu - comunicati","og_description":"Desiderate dare un taglio alla routine per scappare in un\u2019oasi di relax? C\u2019\u00e8 una buona notizia: non \u00e8 poi cos\u00ec lontana\u2026","og_url":"https:\/\/www.area-press.eu\/comunicati\/temprarsi-in-trentino\/","og_site_name":"area-press.eu - comunicati","article_published_time":"2011-05-16T22:00:00+00:00","author":"Redazione area-press.eu","twitter_card":"summary_large_image","twitter_misc":{"Scritto da":"Redazione area-press.eu","Tempo di lettura stimato":"1 minuto"},"schema":{"@context":"https:\/\/schema.org","@graph":[{"@type":"WebPage","@id":"https:\/\/www.area-press.eu\/comunicati\/temprarsi-in-trentino\/","url":"https:\/\/www.area-press.eu\/comunicati\/temprarsi-in-trentino\/","name":"Temprarsi in Trentino - area-press.eu - comunicati","isPartOf":{"@id":"https:\/\/www.area-press.eu\/comunicati\/#website"},"datePublished":"2011-05-16T22:00:00+00:00","author":{"@id":"https:\/\/www.area-press.eu\/comunicati\/#\/schema\/person\/c7a82e1cf7b2d105ee3708fcc74461f4"},"breadcrumb":{"@id":"https:\/\/www.area-press.eu\/comunicati\/temprarsi-in-trentino\/#breadcrumb"},"inLanguage":"it-IT","potentialAction":[{"@type":"ReadAction","target":["https:\/\/www.area-press.eu\/comunicati\/temprarsi-in-trentino\/"]}]},{"@type":"BreadcrumbList","@id":"https:\/\/www.area-press.eu\/comunicati\/temprarsi-in-trentino\/#breadcrumb","itemListElement":[{"@type":"ListItem","position":1,"name":"Home","item":"https:\/\/www.area-press.eu\/comunicati\/"},{"@type":"ListItem","position":2,"name":"Temprarsi in Trentino"}]},{"@type":"WebSite","@id":"https:\/\/www.area-press.eu\/comunicati\/#website","url":"https:\/\/www.area-press.eu\/comunicati\/","name":"area-press.eu - comunicati","description":"Press releases e comunicati stampa","potentialAction":[{"@type":"SearchAction","target":{"@type":"EntryPoint","urlTemplate":"https:\/\/www.area-press.eu\/comunicati\/?s={search_term_string}"},"query-input":{"@type":"PropertyValueSpecification","valueRequired":true,"valueName":"search_term_string"}}],"inLanguage":"it-IT"},{"@type":"Person","@id":"https:\/\/www.area-press.eu\/comunicati\/#\/schema\/person\/c7a82e1cf7b2d105ee3708fcc74461f4","name":"Redazione area-press.eu","image":{"@type":"ImageObject","inLanguage":"it-IT","@id":"https:\/\/www.area-press.eu\/comunicati\/#\/schema\/person\/image\/","url":"https:\/\/secure.gravatar.com\/avatar\/261e5fa13cfbce1e53c026c833f5e36744f89dcb35e4578439e7ced7c9b89537?s=96&d=mm&r=g","contentUrl":"https:\/\/secure.gravatar.com\/avatar\/261e5fa13cfbce1e53c026c833f5e36744f89dcb35e4578439e7ced7c9b89537?s=96&d=mm&r=g","caption":"Redazione area-press.eu"},"url":"https:\/\/www.area-press.eu\/comunicati\/author\/redazione-area-press-eu\/"}]}},"_links":{"self":[{"href":"https:\/\/www.area-press.eu\/comunicati\/wp-json\/wp\/v2\/posts\/41308","targetHints":{"allow":["GET"]}}],"collection":[{"href":"https:\/\/www.area-press.eu\/comunicati\/wp-json\/wp\/v2\/posts"}],"about":[{"href":"https:\/\/www.area-press.eu\/comunicati\/wp-json\/wp\/v2\/types\/post"}],"author":[{"embeddable":true,"href":"https:\/\/www.area-press.eu\/comunicati\/wp-json\/wp\/v2\/users\/2"}],"replies":[{"embeddable":true,"href":"https:\/\/www.area-press.eu\/comunicati\/wp-json\/wp\/v2\/comments?post=41308"}],"version-history":[{"count":0,"href":"https:\/\/www.area-press.eu\/comunicati\/wp-json\/wp\/v2\/posts\/41308\/revisions"}],"wp:attachment":[{"href":"https:\/\/www.area-press.eu\/comunicati\/wp-json\/wp\/v2\/media?parent=41308"}],"wp:term":[{"taxonomy":"category","embeddable":true,"href":"https:\/\/www.area-press.eu\/comunicati\/wp-json\/wp\/v2\/categories?post=41308"},{"taxonomy":"post_tag","embeddable":true,"href":"https:\/\/www.area-press.eu\/comunicati\/wp-json\/wp\/v2\/tags?post=41308"}],"curies":[{"name":"wp","href":"https:\/\/api.w.org\/{rel}","templated":true}]}}