{"id":41063,"date":"2011-05-10T00:00:00","date_gmt":"2011-05-09T22:00:00","guid":{"rendered":"http:\/\/www.area-press.eu\/comunicati\/alberghi-e-ristoranti-turistici-matera\/"},"modified":"2011-05-10T00:00:00","modified_gmt":"2011-05-09T22:00:00","slug":"alberghi-e-ristoranti-turistici-matera","status":"publish","type":"post","link":"https:\/\/www.area-press.eu\/comunicati\/alberghi-e-ristoranti-turistici-matera\/","title":{"rendered":"ALBERGHI E RISTORANTI TURISTICI MATERA"},"content":{"rendered":"<p><!-- VideographyWP Plugin Message: Automatic video embedding prevented by plugin options. --><\/p>\n<p><span style=\"font-family: Georgia, 'Times New Roman', 'Bitstream Charter', Times, serif; font-size: 13px; line-height: 19px;\"><\/p>\n<p>La piccola Basilicata &egrave; una regione che spesso viene trascurata. Chi la conosce invece potr&agrave; confermare quanto sia superficiale un&#8217;interpretazione di questo tipo. La Basilicata infatti &egrave; una perla del sud Italia, al cui interno si trova una perla pi&ugrave; piccola ma non meno scintillante: Matera. Abitata da sole 55.000 persone, Matera &egrave; un vero vulcano di risorse artistiche e culturali. Famosissimi sono i suoi Sassi, visitati da numerosi turisti, i quali intraprendono anche lunghi viaggi per osservare da vicino questa splendida opera della natura. I Sassi rappresentano la parte antica di Matera, e costituiscono un&#8217;intera citt&agrave; scavata nella roccia, un tipo di roccia chiamata &ldquo;tufo&rdquo;. I cunicoli scavati nel tufo, alternati ad abitazioni eleganti ed articolate, simili a grotte, disegnano un paesaggio davvero sorprendente, che lascia a bocca aperta il visitatore. I Sassi di Matera sono tenuti in grande considerazione dalla Regione Basilicata, e sono state perfino elette patrimonio dell&#8217;umanit&agrave; nel 1993 dall&#8217;Unesco. Diversi <a href=\"http:\/\/www.hoteldelcampo.it\/\">alberghi a Matera<\/a> sono nati fra i loro, ed oggi canalizzano il flusso turistico offrendo una esperienza di soggiorno unica in Italia per fascino delle strutture e cordialit&agrave; del personale. Chi viene in visita in questa bellissima citt&agrave; non pu&ograve; dunque prescindere dallo stabilirsi in uno degli hotel che la popolano, almeno per provare l&#8217;ebbrezza di abitare (seppur soltanto per un breve periodo) nei celeberrimi Sassi. E lo stesso concetto vale anche per i <a href=\"http:\/\/www.hoteldelcampo.it\/ristorante.asp\" class=\"broken_link\">ristoranti a Matera<\/a>&hellip; Come privarsi di una cena tra le braccia di tufo della citt&agrave; vecchia? Un&rsquo;emozione assolutamente da provare. Non mancano poi nella citt&agrave; altre attrattive turistiche, come la ricostruzione dei Sassi in miniatura e il Museo della civilt&agrave; contadina. Matera inoltre &egrave; una citt&agrave; viva, dove d&#8217;estate e d&#8217;inverno si susseguono manifestazioni culturali come ad esempio spettacoli teatrali e musicali, ai quali i materani amano partecipare insieme ai turisti.<\/p>\n<\/p>\n<p><\/span><\/p>\n","protected":false},"excerpt":{"rendered":"<p>La piccola Basilicata \u00e8 una regione che spesso viene trascurata. Chi la conosce invece potr\u00e0 confermare quanto sia superficiale un&#8217;interpretazione di questo tipo. La Basilicata infatti \u00e8 una perla del sud Italia, al cui interno si trova una perla pi\u00f9<\/p>\n","protected":false},"author":2,"featured_media":0,"comment_status":"open","ping_status":"open","sticky":false,"template":"","format":"standard","meta":{"_monsterinsights_skip_tracking":false,"_monsterinsights_sitenote_active":false,"_monsterinsights_sitenote_note":"","_monsterinsights_sitenote_category":0,"footnotes":""},"categories":[7559],"tags":[39039,39040],"class_list":["post-41063","post","type-post","status-publish","format-standard","hentry","category-turismo","tag-alberghi-a-matera","tag-ristoranti-a-matera"],"acf":[],"yoast_head":"<!-- This site is optimized with the Yoast SEO plugin v24.6 - https:\/\/yoast.com\/wordpress\/plugins\/seo\/ -->\n<title>ALBERGHI E RISTORANTI TURISTICI MATERA - area-press.eu - comunicati<\/title>\n<meta name=\"robots\" content=\"index, follow, max-snippet:-1, max-image-preview:large, max-video-preview:-1\" \/>\n<link rel=\"canonical\" href=\"https:\/\/www.area-press.eu\/comunicati\/alberghi-e-ristoranti-turistici-matera\/\" \/>\n<meta property=\"og:locale\" content=\"it_IT\" \/>\n<meta property=\"og:type\" content=\"article\" \/>\n<meta property=\"og:title\" content=\"ALBERGHI E RISTORANTI TURISTICI MATERA - area-press.eu - comunicati\" \/>\n<meta property=\"og:description\" content=\"La piccola Basilicata \u00e8 una regione che spesso viene trascurata. Chi la conosce invece potr\u00e0 confermare quanto sia superficiale un&#039;interpretazione di questo tipo. La Basilicata infatti \u00e8 una perla del sud Italia, al cui interno si trova una perla pi\u00f9\" \/>\n<meta property=\"og:url\" content=\"https:\/\/www.area-press.eu\/comunicati\/alberghi-e-ristoranti-turistici-matera\/\" \/>\n<meta property=\"og:site_name\" content=\"area-press.eu - comunicati\" \/>\n<meta property=\"article:published_time\" content=\"2011-05-09T22:00:00+00:00\" \/>\n<meta name=\"author\" content=\"Redazione area-press.eu\" \/>\n<meta name=\"twitter:card\" content=\"summary_large_image\" \/>\n<meta name=\"twitter:label1\" content=\"Scritto da\" \/>\n\t<meta name=\"twitter:data1\" content=\"Redazione area-press.eu\" \/>\n\t<meta name=\"twitter:label2\" content=\"Tempo di lettura stimato\" \/>\n\t<meta name=\"twitter:data2\" content=\"2 minuti\" \/>\n<script type=\"application\/ld+json\" class=\"yoast-schema-graph\">{\"@context\":\"https:\/\/schema.org\",\"@graph\":[{\"@type\":\"WebPage\",\"@id\":\"https:\/\/www.area-press.eu\/comunicati\/alberghi-e-ristoranti-turistici-matera\/\",\"url\":\"https:\/\/www.area-press.eu\/comunicati\/alberghi-e-ristoranti-turistici-matera\/\",\"name\":\"ALBERGHI E RISTORANTI TURISTICI MATERA - area-press.eu - comunicati\",\"isPartOf\":{\"@id\":\"https:\/\/www.area-press.eu\/comunicati\/#website\"},\"datePublished\":\"2011-05-09T22:00:00+00:00\",\"author\":{\"@id\":\"https:\/\/www.area-press.eu\/comunicati\/#\/schema\/person\/c7a82e1cf7b2d105ee3708fcc74461f4\"},\"breadcrumb\":{\"@id\":\"https:\/\/www.area-press.eu\/comunicati\/alberghi-e-ristoranti-turistici-matera\/#breadcrumb\"},\"inLanguage\":\"it-IT\",\"potentialAction\":[{\"@type\":\"ReadAction\",\"target\":[\"https:\/\/www.area-press.eu\/comunicati\/alberghi-e-ristoranti-turistici-matera\/\"]}]},{\"@type\":\"BreadcrumbList\",\"@id\":\"https:\/\/www.area-press.eu\/comunicati\/alberghi-e-ristoranti-turistici-matera\/#breadcrumb\",\"itemListElement\":[{\"@type\":\"ListItem\",\"position\":1,\"name\":\"Home\",\"item\":\"https:\/\/www.area-press.eu\/comunicati\/\"},{\"@type\":\"ListItem\",\"position\":2,\"name\":\"ALBERGHI E RISTORANTI TURISTICI MATERA\"}]},{\"@type\":\"WebSite\",\"@id\":\"https:\/\/www.area-press.eu\/comunicati\/#website\",\"url\":\"https:\/\/www.area-press.eu\/comunicati\/\",\"name\":\"area-press.eu - comunicati\",\"description\":\"Press releases e comunicati stampa\",\"potentialAction\":[{\"@type\":\"SearchAction\",\"target\":{\"@type\":\"EntryPoint\",\"urlTemplate\":\"https:\/\/www.area-press.eu\/comunicati\/?s={search_term_string}\"},\"query-input\":{\"@type\":\"PropertyValueSpecification\",\"valueRequired\":true,\"valueName\":\"search_term_string\"}}],\"inLanguage\":\"it-IT\"},{\"@type\":\"Person\",\"@id\":\"https:\/\/www.area-press.eu\/comunicati\/#\/schema\/person\/c7a82e1cf7b2d105ee3708fcc74461f4\",\"name\":\"Redazione area-press.eu\",\"image\":{\"@type\":\"ImageObject\",\"inLanguage\":\"it-IT\",\"@id\":\"https:\/\/www.area-press.eu\/comunicati\/#\/schema\/person\/image\/\",\"url\":\"https:\/\/secure.gravatar.com\/avatar\/261e5fa13cfbce1e53c026c833f5e36744f89dcb35e4578439e7ced7c9b89537?s=96&d=mm&r=g\",\"contentUrl\":\"https:\/\/secure.gravatar.com\/avatar\/261e5fa13cfbce1e53c026c833f5e36744f89dcb35e4578439e7ced7c9b89537?s=96&d=mm&r=g\",\"caption\":\"Redazione area-press.eu\"},\"url\":\"https:\/\/www.area-press.eu\/comunicati\/author\/redazione-area-press-eu\/\"}]}<\/script>\n<!-- \/ Yoast SEO plugin. -->","yoast_head_json":{"title":"ALBERGHI E RISTORANTI TURISTICI MATERA - area-press.eu - comunicati","robots":{"index":"index","follow":"follow","max-snippet":"max-snippet:-1","max-image-preview":"max-image-preview:large","max-video-preview":"max-video-preview:-1"},"canonical":"https:\/\/www.area-press.eu\/comunicati\/alberghi-e-ristoranti-turistici-matera\/","og_locale":"it_IT","og_type":"article","og_title":"ALBERGHI E RISTORANTI TURISTICI MATERA - area-press.eu - comunicati","og_description":"La piccola Basilicata \u00e8 una regione che spesso viene trascurata. Chi la conosce invece potr\u00e0 confermare quanto sia superficiale un'interpretazione di questo tipo. La Basilicata infatti \u00e8 una perla del sud Italia, al cui interno si trova una perla pi\u00f9","og_url":"https:\/\/www.area-press.eu\/comunicati\/alberghi-e-ristoranti-turistici-matera\/","og_site_name":"area-press.eu - comunicati","article_published_time":"2011-05-09T22:00:00+00:00","author":"Redazione area-press.eu","twitter_card":"summary_large_image","twitter_misc":{"Scritto da":"Redazione area-press.eu","Tempo di lettura stimato":"2 minuti"},"schema":{"@context":"https:\/\/schema.org","@graph":[{"@type":"WebPage","@id":"https:\/\/www.area-press.eu\/comunicati\/alberghi-e-ristoranti-turistici-matera\/","url":"https:\/\/www.area-press.eu\/comunicati\/alberghi-e-ristoranti-turistici-matera\/","name":"ALBERGHI E RISTORANTI TURISTICI MATERA - area-press.eu - comunicati","isPartOf":{"@id":"https:\/\/www.area-press.eu\/comunicati\/#website"},"datePublished":"2011-05-09T22:00:00+00:00","author":{"@id":"https:\/\/www.area-press.eu\/comunicati\/#\/schema\/person\/c7a82e1cf7b2d105ee3708fcc74461f4"},"breadcrumb":{"@id":"https:\/\/www.area-press.eu\/comunicati\/alberghi-e-ristoranti-turistici-matera\/#breadcrumb"},"inLanguage":"it-IT","potentialAction":[{"@type":"ReadAction","target":["https:\/\/www.area-press.eu\/comunicati\/alberghi-e-ristoranti-turistici-matera\/"]}]},{"@type":"BreadcrumbList","@id":"https:\/\/www.area-press.eu\/comunicati\/alberghi-e-ristoranti-turistici-matera\/#breadcrumb","itemListElement":[{"@type":"ListItem","position":1,"name":"Home","item":"https:\/\/www.area-press.eu\/comunicati\/"},{"@type":"ListItem","position":2,"name":"ALBERGHI E RISTORANTI TURISTICI MATERA"}]},{"@type":"WebSite","@id":"https:\/\/www.area-press.eu\/comunicati\/#website","url":"https:\/\/www.area-press.eu\/comunicati\/","name":"area-press.eu - comunicati","description":"Press releases e comunicati stampa","potentialAction":[{"@type":"SearchAction","target":{"@type":"EntryPoint","urlTemplate":"https:\/\/www.area-press.eu\/comunicati\/?s={search_term_string}"},"query-input":{"@type":"PropertyValueSpecification","valueRequired":true,"valueName":"search_term_string"}}],"inLanguage":"it-IT"},{"@type":"Person","@id":"https:\/\/www.area-press.eu\/comunicati\/#\/schema\/person\/c7a82e1cf7b2d105ee3708fcc74461f4","name":"Redazione area-press.eu","image":{"@type":"ImageObject","inLanguage":"it-IT","@id":"https:\/\/www.area-press.eu\/comunicati\/#\/schema\/person\/image\/","url":"https:\/\/secure.gravatar.com\/avatar\/261e5fa13cfbce1e53c026c833f5e36744f89dcb35e4578439e7ced7c9b89537?s=96&d=mm&r=g","contentUrl":"https:\/\/secure.gravatar.com\/avatar\/261e5fa13cfbce1e53c026c833f5e36744f89dcb35e4578439e7ced7c9b89537?s=96&d=mm&r=g","caption":"Redazione area-press.eu"},"url":"https:\/\/www.area-press.eu\/comunicati\/author\/redazione-area-press-eu\/"}]}},"_links":{"self":[{"href":"https:\/\/www.area-press.eu\/comunicati\/wp-json\/wp\/v2\/posts\/41063","targetHints":{"allow":["GET"]}}],"collection":[{"href":"https:\/\/www.area-press.eu\/comunicati\/wp-json\/wp\/v2\/posts"}],"about":[{"href":"https:\/\/www.area-press.eu\/comunicati\/wp-json\/wp\/v2\/types\/post"}],"author":[{"embeddable":true,"href":"https:\/\/www.area-press.eu\/comunicati\/wp-json\/wp\/v2\/users\/2"}],"replies":[{"embeddable":true,"href":"https:\/\/www.area-press.eu\/comunicati\/wp-json\/wp\/v2\/comments?post=41063"}],"version-history":[{"count":0,"href":"https:\/\/www.area-press.eu\/comunicati\/wp-json\/wp\/v2\/posts\/41063\/revisions"}],"wp:attachment":[{"href":"https:\/\/www.area-press.eu\/comunicati\/wp-json\/wp\/v2\/media?parent=41063"}],"wp:term":[{"taxonomy":"category","embeddable":true,"href":"https:\/\/www.area-press.eu\/comunicati\/wp-json\/wp\/v2\/categories?post=41063"},{"taxonomy":"post_tag","embeddable":true,"href":"https:\/\/www.area-press.eu\/comunicati\/wp-json\/wp\/v2\/tags?post=41063"}],"curies":[{"name":"wp","href":"https:\/\/api.w.org\/{rel}","templated":true}]}}