{"id":39624,"date":"2011-04-01T00:00:00","date_gmt":"2011-03-31T22:00:00","guid":{"rendered":"http:\/\/www.area-press.eu\/comunicati\/facciamo-quattro-passi-dentro-il-colosseo\/"},"modified":"2011-04-01T00:00:00","modified_gmt":"2011-03-31T22:00:00","slug":"facciamo-quattro-passi-dentro-il-colosseo","status":"publish","type":"post","link":"https:\/\/www.area-press.eu\/comunicati\/facciamo-quattro-passi-dentro-il-colosseo\/","title":{"rendered":"Facciamo quattro passi dentro il Colosseo"},"content":{"rendered":"<p><!-- VideographyWP Plugin Message: Automatic video embedding prevented by plugin options. --><\/p>\n<p>Retaggio dell&rsquo;Antica Roma e precisamente della sontuosa epoca imperiale, in cui gli imperatori commissionavano continuamente opere che simboleggiassero anche ai posteri la propria grandezza, il Colosseo fu costruito su incarico dell&rsquo;Imperatore Tito Flavio Vespasiano (infatti, il vero nome del monumento &egrave; Anfiteatro Flavio), ma per realizzarlo occorsero talmente tanti anni che fu suo figlio, l&rsquo;Imperatore Tito, a vederne la conclusione e ad inaugurarlo.<\/p>\n<p>Durante l&rsquo;epoca imperiale, il Colosseo fu utilizzato per lo svolgimento degli spettacoli dei gladiatori, veri e propri show, in cui gli uomini -i gladiatori, appunto- combattevano contro delle belve feroci e il popolo accorreva a vederli.<\/p>\n<p>Con l&rsquo;avvento dei Cristiani e delle prime persecuzioni a <a title=\"Annunci gratuiti a Roma\" href=\"http:\/\/www.annunciromagratis.it\/\" class=\"broken_link\"><strong>Roma<\/strong><\/a>, il Colosseo divenne il luogo dove gli esponenti della nuova religione, antagonista del paganesimo, venivano giustiziati.<br \/>Finite le persecuzioni religiose e divenuto predominante il Cristianesimo, il Colosseo rimase inutilizzato e cominci&ograve; un declino anche dello stato di conservazione del bellissimo monumento.<\/p>\n<p>Solo con Papa Benedetto XIV, l&rsquo;imponente costruzione circolare venne consacrato ai martiri cristiani, mentre un altro Papa, Pio VII, ne dispose il restauro.<\/p>\n<p>Il Colosseo consta di quattro piani, di cui i primi tre sono caratterizzati da finestre ad arco e da uno stile dorico, mentre il quarto ha un&rsquo;altezza maggiore degli altri due e tante piccole finestre.<br \/>L&rsquo;anfiteatro interno aveva una capienza di circa 50.000 persone e, in caso di cattive condizioni meteorologiche, veniva coperto con un telo a rulli scorrevoli.<\/p>\n<p>Il biglietto per visitare il Colosseo costa 9 euro e comprende anche l&rsquo;ingresso al Palatino. Attenzione perch&eacute; se, come spesso accade, al&rsquo;interno dell&rsquo;anfiteatro si svolge una mostra, il biglietto comprende un sovrapprezzo di tre euro.<\/p>\n<p>Molte sono le curiosit&agrave; intorno al Colosseo: Mussolini, per esempio, in epoca fascista aveva pensato di costruirvi all&rsquo;interno un albergo per l&rsquo;Anno Santo, ma poi il progetto non ebbe seguito, mentre Papa Pio V aveva addirittura pensato di abbatterlo e solo il fatto che fosse il luogo che aveva ospitato il martirio dei cristiani (non tantissimi, in verit&agrave;, essendo i monumento successivo all&rsquo;epoca neroniana) lo ha preservato.<\/p>\n","protected":false},"excerpt":{"rendered":"<p>Se siete gi\u00e0 stati a Roma sicuramente sarete passati davanti a quell\u2019imponente monumento che \u00e8 il Colosseo: forse per\u00f2 non sapete che, come ogni monumento che si rispetti, anche il Colosseo pu\u00f2 essere visitato.<\/p>\n","protected":false},"author":2,"featured_media":0,"comment_status":"open","ping_status":"open","sticky":false,"template":"","format":"standard","meta":{"_monsterinsights_skip_tracking":false,"_monsterinsights_sitenote_active":false,"_monsterinsights_sitenote_note":"","_monsterinsights_sitenote_category":0,"footnotes":""},"categories":[7559],"tags":[],"class_list":["post-39624","post","type-post","status-publish","format-standard","hentry","category-turismo"],"acf":[],"yoast_head":"<!-- This site is optimized with the Yoast SEO plugin v24.6 - https:\/\/yoast.com\/wordpress\/plugins\/seo\/ -->\n<title>Facciamo quattro passi dentro il Colosseo - area-press.eu - comunicati<\/title>\n<meta name=\"robots\" content=\"index, follow, max-snippet:-1, max-image-preview:large, max-video-preview:-1\" \/>\n<link rel=\"canonical\" href=\"https:\/\/www.area-press.eu\/comunicati\/facciamo-quattro-passi-dentro-il-colosseo\/\" \/>\n<meta property=\"og:locale\" content=\"it_IT\" \/>\n<meta property=\"og:type\" content=\"article\" \/>\n<meta property=\"og:title\" content=\"Facciamo quattro passi dentro il Colosseo - area-press.eu - comunicati\" \/>\n<meta property=\"og:description\" content=\"Se siete gi\u00e0 stati a Roma sicuramente sarete passati davanti a quell\u2019imponente monumento che \u00e8 il Colosseo: forse per\u00f2 non sapete che, come ogni monumento che si rispetti, anche il Colosseo pu\u00f2 essere visitato.\" \/>\n<meta property=\"og:url\" content=\"https:\/\/www.area-press.eu\/comunicati\/facciamo-quattro-passi-dentro-il-colosseo\/\" \/>\n<meta property=\"og:site_name\" content=\"area-press.eu - comunicati\" \/>\n<meta property=\"article:published_time\" content=\"2011-03-31T22:00:00+00:00\" \/>\n<meta name=\"author\" content=\"Redazione area-press.eu\" \/>\n<meta name=\"twitter:card\" content=\"summary_large_image\" \/>\n<meta name=\"twitter:label1\" content=\"Scritto da\" \/>\n\t<meta name=\"twitter:data1\" content=\"Redazione area-press.eu\" \/>\n\t<meta name=\"twitter:label2\" content=\"Tempo di lettura stimato\" \/>\n\t<meta name=\"twitter:data2\" content=\"2 minuti\" \/>\n<script type=\"application\/ld+json\" class=\"yoast-schema-graph\">{\"@context\":\"https:\/\/schema.org\",\"@graph\":[{\"@type\":\"WebPage\",\"@id\":\"https:\/\/www.area-press.eu\/comunicati\/facciamo-quattro-passi-dentro-il-colosseo\/\",\"url\":\"https:\/\/www.area-press.eu\/comunicati\/facciamo-quattro-passi-dentro-il-colosseo\/\",\"name\":\"Facciamo quattro passi dentro il Colosseo - area-press.eu - comunicati\",\"isPartOf\":{\"@id\":\"https:\/\/www.area-press.eu\/comunicati\/#website\"},\"datePublished\":\"2011-03-31T22:00:00+00:00\",\"author\":{\"@id\":\"https:\/\/www.area-press.eu\/comunicati\/#\/schema\/person\/c7a82e1cf7b2d105ee3708fcc74461f4\"},\"breadcrumb\":{\"@id\":\"https:\/\/www.area-press.eu\/comunicati\/facciamo-quattro-passi-dentro-il-colosseo\/#breadcrumb\"},\"inLanguage\":\"it-IT\",\"potentialAction\":[{\"@type\":\"ReadAction\",\"target\":[\"https:\/\/www.area-press.eu\/comunicati\/facciamo-quattro-passi-dentro-il-colosseo\/\"]}]},{\"@type\":\"BreadcrumbList\",\"@id\":\"https:\/\/www.area-press.eu\/comunicati\/facciamo-quattro-passi-dentro-il-colosseo\/#breadcrumb\",\"itemListElement\":[{\"@type\":\"ListItem\",\"position\":1,\"name\":\"Home\",\"item\":\"https:\/\/www.area-press.eu\/comunicati\/\"},{\"@type\":\"ListItem\",\"position\":2,\"name\":\"Facciamo quattro passi dentro il Colosseo\"}]},{\"@type\":\"WebSite\",\"@id\":\"https:\/\/www.area-press.eu\/comunicati\/#website\",\"url\":\"https:\/\/www.area-press.eu\/comunicati\/\",\"name\":\"area-press.eu - comunicati\",\"description\":\"Press releases e comunicati stampa\",\"potentialAction\":[{\"@type\":\"SearchAction\",\"target\":{\"@type\":\"EntryPoint\",\"urlTemplate\":\"https:\/\/www.area-press.eu\/comunicati\/?s={search_term_string}\"},\"query-input\":{\"@type\":\"PropertyValueSpecification\",\"valueRequired\":true,\"valueName\":\"search_term_string\"}}],\"inLanguage\":\"it-IT\"},{\"@type\":\"Person\",\"@id\":\"https:\/\/www.area-press.eu\/comunicati\/#\/schema\/person\/c7a82e1cf7b2d105ee3708fcc74461f4\",\"name\":\"Redazione area-press.eu\",\"image\":{\"@type\":\"ImageObject\",\"inLanguage\":\"it-IT\",\"@id\":\"https:\/\/www.area-press.eu\/comunicati\/#\/schema\/person\/image\/\",\"url\":\"https:\/\/secure.gravatar.com\/avatar\/261e5fa13cfbce1e53c026c833f5e36744f89dcb35e4578439e7ced7c9b89537?s=96&d=mm&r=g\",\"contentUrl\":\"https:\/\/secure.gravatar.com\/avatar\/261e5fa13cfbce1e53c026c833f5e36744f89dcb35e4578439e7ced7c9b89537?s=96&d=mm&r=g\",\"caption\":\"Redazione area-press.eu\"},\"url\":\"https:\/\/www.area-press.eu\/comunicati\/author\/redazione-area-press-eu\/\"}]}<\/script>\n<!-- \/ Yoast SEO plugin. -->","yoast_head_json":{"title":"Facciamo quattro passi dentro il Colosseo - area-press.eu - comunicati","robots":{"index":"index","follow":"follow","max-snippet":"max-snippet:-1","max-image-preview":"max-image-preview:large","max-video-preview":"max-video-preview:-1"},"canonical":"https:\/\/www.area-press.eu\/comunicati\/facciamo-quattro-passi-dentro-il-colosseo\/","og_locale":"it_IT","og_type":"article","og_title":"Facciamo quattro passi dentro il Colosseo - area-press.eu - comunicati","og_description":"Se siete gi\u00e0 stati a Roma sicuramente sarete passati davanti a quell\u2019imponente monumento che \u00e8 il Colosseo: forse per\u00f2 non sapete che, come ogni monumento che si rispetti, anche il Colosseo pu\u00f2 essere visitato.","og_url":"https:\/\/www.area-press.eu\/comunicati\/facciamo-quattro-passi-dentro-il-colosseo\/","og_site_name":"area-press.eu - comunicati","article_published_time":"2011-03-31T22:00:00+00:00","author":"Redazione area-press.eu","twitter_card":"summary_large_image","twitter_misc":{"Scritto da":"Redazione area-press.eu","Tempo di lettura stimato":"2 minuti"},"schema":{"@context":"https:\/\/schema.org","@graph":[{"@type":"WebPage","@id":"https:\/\/www.area-press.eu\/comunicati\/facciamo-quattro-passi-dentro-il-colosseo\/","url":"https:\/\/www.area-press.eu\/comunicati\/facciamo-quattro-passi-dentro-il-colosseo\/","name":"Facciamo quattro passi dentro il Colosseo - area-press.eu - comunicati","isPartOf":{"@id":"https:\/\/www.area-press.eu\/comunicati\/#website"},"datePublished":"2011-03-31T22:00:00+00:00","author":{"@id":"https:\/\/www.area-press.eu\/comunicati\/#\/schema\/person\/c7a82e1cf7b2d105ee3708fcc74461f4"},"breadcrumb":{"@id":"https:\/\/www.area-press.eu\/comunicati\/facciamo-quattro-passi-dentro-il-colosseo\/#breadcrumb"},"inLanguage":"it-IT","potentialAction":[{"@type":"ReadAction","target":["https:\/\/www.area-press.eu\/comunicati\/facciamo-quattro-passi-dentro-il-colosseo\/"]}]},{"@type":"BreadcrumbList","@id":"https:\/\/www.area-press.eu\/comunicati\/facciamo-quattro-passi-dentro-il-colosseo\/#breadcrumb","itemListElement":[{"@type":"ListItem","position":1,"name":"Home","item":"https:\/\/www.area-press.eu\/comunicati\/"},{"@type":"ListItem","position":2,"name":"Facciamo quattro passi dentro il Colosseo"}]},{"@type":"WebSite","@id":"https:\/\/www.area-press.eu\/comunicati\/#website","url":"https:\/\/www.area-press.eu\/comunicati\/","name":"area-press.eu - comunicati","description":"Press releases e comunicati stampa","potentialAction":[{"@type":"SearchAction","target":{"@type":"EntryPoint","urlTemplate":"https:\/\/www.area-press.eu\/comunicati\/?s={search_term_string}"},"query-input":{"@type":"PropertyValueSpecification","valueRequired":true,"valueName":"search_term_string"}}],"inLanguage":"it-IT"},{"@type":"Person","@id":"https:\/\/www.area-press.eu\/comunicati\/#\/schema\/person\/c7a82e1cf7b2d105ee3708fcc74461f4","name":"Redazione area-press.eu","image":{"@type":"ImageObject","inLanguage":"it-IT","@id":"https:\/\/www.area-press.eu\/comunicati\/#\/schema\/person\/image\/","url":"https:\/\/secure.gravatar.com\/avatar\/261e5fa13cfbce1e53c026c833f5e36744f89dcb35e4578439e7ced7c9b89537?s=96&d=mm&r=g","contentUrl":"https:\/\/secure.gravatar.com\/avatar\/261e5fa13cfbce1e53c026c833f5e36744f89dcb35e4578439e7ced7c9b89537?s=96&d=mm&r=g","caption":"Redazione area-press.eu"},"url":"https:\/\/www.area-press.eu\/comunicati\/author\/redazione-area-press-eu\/"}]}},"_links":{"self":[{"href":"https:\/\/www.area-press.eu\/comunicati\/wp-json\/wp\/v2\/posts\/39624","targetHints":{"allow":["GET"]}}],"collection":[{"href":"https:\/\/www.area-press.eu\/comunicati\/wp-json\/wp\/v2\/posts"}],"about":[{"href":"https:\/\/www.area-press.eu\/comunicati\/wp-json\/wp\/v2\/types\/post"}],"author":[{"embeddable":true,"href":"https:\/\/www.area-press.eu\/comunicati\/wp-json\/wp\/v2\/users\/2"}],"replies":[{"embeddable":true,"href":"https:\/\/www.area-press.eu\/comunicati\/wp-json\/wp\/v2\/comments?post=39624"}],"version-history":[{"count":0,"href":"https:\/\/www.area-press.eu\/comunicati\/wp-json\/wp\/v2\/posts\/39624\/revisions"}],"wp:attachment":[{"href":"https:\/\/www.area-press.eu\/comunicati\/wp-json\/wp\/v2\/media?parent=39624"}],"wp:term":[{"taxonomy":"category","embeddable":true,"href":"https:\/\/www.area-press.eu\/comunicati\/wp-json\/wp\/v2\/categories?post=39624"},{"taxonomy":"post_tag","embeddable":true,"href":"https:\/\/www.area-press.eu\/comunicati\/wp-json\/wp\/v2\/tags?post=39624"}],"curies":[{"name":"wp","href":"https:\/\/api.w.org\/{rel}","templated":true}]}}