{"id":39361,"date":"2011-03-24T00:00:00","date_gmt":"2011-03-23T23:00:00","guid":{"rendered":"http:\/\/www.area-press.eu\/comunicati\/vacanze-in-costa-verde-sardegna\/"},"modified":"2011-03-24T00:00:00","modified_gmt":"2011-03-23T23:00:00","slug":"vacanze-in-costa-verde-sardegna","status":"publish","type":"post","link":"https:\/\/www.area-press.eu\/comunicati\/vacanze-in-costa-verde-sardegna\/","title":{"rendered":"Vacanze in Costa Verde, Sardegna"},"content":{"rendered":"<p><!-- VideographyWP Plugin Message: Automatic video embedding prevented by plugin options. --><\/p>\n<p>Troppo presto per pensare alle vacanze estive? Se quest&#8217;anno la vostra met&agrave; &egrave; la <strong>Sardegna<\/strong> non &egrave; mai troppo presto per prenotare, soprattutto se scegliete l&#8217;incontaminata <strong>Sardegna del sud<\/strong>, ricca di paesaggi incantevoli e caratterizzata da un mare sempre limpido e trasparente.<\/p>\n<p>Le <strong>spiagge della Costa Verde <\/strong>sono una pi&ugrave; bella dell&#8217;altra! Il miglior modo per vederle tutte e vivere una vacanza da sogno &egrave; alloggiare in un <a title=\"B&amp;B Piscinas - Il Sole di Rosa\" href=\"http:\/\/www.ilsoledirosa.it\/ita\/b&amp;b-piscinas.php\" target=\"_blank\" class=\"broken_link\">b&amp;b a Piscinas<\/a>.<\/p>\n<p>Scegliendo il <a title=\"B&amp;B Piscinas - Il Sole di Rosa\" href=\"http:\/\/www.ilsoledirosa.it\/ita\/b&amp;b-piscinas.php\" target=\"_blank\" class=\"broken_link\">b&amp;b Piscinas<\/a> come punto di partenza &egrave; poi possibile organizzare un itinerario che in pochi giorni vi consentir&agrave; di scoprire le chilometriche e meravigliose spiagge della Sardegna.<\/p>\n<p>Innanzitutto non perdetevi <strong>Piscinas<\/strong>: qui la spiaggi &egrave; circondata per oltre 3km da oltre dune di sabbia finissima che ospitano macchie di ginepro e olivastri.<br \/> Indimenticabile poi <strong>Torre dei Corsari<\/strong>, una lunga lingua si sabbia che diventa incantevole al tramonto. Qui gli amanti degli scogli troveranno pane per i loro denti: delimitano la spiaggi, infatti, grandi banchi di roccia basaltica.<\/p>\n<p>Non &egrave; da meno la spiaggia di <strong>Funtanazza<\/strong>, una bellissima baia di sabbia dorata affacciata su una grande e ristoratrice pineta. Vicinissima la Miniera di Montevecchio, che merita senz&#8217;altro una sosta.<br \/> Qui la sabbia &egrave; scura perch&egrave; ricca di ferro. Morbido e sabbioso il fondale del mare, che &egrave; particolarmente adatto ai giochi dei bambini.<\/p>\n<p>Le altre spiagge? Scopritele voi!<br \/> E non dimenticate di prenotare per tempo la vostra <strong>vacanza in Costa Verde<\/strong>.<\/p>\n","protected":false},"excerpt":{"rendered":"<p>Troppo presto per pensare alle vacanze estive? Se quest&#8217;anno la vostra met\u00e0 \u00e8 la Sardegna non \u00e8 mai troppo presto per prenotare, soprattutto se scegliete l&#8217;incontaminata Sardegna del sud, ricca di paesaggi incantevoli e caratterizzata da un mare sem<\/p>\n","protected":false},"author":2,"featured_media":0,"comment_status":"open","ping_status":"open","sticky":false,"template":"","format":"standard","meta":{"_monsterinsights_skip_tracking":false,"_monsterinsights_sitenote_active":false,"_monsterinsights_sitenote_note":"","_monsterinsights_sitenote_category":0,"footnotes":""},"categories":[7559],"tags":[36751,36749,36752,36750],"class_list":["post-39361","post","type-post","status-publish","format-standard","hentry","category-turismo","tag-bb-arbus","tag-bb-piscinas","tag-bedbreakfast-arbus","tag-bedbreakfast-piscinas"],"acf":[],"yoast_head":"<!-- This site is optimized with the Yoast SEO plugin v24.6 - https:\/\/yoast.com\/wordpress\/plugins\/seo\/ -->\n<title>Vacanze in Costa Verde, Sardegna - area-press.eu - comunicati<\/title>\n<meta name=\"robots\" content=\"index, follow, max-snippet:-1, max-image-preview:large, max-video-preview:-1\" \/>\n<link rel=\"canonical\" href=\"https:\/\/www.area-press.eu\/comunicati\/vacanze-in-costa-verde-sardegna\/\" \/>\n<meta property=\"og:locale\" content=\"it_IT\" \/>\n<meta property=\"og:type\" content=\"article\" \/>\n<meta property=\"og:title\" content=\"Vacanze in Costa Verde, Sardegna - area-press.eu - comunicati\" \/>\n<meta property=\"og:description\" content=\"Troppo presto per pensare alle vacanze estive? Se quest&#039;anno la vostra met\u00e0 \u00e8 la Sardegna non \u00e8 mai troppo presto per prenotare, soprattutto se scegliete l&#039;incontaminata Sardegna del sud, ricca di paesaggi incantevoli e caratterizzata da un mare sem\" \/>\n<meta property=\"og:url\" content=\"https:\/\/www.area-press.eu\/comunicati\/vacanze-in-costa-verde-sardegna\/\" \/>\n<meta property=\"og:site_name\" content=\"area-press.eu - comunicati\" \/>\n<meta property=\"article:published_time\" content=\"2011-03-23T23:00:00+00:00\" \/>\n<meta name=\"author\" content=\"Redazione area-press.eu\" \/>\n<meta name=\"twitter:card\" content=\"summary_large_image\" \/>\n<meta name=\"twitter:label1\" content=\"Scritto da\" \/>\n\t<meta name=\"twitter:data1\" content=\"Redazione area-press.eu\" \/>\n\t<meta name=\"twitter:label2\" content=\"Tempo di lettura stimato\" \/>\n\t<meta name=\"twitter:data2\" content=\"1 minuto\" \/>\n<script type=\"application\/ld+json\" class=\"yoast-schema-graph\">{\"@context\":\"https:\/\/schema.org\",\"@graph\":[{\"@type\":\"WebPage\",\"@id\":\"https:\/\/www.area-press.eu\/comunicati\/vacanze-in-costa-verde-sardegna\/\",\"url\":\"https:\/\/www.area-press.eu\/comunicati\/vacanze-in-costa-verde-sardegna\/\",\"name\":\"Vacanze in Costa Verde, Sardegna - area-press.eu - comunicati\",\"isPartOf\":{\"@id\":\"https:\/\/www.area-press.eu\/comunicati\/#website\"},\"datePublished\":\"2011-03-23T23:00:00+00:00\",\"author\":{\"@id\":\"https:\/\/www.area-press.eu\/comunicati\/#\/schema\/person\/c7a82e1cf7b2d105ee3708fcc74461f4\"},\"breadcrumb\":{\"@id\":\"https:\/\/www.area-press.eu\/comunicati\/vacanze-in-costa-verde-sardegna\/#breadcrumb\"},\"inLanguage\":\"it-IT\",\"potentialAction\":[{\"@type\":\"ReadAction\",\"target\":[\"https:\/\/www.area-press.eu\/comunicati\/vacanze-in-costa-verde-sardegna\/\"]}]},{\"@type\":\"BreadcrumbList\",\"@id\":\"https:\/\/www.area-press.eu\/comunicati\/vacanze-in-costa-verde-sardegna\/#breadcrumb\",\"itemListElement\":[{\"@type\":\"ListItem\",\"position\":1,\"name\":\"Home\",\"item\":\"https:\/\/www.area-press.eu\/comunicati\/\"},{\"@type\":\"ListItem\",\"position\":2,\"name\":\"Vacanze in Costa Verde, Sardegna\"}]},{\"@type\":\"WebSite\",\"@id\":\"https:\/\/www.area-press.eu\/comunicati\/#website\",\"url\":\"https:\/\/www.area-press.eu\/comunicati\/\",\"name\":\"area-press.eu - comunicati\",\"description\":\"Press releases e comunicati stampa\",\"potentialAction\":[{\"@type\":\"SearchAction\",\"target\":{\"@type\":\"EntryPoint\",\"urlTemplate\":\"https:\/\/www.area-press.eu\/comunicati\/?s={search_term_string}\"},\"query-input\":{\"@type\":\"PropertyValueSpecification\",\"valueRequired\":true,\"valueName\":\"search_term_string\"}}],\"inLanguage\":\"it-IT\"},{\"@type\":\"Person\",\"@id\":\"https:\/\/www.area-press.eu\/comunicati\/#\/schema\/person\/c7a82e1cf7b2d105ee3708fcc74461f4\",\"name\":\"Redazione area-press.eu\",\"image\":{\"@type\":\"ImageObject\",\"inLanguage\":\"it-IT\",\"@id\":\"https:\/\/www.area-press.eu\/comunicati\/#\/schema\/person\/image\/\",\"url\":\"https:\/\/secure.gravatar.com\/avatar\/261e5fa13cfbce1e53c026c833f5e36744f89dcb35e4578439e7ced7c9b89537?s=96&d=mm&r=g\",\"contentUrl\":\"https:\/\/secure.gravatar.com\/avatar\/261e5fa13cfbce1e53c026c833f5e36744f89dcb35e4578439e7ced7c9b89537?s=96&d=mm&r=g\",\"caption\":\"Redazione area-press.eu\"},\"url\":\"https:\/\/www.area-press.eu\/comunicati\/author\/redazione-area-press-eu\/\"}]}<\/script>\n<!-- \/ Yoast SEO plugin. -->","yoast_head_json":{"title":"Vacanze in Costa Verde, Sardegna - area-press.eu - comunicati","robots":{"index":"index","follow":"follow","max-snippet":"max-snippet:-1","max-image-preview":"max-image-preview:large","max-video-preview":"max-video-preview:-1"},"canonical":"https:\/\/www.area-press.eu\/comunicati\/vacanze-in-costa-verde-sardegna\/","og_locale":"it_IT","og_type":"article","og_title":"Vacanze in Costa Verde, Sardegna - area-press.eu - comunicati","og_description":"Troppo presto per pensare alle vacanze estive? Se quest'anno la vostra met\u00e0 \u00e8 la Sardegna non \u00e8 mai troppo presto per prenotare, soprattutto se scegliete l'incontaminata Sardegna del sud, ricca di paesaggi incantevoli e caratterizzata da un mare sem","og_url":"https:\/\/www.area-press.eu\/comunicati\/vacanze-in-costa-verde-sardegna\/","og_site_name":"area-press.eu - comunicati","article_published_time":"2011-03-23T23:00:00+00:00","author":"Redazione area-press.eu","twitter_card":"summary_large_image","twitter_misc":{"Scritto da":"Redazione area-press.eu","Tempo di lettura stimato":"1 minuto"},"schema":{"@context":"https:\/\/schema.org","@graph":[{"@type":"WebPage","@id":"https:\/\/www.area-press.eu\/comunicati\/vacanze-in-costa-verde-sardegna\/","url":"https:\/\/www.area-press.eu\/comunicati\/vacanze-in-costa-verde-sardegna\/","name":"Vacanze in Costa Verde, Sardegna - area-press.eu - comunicati","isPartOf":{"@id":"https:\/\/www.area-press.eu\/comunicati\/#website"},"datePublished":"2011-03-23T23:00:00+00:00","author":{"@id":"https:\/\/www.area-press.eu\/comunicati\/#\/schema\/person\/c7a82e1cf7b2d105ee3708fcc74461f4"},"breadcrumb":{"@id":"https:\/\/www.area-press.eu\/comunicati\/vacanze-in-costa-verde-sardegna\/#breadcrumb"},"inLanguage":"it-IT","potentialAction":[{"@type":"ReadAction","target":["https:\/\/www.area-press.eu\/comunicati\/vacanze-in-costa-verde-sardegna\/"]}]},{"@type":"BreadcrumbList","@id":"https:\/\/www.area-press.eu\/comunicati\/vacanze-in-costa-verde-sardegna\/#breadcrumb","itemListElement":[{"@type":"ListItem","position":1,"name":"Home","item":"https:\/\/www.area-press.eu\/comunicati\/"},{"@type":"ListItem","position":2,"name":"Vacanze in Costa Verde, Sardegna"}]},{"@type":"WebSite","@id":"https:\/\/www.area-press.eu\/comunicati\/#website","url":"https:\/\/www.area-press.eu\/comunicati\/","name":"area-press.eu - comunicati","description":"Press releases e comunicati stampa","potentialAction":[{"@type":"SearchAction","target":{"@type":"EntryPoint","urlTemplate":"https:\/\/www.area-press.eu\/comunicati\/?s={search_term_string}"},"query-input":{"@type":"PropertyValueSpecification","valueRequired":true,"valueName":"search_term_string"}}],"inLanguage":"it-IT"},{"@type":"Person","@id":"https:\/\/www.area-press.eu\/comunicati\/#\/schema\/person\/c7a82e1cf7b2d105ee3708fcc74461f4","name":"Redazione area-press.eu","image":{"@type":"ImageObject","inLanguage":"it-IT","@id":"https:\/\/www.area-press.eu\/comunicati\/#\/schema\/person\/image\/","url":"https:\/\/secure.gravatar.com\/avatar\/261e5fa13cfbce1e53c026c833f5e36744f89dcb35e4578439e7ced7c9b89537?s=96&d=mm&r=g","contentUrl":"https:\/\/secure.gravatar.com\/avatar\/261e5fa13cfbce1e53c026c833f5e36744f89dcb35e4578439e7ced7c9b89537?s=96&d=mm&r=g","caption":"Redazione area-press.eu"},"url":"https:\/\/www.area-press.eu\/comunicati\/author\/redazione-area-press-eu\/"}]}},"_links":{"self":[{"href":"https:\/\/www.area-press.eu\/comunicati\/wp-json\/wp\/v2\/posts\/39361","targetHints":{"allow":["GET"]}}],"collection":[{"href":"https:\/\/www.area-press.eu\/comunicati\/wp-json\/wp\/v2\/posts"}],"about":[{"href":"https:\/\/www.area-press.eu\/comunicati\/wp-json\/wp\/v2\/types\/post"}],"author":[{"embeddable":true,"href":"https:\/\/www.area-press.eu\/comunicati\/wp-json\/wp\/v2\/users\/2"}],"replies":[{"embeddable":true,"href":"https:\/\/www.area-press.eu\/comunicati\/wp-json\/wp\/v2\/comments?post=39361"}],"version-history":[{"count":0,"href":"https:\/\/www.area-press.eu\/comunicati\/wp-json\/wp\/v2\/posts\/39361\/revisions"}],"wp:attachment":[{"href":"https:\/\/www.area-press.eu\/comunicati\/wp-json\/wp\/v2\/media?parent=39361"}],"wp:term":[{"taxonomy":"category","embeddable":true,"href":"https:\/\/www.area-press.eu\/comunicati\/wp-json\/wp\/v2\/categories?post=39361"},{"taxonomy":"post_tag","embeddable":true,"href":"https:\/\/www.area-press.eu\/comunicati\/wp-json\/wp\/v2\/tags?post=39361"}],"curies":[{"name":"wp","href":"https:\/\/api.w.org\/{rel}","templated":true}]}}