{"id":39227,"date":"2011-03-21T00:00:00","date_gmt":"2011-03-20T23:00:00","guid":{"rendered":"http:\/\/www.area-press.eu\/comunicati\/informazioni-su-fortaleza-la-meta-delle-tue-prossime-vacanze\/"},"modified":"2011-03-21T00:00:00","modified_gmt":"2011-03-20T23:00:00","slug":"informazioni-su-fortaleza-la-meta-delle-tue-prossime-vacanze","status":"publish","type":"post","link":"https:\/\/www.area-press.eu\/comunicati\/informazioni-su-fortaleza-la-meta-delle-tue-prossime-vacanze\/","title":{"rendered":"Informazioni su Fortaleza, la meta delle tue prossime vacanze"},"content":{"rendered":"<p><!-- VideographyWP Plugin Message: Automatic video embedding prevented by plugin options. --><\/p>\n<p><p>Una delle mete che sta prendendo sempre pi&ugrave; piede soprattutto tra i giovani &egrave; Fortaleza, citt&agrave; brasiliana dedita al divertimento, e particolarmente amata per la sua ottima combinazione di natura e divertimento, servizi di qualit&agrave; e convenienza. Si perch&eacute; Fortaleza, pur essendo una meta turistica molto gettonata, si caratterizza per la presenza di strutture ricettive, come residence e <a href=\"http:\/\/www.residencebrisadomar.com\" target=\"_self\" class=\"broken_link\">appartamenti Fortaleza<\/a>, accessibili a tutte le tasche, anche per chi quindi vuole regalarsi una vacanza in Brasile senza spendere troppo. <\/p>\n<p>Ma cosa c&rsquo;&egrave; da sapere su questa bella citt&agrave; brasiliana?<\/p>\n<p>Fortaleza &egrave; collocata sull&rsquo;Oceano Atlantico proprio a nord del deserto del Sertao e precisamente nella regione del Cear&agrave;, nella parte nord-est del Brasile. La citt&agrave; conta circa 2.000.000 di abitanti e gode di un clima molto caldo che dura per tutto l&rsquo;anno regalando quindi un ambiente sempre piacevole ed adattissimo ai bagni anche d&rsquo;inverno. Da non sottovalutare sono poi le bellezze naturali della citt&agrave; che si contraddistingue per possedere una delle coste pi&ugrave; belle del Brasile, oltre ad un caratteristico centro storico nel quale sopravvivono particolari stili di vita molto legati alle tradizioni e lontani di ritmi frenetici delle citt&agrave; moderne. Altra caratteristica di Fortaleza &egrave; infatti quella di saper accostare un centro antico ad una parte pi&ugrave; moderna ma non avveniristica, integrando un magnifico litorale che nel tempo, e nonostante il boom turistico, &egrave; riuscito a mantenersi incontaminato. Fortaleza, inoltre, riuscita ad affermarsi come un importante centro amministrativo, turistico, di pesca e di artigianato, distinguendosi soprattutto nella produzione di merletti e ricami. <\/p><\/p>\n","protected":false},"excerpt":{"rendered":"<p>Una delle mete che sta prendendo sempre pi\u00f9 piede soprattutto tra i giovani \u00e8 Fortaleza, citt\u00e0 brasiliana dedita al divertimento<\/p>\n","protected":false},"author":2,"featured_media":0,"comment_status":"open","ping_status":"open","sticky":false,"template":"","format":"standard","meta":{"_monsterinsights_skip_tracking":false,"_monsterinsights_sitenote_active":false,"_monsterinsights_sitenote_note":"","_monsterinsights_sitenote_category":0,"footnotes":""},"categories":[7559],"tags":[36554],"class_list":["post-39227","post","type-post","status-publish","format-standard","hentry","category-turismo","tag-appartamenti-fortaleza"],"acf":[],"yoast_head":"<!-- This site is optimized with the Yoast SEO plugin v24.6 - https:\/\/yoast.com\/wordpress\/plugins\/seo\/ -->\n<title>Informazioni su Fortaleza, la meta delle tue prossime vacanze - area-press.eu - comunicati<\/title>\n<meta name=\"robots\" content=\"index, follow, max-snippet:-1, max-image-preview:large, max-video-preview:-1\" \/>\n<link rel=\"canonical\" href=\"https:\/\/www.area-press.eu\/comunicati\/informazioni-su-fortaleza-la-meta-delle-tue-prossime-vacanze\/\" \/>\n<meta property=\"og:locale\" content=\"it_IT\" \/>\n<meta property=\"og:type\" content=\"article\" \/>\n<meta property=\"og:title\" content=\"Informazioni su Fortaleza, la meta delle tue prossime vacanze - area-press.eu - comunicati\" \/>\n<meta property=\"og:description\" content=\"Una delle mete che sta prendendo sempre pi\u00f9 piede soprattutto tra i giovani \u00e8 Fortaleza, citt\u00e0 brasiliana dedita al divertimento\" \/>\n<meta property=\"og:url\" content=\"https:\/\/www.area-press.eu\/comunicati\/informazioni-su-fortaleza-la-meta-delle-tue-prossime-vacanze\/\" \/>\n<meta property=\"og:site_name\" content=\"area-press.eu - comunicati\" \/>\n<meta property=\"article:published_time\" content=\"2011-03-20T23:00:00+00:00\" \/>\n<meta name=\"author\" content=\"Redazione area-press.eu\" \/>\n<meta name=\"twitter:card\" content=\"summary_large_image\" \/>\n<meta name=\"twitter:label1\" content=\"Scritto da\" \/>\n\t<meta name=\"twitter:data1\" content=\"Redazione area-press.eu\" \/>\n\t<meta name=\"twitter:label2\" content=\"Tempo di lettura stimato\" \/>\n\t<meta name=\"twitter:data2\" content=\"1 minuto\" \/>\n<script type=\"application\/ld+json\" class=\"yoast-schema-graph\">{\"@context\":\"https:\/\/schema.org\",\"@graph\":[{\"@type\":\"WebPage\",\"@id\":\"https:\/\/www.area-press.eu\/comunicati\/informazioni-su-fortaleza-la-meta-delle-tue-prossime-vacanze\/\",\"url\":\"https:\/\/www.area-press.eu\/comunicati\/informazioni-su-fortaleza-la-meta-delle-tue-prossime-vacanze\/\",\"name\":\"Informazioni su Fortaleza, la meta delle tue prossime vacanze - area-press.eu - comunicati\",\"isPartOf\":{\"@id\":\"https:\/\/www.area-press.eu\/comunicati\/#website\"},\"datePublished\":\"2011-03-20T23:00:00+00:00\",\"author\":{\"@id\":\"https:\/\/www.area-press.eu\/comunicati\/#\/schema\/person\/c7a82e1cf7b2d105ee3708fcc74461f4\"},\"breadcrumb\":{\"@id\":\"https:\/\/www.area-press.eu\/comunicati\/informazioni-su-fortaleza-la-meta-delle-tue-prossime-vacanze\/#breadcrumb\"},\"inLanguage\":\"it-IT\",\"potentialAction\":[{\"@type\":\"ReadAction\",\"target\":[\"https:\/\/www.area-press.eu\/comunicati\/informazioni-su-fortaleza-la-meta-delle-tue-prossime-vacanze\/\"]}]},{\"@type\":\"BreadcrumbList\",\"@id\":\"https:\/\/www.area-press.eu\/comunicati\/informazioni-su-fortaleza-la-meta-delle-tue-prossime-vacanze\/#breadcrumb\",\"itemListElement\":[{\"@type\":\"ListItem\",\"position\":1,\"name\":\"Home\",\"item\":\"https:\/\/www.area-press.eu\/comunicati\/\"},{\"@type\":\"ListItem\",\"position\":2,\"name\":\"Informazioni su Fortaleza, la meta delle tue prossime vacanze\"}]},{\"@type\":\"WebSite\",\"@id\":\"https:\/\/www.area-press.eu\/comunicati\/#website\",\"url\":\"https:\/\/www.area-press.eu\/comunicati\/\",\"name\":\"area-press.eu - comunicati\",\"description\":\"Press releases e comunicati stampa\",\"potentialAction\":[{\"@type\":\"SearchAction\",\"target\":{\"@type\":\"EntryPoint\",\"urlTemplate\":\"https:\/\/www.area-press.eu\/comunicati\/?s={search_term_string}\"},\"query-input\":{\"@type\":\"PropertyValueSpecification\",\"valueRequired\":true,\"valueName\":\"search_term_string\"}}],\"inLanguage\":\"it-IT\"},{\"@type\":\"Person\",\"@id\":\"https:\/\/www.area-press.eu\/comunicati\/#\/schema\/person\/c7a82e1cf7b2d105ee3708fcc74461f4\",\"name\":\"Redazione area-press.eu\",\"image\":{\"@type\":\"ImageObject\",\"inLanguage\":\"it-IT\",\"@id\":\"https:\/\/www.area-press.eu\/comunicati\/#\/schema\/person\/image\/\",\"url\":\"https:\/\/secure.gravatar.com\/avatar\/261e5fa13cfbce1e53c026c833f5e36744f89dcb35e4578439e7ced7c9b89537?s=96&d=mm&r=g\",\"contentUrl\":\"https:\/\/secure.gravatar.com\/avatar\/261e5fa13cfbce1e53c026c833f5e36744f89dcb35e4578439e7ced7c9b89537?s=96&d=mm&r=g\",\"caption\":\"Redazione area-press.eu\"},\"url\":\"https:\/\/www.area-press.eu\/comunicati\/author\/redazione-area-press-eu\/\"}]}<\/script>\n<!-- \/ Yoast SEO plugin. -->","yoast_head_json":{"title":"Informazioni su Fortaleza, la meta delle tue prossime vacanze - area-press.eu - comunicati","robots":{"index":"index","follow":"follow","max-snippet":"max-snippet:-1","max-image-preview":"max-image-preview:large","max-video-preview":"max-video-preview:-1"},"canonical":"https:\/\/www.area-press.eu\/comunicati\/informazioni-su-fortaleza-la-meta-delle-tue-prossime-vacanze\/","og_locale":"it_IT","og_type":"article","og_title":"Informazioni su Fortaleza, la meta delle tue prossime vacanze - area-press.eu - comunicati","og_description":"Una delle mete che sta prendendo sempre pi\u00f9 piede soprattutto tra i giovani \u00e8 Fortaleza, citt\u00e0 brasiliana dedita al divertimento","og_url":"https:\/\/www.area-press.eu\/comunicati\/informazioni-su-fortaleza-la-meta-delle-tue-prossime-vacanze\/","og_site_name":"area-press.eu - comunicati","article_published_time":"2011-03-20T23:00:00+00:00","author":"Redazione area-press.eu","twitter_card":"summary_large_image","twitter_misc":{"Scritto da":"Redazione area-press.eu","Tempo di lettura stimato":"1 minuto"},"schema":{"@context":"https:\/\/schema.org","@graph":[{"@type":"WebPage","@id":"https:\/\/www.area-press.eu\/comunicati\/informazioni-su-fortaleza-la-meta-delle-tue-prossime-vacanze\/","url":"https:\/\/www.area-press.eu\/comunicati\/informazioni-su-fortaleza-la-meta-delle-tue-prossime-vacanze\/","name":"Informazioni su Fortaleza, la meta delle tue prossime vacanze - area-press.eu - comunicati","isPartOf":{"@id":"https:\/\/www.area-press.eu\/comunicati\/#website"},"datePublished":"2011-03-20T23:00:00+00:00","author":{"@id":"https:\/\/www.area-press.eu\/comunicati\/#\/schema\/person\/c7a82e1cf7b2d105ee3708fcc74461f4"},"breadcrumb":{"@id":"https:\/\/www.area-press.eu\/comunicati\/informazioni-su-fortaleza-la-meta-delle-tue-prossime-vacanze\/#breadcrumb"},"inLanguage":"it-IT","potentialAction":[{"@type":"ReadAction","target":["https:\/\/www.area-press.eu\/comunicati\/informazioni-su-fortaleza-la-meta-delle-tue-prossime-vacanze\/"]}]},{"@type":"BreadcrumbList","@id":"https:\/\/www.area-press.eu\/comunicati\/informazioni-su-fortaleza-la-meta-delle-tue-prossime-vacanze\/#breadcrumb","itemListElement":[{"@type":"ListItem","position":1,"name":"Home","item":"https:\/\/www.area-press.eu\/comunicati\/"},{"@type":"ListItem","position":2,"name":"Informazioni su Fortaleza, la meta delle tue prossime vacanze"}]},{"@type":"WebSite","@id":"https:\/\/www.area-press.eu\/comunicati\/#website","url":"https:\/\/www.area-press.eu\/comunicati\/","name":"area-press.eu - comunicati","description":"Press releases e comunicati stampa","potentialAction":[{"@type":"SearchAction","target":{"@type":"EntryPoint","urlTemplate":"https:\/\/www.area-press.eu\/comunicati\/?s={search_term_string}"},"query-input":{"@type":"PropertyValueSpecification","valueRequired":true,"valueName":"search_term_string"}}],"inLanguage":"it-IT"},{"@type":"Person","@id":"https:\/\/www.area-press.eu\/comunicati\/#\/schema\/person\/c7a82e1cf7b2d105ee3708fcc74461f4","name":"Redazione area-press.eu","image":{"@type":"ImageObject","inLanguage":"it-IT","@id":"https:\/\/www.area-press.eu\/comunicati\/#\/schema\/person\/image\/","url":"https:\/\/secure.gravatar.com\/avatar\/261e5fa13cfbce1e53c026c833f5e36744f89dcb35e4578439e7ced7c9b89537?s=96&d=mm&r=g","contentUrl":"https:\/\/secure.gravatar.com\/avatar\/261e5fa13cfbce1e53c026c833f5e36744f89dcb35e4578439e7ced7c9b89537?s=96&d=mm&r=g","caption":"Redazione area-press.eu"},"url":"https:\/\/www.area-press.eu\/comunicati\/author\/redazione-area-press-eu\/"}]}},"_links":{"self":[{"href":"https:\/\/www.area-press.eu\/comunicati\/wp-json\/wp\/v2\/posts\/39227","targetHints":{"allow":["GET"]}}],"collection":[{"href":"https:\/\/www.area-press.eu\/comunicati\/wp-json\/wp\/v2\/posts"}],"about":[{"href":"https:\/\/www.area-press.eu\/comunicati\/wp-json\/wp\/v2\/types\/post"}],"author":[{"embeddable":true,"href":"https:\/\/www.area-press.eu\/comunicati\/wp-json\/wp\/v2\/users\/2"}],"replies":[{"embeddable":true,"href":"https:\/\/www.area-press.eu\/comunicati\/wp-json\/wp\/v2\/comments?post=39227"}],"version-history":[{"count":0,"href":"https:\/\/www.area-press.eu\/comunicati\/wp-json\/wp\/v2\/posts\/39227\/revisions"}],"wp:attachment":[{"href":"https:\/\/www.area-press.eu\/comunicati\/wp-json\/wp\/v2\/media?parent=39227"}],"wp:term":[{"taxonomy":"category","embeddable":true,"href":"https:\/\/www.area-press.eu\/comunicati\/wp-json\/wp\/v2\/categories?post=39227"},{"taxonomy":"post_tag","embeddable":true,"href":"https:\/\/www.area-press.eu\/comunicati\/wp-json\/wp\/v2\/tags?post=39227"}],"curies":[{"name":"wp","href":"https:\/\/api.w.org\/{rel}","templated":true}]}}