{"id":38541,"date":"2011-02-28T00:00:00","date_gmt":"2011-02-27T23:00:00","guid":{"rendered":"http:\/\/www.area-press.eu\/comunicati\/a-firenze-per-la-mostra-picasso-miro-dali-con-le-offerte-di-ars-hotels\/"},"modified":"2011-02-28T00:00:00","modified_gmt":"2011-02-27T23:00:00","slug":"a-firenze-per-la-mostra-picasso-miro-dali-con-le-offerte-di-ars-hotels","status":"publish","type":"post","link":"https:\/\/www.area-press.eu\/comunicati\/a-firenze-per-la-mostra-picasso-miro-dali-con-le-offerte-di-ars-hotels\/","title":{"rendered":"A Firenze per la mostra Picasso, Mir\u00f3, Dal\u00ed con le offerte di Ars Hotels"},"content":{"rendered":"<p><!-- VideographyWP Plugin Message: Automatic video embedding prevented by plugin options. --><\/p>\n<p><strong>Dal 12 marzo 2011<\/strong> il Palazzo Strozzi di Firenze ospiter&agrave; la mostra &ldquo;<strong>Picasso, Mir&ograve;, Dal&igrave;. Giovani e arrabbiati: la nascita della modernit&agrave;&rdquo;<\/strong>. <\/p>\n<p> Per l&rsquo;occasione la catena alberghiera <strong><a href=\"http:\/\/www.arshotels.com\/\">Ars Hotels Firenze<\/a><\/strong> ha messo a punto alcune offerte di soggiorno presso le sue strutture a <strong>prezzi davvero competitivi<\/strong>, come <strong><a href=\"http:\/\/www.hoteladriatico.it\/it\/picasso_miro_dali_offerta_speciale_best_western_grand_hotel_adriatico_06it31674it.htm\" class=\"broken_link\">l&rsquo;offerta del Best Western Grand Hotel Adriatico<\/a><\/strong> o <strong><a href=\"http:\/\/www.hotelrivoli.it\/it\/2011\/01\/picasso-miro-dali-special-offer-best-western-hotel-rivoli-florence\/\">l&rsquo;offerta del Best Western Hotel Rivoli<\/a><\/strong>: entrambe comprendono 2 notti in camera doppia classic, prima colazione a buffet, ingresso alla mostra per due persone e una guida su Picasso, Mir&ograve; e Dali, redatta da Ars Hotels. <\/p>\n<p> L&rsquo;eccezionale <strong>mostra presso Palazzo Strozzi a Firenze<\/strong> &egrave; dedicata alla <strong>produzione giovanile di Picasso, Mir&oacute; e Dal&iacute;<\/strong>, artisti che hanno avuto un ruolo decisivo per gli esordi dell&rsquo;arte moderna. La mostra prende in esame il periodo pre-cubista di Picasso, fra il 1900 e il 1905, mentre le opere realizzate da Juan Mir&oacute; fra il 1915 e il 1920 sono presentate in serrato confronto a quelle di Salvador Dal&iacute; del quinquennio 1920-1925, per porre in evidenza le differenze e relazioni stilistiche che caratterizzano il periodo precedente all&rsquo;adesione dei due artisti alla poetica del Surrealismo. <\/p>\n<p> <strong>Ciascun artista sar&agrave; rappresentato da 25-30 capolavori<\/strong> scelti per illustrare alcuni aspetti della loro arte giovanile: opere che raramente sono presenti in cataloghi e mostre. <\/p>\n<p> La mostra &ldquo;Picasso, Mir&ograve;, Dal&igrave;. Giovani e arrabbiati: la nascita della modernit&agrave;&rdquo; sar&agrave; <strong>aperta fino al 17 luglio 2011<\/strong>. Non perdete l&rsquo;occasione di visitare questa <strong>originale esposizione di opere quasi inedite <\/strong>a <strong>Palazzo Strozzi<\/strong>, e approfittate delle offerte di soggiorno a Firenze offerte da <a href=\"http:\/\/www.arshotels.com\/\">Ars Hotels<\/a>. <\/p>\n<p> Fonte: <a href=\"http:\/\/www.arshotels.com\/\">Ars Hotels Firenze<\/a><\/p>\n","protected":false},"excerpt":{"rendered":"<p>Dal 12 marzo 2011 a Firenze la mostra &#8220;Picasso, Mir\u00f2, Dal\u00ec. Giovani e arrabbiati: la nascita della modernit\u00e0\u201d. Per l\u2019occasione Ars Hotels Firenze ha messo a punto alcune offerte di soggiorno presso le sue strutture.<\/p>\n","protected":false},"author":2,"featured_media":0,"comment_status":"open","ping_status":"open","sticky":false,"template":"","format":"standard","meta":{"_monsterinsights_skip_tracking":false,"_monsterinsights_sitenote_active":false,"_monsterinsights_sitenote_note":"","_monsterinsights_sitenote_category":0,"footnotes":""},"categories":[7559],"tags":[],"class_list":["post-38541","post","type-post","status-publish","format-standard","hentry","category-turismo"],"acf":[],"yoast_head":"<!-- This site is optimized with the Yoast SEO plugin v24.6 - https:\/\/yoast.com\/wordpress\/plugins\/seo\/ -->\n<title>A Firenze per la mostra Picasso, Mir\u00f3, Dal\u00ed con le offerte di Ars Hotels - area-press.eu - comunicati<\/title>\n<meta name=\"robots\" content=\"index, follow, max-snippet:-1, max-image-preview:large, max-video-preview:-1\" \/>\n<link rel=\"canonical\" href=\"https:\/\/www.area-press.eu\/comunicati\/a-firenze-per-la-mostra-picasso-miro-dali-con-le-offerte-di-ars-hotels\/\" \/>\n<meta property=\"og:locale\" content=\"it_IT\" \/>\n<meta property=\"og:type\" content=\"article\" \/>\n<meta property=\"og:title\" content=\"A Firenze per la mostra Picasso, Mir\u00f3, Dal\u00ed con le offerte di Ars Hotels - area-press.eu - comunicati\" \/>\n<meta property=\"og:description\" content=\"Dal 12 marzo 2011 a Firenze la mostra &quot;Picasso, Mir\u00f2, Dal\u00ec. Giovani e arrabbiati: la nascita della modernit\u00e0\u201d. Per l\u2019occasione Ars Hotels Firenze ha messo a punto alcune offerte di soggiorno presso le sue strutture.\" \/>\n<meta property=\"og:url\" content=\"https:\/\/www.area-press.eu\/comunicati\/a-firenze-per-la-mostra-picasso-miro-dali-con-le-offerte-di-ars-hotels\/\" \/>\n<meta property=\"og:site_name\" content=\"area-press.eu - comunicati\" \/>\n<meta property=\"article:published_time\" content=\"2011-02-27T23:00:00+00:00\" \/>\n<meta name=\"author\" content=\"Redazione area-press.eu\" \/>\n<meta name=\"twitter:card\" content=\"summary_large_image\" \/>\n<meta name=\"twitter:label1\" content=\"Scritto da\" \/>\n\t<meta name=\"twitter:data1\" content=\"Redazione area-press.eu\" \/>\n\t<meta name=\"twitter:label2\" content=\"Tempo di lettura stimato\" \/>\n\t<meta name=\"twitter:data2\" content=\"1 minuto\" \/>\n<script type=\"application\/ld+json\" class=\"yoast-schema-graph\">{\"@context\":\"https:\/\/schema.org\",\"@graph\":[{\"@type\":\"WebPage\",\"@id\":\"https:\/\/www.area-press.eu\/comunicati\/a-firenze-per-la-mostra-picasso-miro-dali-con-le-offerte-di-ars-hotels\/\",\"url\":\"https:\/\/www.area-press.eu\/comunicati\/a-firenze-per-la-mostra-picasso-miro-dali-con-le-offerte-di-ars-hotels\/\",\"name\":\"A Firenze per la mostra Picasso, Mir\u00f3, Dal\u00ed con le offerte di Ars Hotels - area-press.eu - comunicati\",\"isPartOf\":{\"@id\":\"https:\/\/www.area-press.eu\/comunicati\/#website\"},\"datePublished\":\"2011-02-27T23:00:00+00:00\",\"author\":{\"@id\":\"https:\/\/www.area-press.eu\/comunicati\/#\/schema\/person\/c7a82e1cf7b2d105ee3708fcc74461f4\"},\"breadcrumb\":{\"@id\":\"https:\/\/www.area-press.eu\/comunicati\/a-firenze-per-la-mostra-picasso-miro-dali-con-le-offerte-di-ars-hotels\/#breadcrumb\"},\"inLanguage\":\"it-IT\",\"potentialAction\":[{\"@type\":\"ReadAction\",\"target\":[\"https:\/\/www.area-press.eu\/comunicati\/a-firenze-per-la-mostra-picasso-miro-dali-con-le-offerte-di-ars-hotels\/\"]}]},{\"@type\":\"BreadcrumbList\",\"@id\":\"https:\/\/www.area-press.eu\/comunicati\/a-firenze-per-la-mostra-picasso-miro-dali-con-le-offerte-di-ars-hotels\/#breadcrumb\",\"itemListElement\":[{\"@type\":\"ListItem\",\"position\":1,\"name\":\"Home\",\"item\":\"https:\/\/www.area-press.eu\/comunicati\/\"},{\"@type\":\"ListItem\",\"position\":2,\"name\":\"A Firenze per la mostra Picasso, Mir\u00f3, Dal\u00ed con le offerte di Ars Hotels\"}]},{\"@type\":\"WebSite\",\"@id\":\"https:\/\/www.area-press.eu\/comunicati\/#website\",\"url\":\"https:\/\/www.area-press.eu\/comunicati\/\",\"name\":\"area-press.eu - comunicati\",\"description\":\"Press releases e comunicati stampa\",\"potentialAction\":[{\"@type\":\"SearchAction\",\"target\":{\"@type\":\"EntryPoint\",\"urlTemplate\":\"https:\/\/www.area-press.eu\/comunicati\/?s={search_term_string}\"},\"query-input\":{\"@type\":\"PropertyValueSpecification\",\"valueRequired\":true,\"valueName\":\"search_term_string\"}}],\"inLanguage\":\"it-IT\"},{\"@type\":\"Person\",\"@id\":\"https:\/\/www.area-press.eu\/comunicati\/#\/schema\/person\/c7a82e1cf7b2d105ee3708fcc74461f4\",\"name\":\"Redazione area-press.eu\",\"image\":{\"@type\":\"ImageObject\",\"inLanguage\":\"it-IT\",\"@id\":\"https:\/\/www.area-press.eu\/comunicati\/#\/schema\/person\/image\/\",\"url\":\"https:\/\/secure.gravatar.com\/avatar\/261e5fa13cfbce1e53c026c833f5e36744f89dcb35e4578439e7ced7c9b89537?s=96&d=mm&r=g\",\"contentUrl\":\"https:\/\/secure.gravatar.com\/avatar\/261e5fa13cfbce1e53c026c833f5e36744f89dcb35e4578439e7ced7c9b89537?s=96&d=mm&r=g\",\"caption\":\"Redazione area-press.eu\"},\"url\":\"https:\/\/www.area-press.eu\/comunicati\/author\/redazione-area-press-eu\/\"}]}<\/script>\n<!-- \/ Yoast SEO plugin. -->","yoast_head_json":{"title":"A Firenze per la mostra Picasso, Mir\u00f3, Dal\u00ed con le offerte di Ars Hotels - area-press.eu - comunicati","robots":{"index":"index","follow":"follow","max-snippet":"max-snippet:-1","max-image-preview":"max-image-preview:large","max-video-preview":"max-video-preview:-1"},"canonical":"https:\/\/www.area-press.eu\/comunicati\/a-firenze-per-la-mostra-picasso-miro-dali-con-le-offerte-di-ars-hotels\/","og_locale":"it_IT","og_type":"article","og_title":"A Firenze per la mostra Picasso, Mir\u00f3, Dal\u00ed con le offerte di Ars Hotels - area-press.eu - comunicati","og_description":"Dal 12 marzo 2011 a Firenze la mostra \"Picasso, Mir\u00f2, Dal\u00ec. Giovani e arrabbiati: la nascita della modernit\u00e0\u201d. Per l\u2019occasione Ars Hotels Firenze ha messo a punto alcune offerte di soggiorno presso le sue strutture.","og_url":"https:\/\/www.area-press.eu\/comunicati\/a-firenze-per-la-mostra-picasso-miro-dali-con-le-offerte-di-ars-hotels\/","og_site_name":"area-press.eu - comunicati","article_published_time":"2011-02-27T23:00:00+00:00","author":"Redazione area-press.eu","twitter_card":"summary_large_image","twitter_misc":{"Scritto da":"Redazione area-press.eu","Tempo di lettura stimato":"1 minuto"},"schema":{"@context":"https:\/\/schema.org","@graph":[{"@type":"WebPage","@id":"https:\/\/www.area-press.eu\/comunicati\/a-firenze-per-la-mostra-picasso-miro-dali-con-le-offerte-di-ars-hotels\/","url":"https:\/\/www.area-press.eu\/comunicati\/a-firenze-per-la-mostra-picasso-miro-dali-con-le-offerte-di-ars-hotels\/","name":"A Firenze per la mostra Picasso, Mir\u00f3, Dal\u00ed con le offerte di Ars Hotels - area-press.eu - comunicati","isPartOf":{"@id":"https:\/\/www.area-press.eu\/comunicati\/#website"},"datePublished":"2011-02-27T23:00:00+00:00","author":{"@id":"https:\/\/www.area-press.eu\/comunicati\/#\/schema\/person\/c7a82e1cf7b2d105ee3708fcc74461f4"},"breadcrumb":{"@id":"https:\/\/www.area-press.eu\/comunicati\/a-firenze-per-la-mostra-picasso-miro-dali-con-le-offerte-di-ars-hotels\/#breadcrumb"},"inLanguage":"it-IT","potentialAction":[{"@type":"ReadAction","target":["https:\/\/www.area-press.eu\/comunicati\/a-firenze-per-la-mostra-picasso-miro-dali-con-le-offerte-di-ars-hotels\/"]}]},{"@type":"BreadcrumbList","@id":"https:\/\/www.area-press.eu\/comunicati\/a-firenze-per-la-mostra-picasso-miro-dali-con-le-offerte-di-ars-hotels\/#breadcrumb","itemListElement":[{"@type":"ListItem","position":1,"name":"Home","item":"https:\/\/www.area-press.eu\/comunicati\/"},{"@type":"ListItem","position":2,"name":"A Firenze per la mostra Picasso, Mir\u00f3, Dal\u00ed con le offerte di Ars Hotels"}]},{"@type":"WebSite","@id":"https:\/\/www.area-press.eu\/comunicati\/#website","url":"https:\/\/www.area-press.eu\/comunicati\/","name":"area-press.eu - comunicati","description":"Press releases e comunicati stampa","potentialAction":[{"@type":"SearchAction","target":{"@type":"EntryPoint","urlTemplate":"https:\/\/www.area-press.eu\/comunicati\/?s={search_term_string}"},"query-input":{"@type":"PropertyValueSpecification","valueRequired":true,"valueName":"search_term_string"}}],"inLanguage":"it-IT"},{"@type":"Person","@id":"https:\/\/www.area-press.eu\/comunicati\/#\/schema\/person\/c7a82e1cf7b2d105ee3708fcc74461f4","name":"Redazione area-press.eu","image":{"@type":"ImageObject","inLanguage":"it-IT","@id":"https:\/\/www.area-press.eu\/comunicati\/#\/schema\/person\/image\/","url":"https:\/\/secure.gravatar.com\/avatar\/261e5fa13cfbce1e53c026c833f5e36744f89dcb35e4578439e7ced7c9b89537?s=96&d=mm&r=g","contentUrl":"https:\/\/secure.gravatar.com\/avatar\/261e5fa13cfbce1e53c026c833f5e36744f89dcb35e4578439e7ced7c9b89537?s=96&d=mm&r=g","caption":"Redazione area-press.eu"},"url":"https:\/\/www.area-press.eu\/comunicati\/author\/redazione-area-press-eu\/"}]}},"_links":{"self":[{"href":"https:\/\/www.area-press.eu\/comunicati\/wp-json\/wp\/v2\/posts\/38541","targetHints":{"allow":["GET"]}}],"collection":[{"href":"https:\/\/www.area-press.eu\/comunicati\/wp-json\/wp\/v2\/posts"}],"about":[{"href":"https:\/\/www.area-press.eu\/comunicati\/wp-json\/wp\/v2\/types\/post"}],"author":[{"embeddable":true,"href":"https:\/\/www.area-press.eu\/comunicati\/wp-json\/wp\/v2\/users\/2"}],"replies":[{"embeddable":true,"href":"https:\/\/www.area-press.eu\/comunicati\/wp-json\/wp\/v2\/comments?post=38541"}],"version-history":[{"count":0,"href":"https:\/\/www.area-press.eu\/comunicati\/wp-json\/wp\/v2\/posts\/38541\/revisions"}],"wp:attachment":[{"href":"https:\/\/www.area-press.eu\/comunicati\/wp-json\/wp\/v2\/media?parent=38541"}],"wp:term":[{"taxonomy":"category","embeddable":true,"href":"https:\/\/www.area-press.eu\/comunicati\/wp-json\/wp\/v2\/categories?post=38541"},{"taxonomy":"post_tag","embeddable":true,"href":"https:\/\/www.area-press.eu\/comunicati\/wp-json\/wp\/v2\/tags?post=38541"}],"curies":[{"name":"wp","href":"https:\/\/api.w.org\/{rel}","templated":true}]}}