{"id":38448,"date":"2011-02-25T00:00:00","date_gmt":"2011-02-24T23:00:00","guid":{"rendered":"http:\/\/www.area-press.eu\/comunicati\/vacanza-in-campania-perche-no\/"},"modified":"2011-02-25T00:00:00","modified_gmt":"2011-02-24T23:00:00","slug":"vacanza-in-campania-perche-no","status":"publish","type":"post","link":"https:\/\/www.area-press.eu\/comunicati\/vacanza-in-campania-perche-no\/","title":{"rendered":"Vacanza in Campania, perch\u00e9 no?"},"content":{"rendered":"<p><!-- VideographyWP Plugin Message: Automatic video embedding prevented by plugin options. --><\/p>\n<p><p class=\"MsoNormal\">Siete davanti al computer da ore, decisamente affranti dalla quantit&agrave; di lavoro che vi siete lasciati alle spalle e depressi al pensiero che la fine della settimana ancora sia lontana e con essa un po&rsquo; di meritato riposo. E proprio nel momento in cui pensate che sia il caso di mollare tutto, e quasi decidete che sia ora di farlo davvero<span style=\"mso-spacerun: yes;\"> <\/span>l&rsquo;illuminazione: &egrave; inutile mollare tutto ora, ma si pu&ograve; fare di meglio, organizzare una bella vacanza.<\/p>\n<p class=\"MsoNormal\">Cosa dire di una <a href=\"http:\/\/www.baiadomizia.it\/baiahtml\/listino-prezzi-vacanza-campania.html\" class=\"broken_link\">vacanza in Campania<\/a>? La costa partenopea &egrave; tra le pi&ugrave; interessanti. E poco importa che ci si trovi nel periodo invernale. Gli hotel della zona sono interessanti e ben dotati di ogni comfort in qualsiasi stagione dell&rsquo;anno. Ecco quindi che mentre la mano si avvicina al mouse, un solo pensiero &egrave; focalizzato nella mente &ldquo;<a href=\"http:\/\/www.baiadomizia.it\/baiahtml\/listino-prezzi-vacanza-campania.html\" class=\"broken_link\">vacanza in campania prezzi<\/a>&rdquo;. E lo trasportate sul motore di ricerca, nella speranza di trovare la giusta offerta. In fin dei conti, spendere l&rsquo;intero stipendio mensile per un weekend non appare poi tanto conveniente.<\/p>\n<p class=\"MsoNormal\">Sorrento &egrave; una cittadina attraente in qualsiasi momento dell&rsquo;anno si decida di visitarla. Le possibilit&agrave; di divertimento al suo interno sono molteplici e variegate. Nulla viene lasciato al caso. Si pu&ograve; optare per un relax di tipo storico, visitando la cittadina e la sua composizione medievale, o si pu&ograve; decidere di approfittare della movida notturna e della bellezza del mare di inverno. O ancora approfittando della sua posizione, darsi ad una vacanza di tipo enogastronomico: inutile dirlo, non si rischia di rimanere delusi.<\/p><\/p>\n","protected":false},"excerpt":{"rendered":"<p>Prendete il computer, scegliete la soluzione a voi pi\u00f9 congeniale e organizzate il vostro weekend perfetto. La campania \u00e8 un luogo da sogno!<\/p>\n","protected":false},"author":2,"featured_media":0,"comment_status":"open","ping_status":"open","sticky":false,"template":"","format":"standard","meta":{"_monsterinsights_skip_tracking":false,"_monsterinsights_sitenote_active":false,"_monsterinsights_sitenote_note":"","_monsterinsights_sitenote_category":0,"footnotes":""},"categories":[7559],"tags":[35498,35499],"class_list":["post-38448","post","type-post","status-publish","format-standard","hentry","category-turismo","tag-vacanza-in-campania","tag-vacanza-in-campania-prezzi"],"acf":[],"yoast_head":"<!-- This site is optimized with the Yoast SEO plugin v24.6 - https:\/\/yoast.com\/wordpress\/plugins\/seo\/ -->\n<title>Vacanza in Campania, perch\u00e9 no? - area-press.eu - comunicati<\/title>\n<meta name=\"robots\" content=\"index, follow, max-snippet:-1, max-image-preview:large, max-video-preview:-1\" \/>\n<link rel=\"canonical\" href=\"https:\/\/www.area-press.eu\/comunicati\/vacanza-in-campania-perche-no\/\" \/>\n<meta property=\"og:locale\" content=\"it_IT\" \/>\n<meta property=\"og:type\" content=\"article\" \/>\n<meta property=\"og:title\" content=\"Vacanza in Campania, perch\u00e9 no? - area-press.eu - comunicati\" \/>\n<meta property=\"og:description\" content=\"Prendete il computer, scegliete la soluzione a voi pi\u00f9 congeniale e organizzate il vostro weekend perfetto. La campania \u00e8 un luogo da sogno!\" \/>\n<meta property=\"og:url\" content=\"https:\/\/www.area-press.eu\/comunicati\/vacanza-in-campania-perche-no\/\" \/>\n<meta property=\"og:site_name\" content=\"area-press.eu - comunicati\" \/>\n<meta property=\"article:published_time\" content=\"2011-02-24T23:00:00+00:00\" \/>\n<meta name=\"author\" content=\"Redazione area-press.eu\" \/>\n<meta name=\"twitter:card\" content=\"summary_large_image\" \/>\n<meta name=\"twitter:label1\" content=\"Scritto da\" \/>\n\t<meta name=\"twitter:data1\" content=\"Redazione area-press.eu\" \/>\n\t<meta name=\"twitter:label2\" content=\"Tempo di lettura stimato\" \/>\n\t<meta name=\"twitter:data2\" content=\"1 minuto\" \/>\n<script type=\"application\/ld+json\" class=\"yoast-schema-graph\">{\"@context\":\"https:\/\/schema.org\",\"@graph\":[{\"@type\":\"WebPage\",\"@id\":\"https:\/\/www.area-press.eu\/comunicati\/vacanza-in-campania-perche-no\/\",\"url\":\"https:\/\/www.area-press.eu\/comunicati\/vacanza-in-campania-perche-no\/\",\"name\":\"Vacanza in Campania, perch\u00e9 no? - area-press.eu - comunicati\",\"isPartOf\":{\"@id\":\"https:\/\/www.area-press.eu\/comunicati\/#website\"},\"datePublished\":\"2011-02-24T23:00:00+00:00\",\"author\":{\"@id\":\"https:\/\/www.area-press.eu\/comunicati\/#\/schema\/person\/c7a82e1cf7b2d105ee3708fcc74461f4\"},\"breadcrumb\":{\"@id\":\"https:\/\/www.area-press.eu\/comunicati\/vacanza-in-campania-perche-no\/#breadcrumb\"},\"inLanguage\":\"it-IT\",\"potentialAction\":[{\"@type\":\"ReadAction\",\"target\":[\"https:\/\/www.area-press.eu\/comunicati\/vacanza-in-campania-perche-no\/\"]}]},{\"@type\":\"BreadcrumbList\",\"@id\":\"https:\/\/www.area-press.eu\/comunicati\/vacanza-in-campania-perche-no\/#breadcrumb\",\"itemListElement\":[{\"@type\":\"ListItem\",\"position\":1,\"name\":\"Home\",\"item\":\"https:\/\/www.area-press.eu\/comunicati\/\"},{\"@type\":\"ListItem\",\"position\":2,\"name\":\"Vacanza in Campania, perch\u00e9 no?\"}]},{\"@type\":\"WebSite\",\"@id\":\"https:\/\/www.area-press.eu\/comunicati\/#website\",\"url\":\"https:\/\/www.area-press.eu\/comunicati\/\",\"name\":\"area-press.eu - comunicati\",\"description\":\"Press releases e comunicati stampa\",\"potentialAction\":[{\"@type\":\"SearchAction\",\"target\":{\"@type\":\"EntryPoint\",\"urlTemplate\":\"https:\/\/www.area-press.eu\/comunicati\/?s={search_term_string}\"},\"query-input\":{\"@type\":\"PropertyValueSpecification\",\"valueRequired\":true,\"valueName\":\"search_term_string\"}}],\"inLanguage\":\"it-IT\"},{\"@type\":\"Person\",\"@id\":\"https:\/\/www.area-press.eu\/comunicati\/#\/schema\/person\/c7a82e1cf7b2d105ee3708fcc74461f4\",\"name\":\"Redazione area-press.eu\",\"image\":{\"@type\":\"ImageObject\",\"inLanguage\":\"it-IT\",\"@id\":\"https:\/\/www.area-press.eu\/comunicati\/#\/schema\/person\/image\/\",\"url\":\"https:\/\/secure.gravatar.com\/avatar\/261e5fa13cfbce1e53c026c833f5e36744f89dcb35e4578439e7ced7c9b89537?s=96&d=mm&r=g\",\"contentUrl\":\"https:\/\/secure.gravatar.com\/avatar\/261e5fa13cfbce1e53c026c833f5e36744f89dcb35e4578439e7ced7c9b89537?s=96&d=mm&r=g\",\"caption\":\"Redazione area-press.eu\"},\"url\":\"https:\/\/www.area-press.eu\/comunicati\/author\/redazione-area-press-eu\/\"}]}<\/script>\n<!-- \/ Yoast SEO plugin. -->","yoast_head_json":{"title":"Vacanza in Campania, perch\u00e9 no? - area-press.eu - comunicati","robots":{"index":"index","follow":"follow","max-snippet":"max-snippet:-1","max-image-preview":"max-image-preview:large","max-video-preview":"max-video-preview:-1"},"canonical":"https:\/\/www.area-press.eu\/comunicati\/vacanza-in-campania-perche-no\/","og_locale":"it_IT","og_type":"article","og_title":"Vacanza in Campania, perch\u00e9 no? - area-press.eu - comunicati","og_description":"Prendete il computer, scegliete la soluzione a voi pi\u00f9 congeniale e organizzate il vostro weekend perfetto. La campania \u00e8 un luogo da sogno!","og_url":"https:\/\/www.area-press.eu\/comunicati\/vacanza-in-campania-perche-no\/","og_site_name":"area-press.eu - comunicati","article_published_time":"2011-02-24T23:00:00+00:00","author":"Redazione area-press.eu","twitter_card":"summary_large_image","twitter_misc":{"Scritto da":"Redazione area-press.eu","Tempo di lettura stimato":"1 minuto"},"schema":{"@context":"https:\/\/schema.org","@graph":[{"@type":"WebPage","@id":"https:\/\/www.area-press.eu\/comunicati\/vacanza-in-campania-perche-no\/","url":"https:\/\/www.area-press.eu\/comunicati\/vacanza-in-campania-perche-no\/","name":"Vacanza in Campania, perch\u00e9 no? - area-press.eu - comunicati","isPartOf":{"@id":"https:\/\/www.area-press.eu\/comunicati\/#website"},"datePublished":"2011-02-24T23:00:00+00:00","author":{"@id":"https:\/\/www.area-press.eu\/comunicati\/#\/schema\/person\/c7a82e1cf7b2d105ee3708fcc74461f4"},"breadcrumb":{"@id":"https:\/\/www.area-press.eu\/comunicati\/vacanza-in-campania-perche-no\/#breadcrumb"},"inLanguage":"it-IT","potentialAction":[{"@type":"ReadAction","target":["https:\/\/www.area-press.eu\/comunicati\/vacanza-in-campania-perche-no\/"]}]},{"@type":"BreadcrumbList","@id":"https:\/\/www.area-press.eu\/comunicati\/vacanza-in-campania-perche-no\/#breadcrumb","itemListElement":[{"@type":"ListItem","position":1,"name":"Home","item":"https:\/\/www.area-press.eu\/comunicati\/"},{"@type":"ListItem","position":2,"name":"Vacanza in Campania, perch\u00e9 no?"}]},{"@type":"WebSite","@id":"https:\/\/www.area-press.eu\/comunicati\/#website","url":"https:\/\/www.area-press.eu\/comunicati\/","name":"area-press.eu - comunicati","description":"Press releases e comunicati stampa","potentialAction":[{"@type":"SearchAction","target":{"@type":"EntryPoint","urlTemplate":"https:\/\/www.area-press.eu\/comunicati\/?s={search_term_string}"},"query-input":{"@type":"PropertyValueSpecification","valueRequired":true,"valueName":"search_term_string"}}],"inLanguage":"it-IT"},{"@type":"Person","@id":"https:\/\/www.area-press.eu\/comunicati\/#\/schema\/person\/c7a82e1cf7b2d105ee3708fcc74461f4","name":"Redazione area-press.eu","image":{"@type":"ImageObject","inLanguage":"it-IT","@id":"https:\/\/www.area-press.eu\/comunicati\/#\/schema\/person\/image\/","url":"https:\/\/secure.gravatar.com\/avatar\/261e5fa13cfbce1e53c026c833f5e36744f89dcb35e4578439e7ced7c9b89537?s=96&d=mm&r=g","contentUrl":"https:\/\/secure.gravatar.com\/avatar\/261e5fa13cfbce1e53c026c833f5e36744f89dcb35e4578439e7ced7c9b89537?s=96&d=mm&r=g","caption":"Redazione area-press.eu"},"url":"https:\/\/www.area-press.eu\/comunicati\/author\/redazione-area-press-eu\/"}]}},"_links":{"self":[{"href":"https:\/\/www.area-press.eu\/comunicati\/wp-json\/wp\/v2\/posts\/38448","targetHints":{"allow":["GET"]}}],"collection":[{"href":"https:\/\/www.area-press.eu\/comunicati\/wp-json\/wp\/v2\/posts"}],"about":[{"href":"https:\/\/www.area-press.eu\/comunicati\/wp-json\/wp\/v2\/types\/post"}],"author":[{"embeddable":true,"href":"https:\/\/www.area-press.eu\/comunicati\/wp-json\/wp\/v2\/users\/2"}],"replies":[{"embeddable":true,"href":"https:\/\/www.area-press.eu\/comunicati\/wp-json\/wp\/v2\/comments?post=38448"}],"version-history":[{"count":0,"href":"https:\/\/www.area-press.eu\/comunicati\/wp-json\/wp\/v2\/posts\/38448\/revisions"}],"wp:attachment":[{"href":"https:\/\/www.area-press.eu\/comunicati\/wp-json\/wp\/v2\/media?parent=38448"}],"wp:term":[{"taxonomy":"category","embeddable":true,"href":"https:\/\/www.area-press.eu\/comunicati\/wp-json\/wp\/v2\/categories?post=38448"},{"taxonomy":"post_tag","embeddable":true,"href":"https:\/\/www.area-press.eu\/comunicati\/wp-json\/wp\/v2\/tags?post=38448"}],"curies":[{"name":"wp","href":"https:\/\/api.w.org\/{rel}","templated":true}]}}