{"id":37918,"date":"2011-02-11T00:00:00","date_gmt":"2011-02-10T23:00:00","guid":{"rendered":"http:\/\/www.area-press.eu\/comunicati\/le-traduzioni-professionali-dallitaliano-al-francese-le-forti-somiglianze-tra-le-due-lingue\/"},"modified":"2011-02-11T00:00:00","modified_gmt":"2011-02-10T23:00:00","slug":"le-traduzioni-professionali-dallitaliano-al-francese-le-forti-somiglianze-tra-le-due-lingue","status":"publish","type":"post","link":"https:\/\/www.area-press.eu\/comunicati\/le-traduzioni-professionali-dallitaliano-al-francese-le-forti-somiglianze-tra-le-due-lingue\/","title":{"rendered":"Le traduzioni professionali dall\u2019italiano al francese: le forti somiglianze tra le due lingue"},"content":{"rendered":"<p><!-- VideographyWP Plugin Message: Automatic video embedding prevented by plugin options. --><\/p>\n<p>Anche chi non conosce la lingua francese si rende conto della forte somiglianza con il nostro italiano. Si potrebbe pensare che le traduzioni professionali dall&rsquo;italiano al francese siano pi&ugrave; semplici rispetto ad altre lingue a noi vicine. In realt&agrave; necessitano lo stesso di una conoscenza approfondita, che si pu&ograve; ottenere soltanto con una preparazione universitaria e da anni di tirocinio pratico. Gli esperti di lingua definiscono come coefficiente di similitudine lessicale la percentuale di somiglianza tra due lingue straniere. Su una scala da 0 a 100, in altre parole, il massimo rappresenta la perfetta similarit&agrave;, mentre zero una netta differenziazione. Tra l&rsquo;italiano e il francese la percentuale &egrave; del 90%. Una cifra decisamente alta rispetto al confronto tra la nostra lingua e lo spagnolo, il rumeno, il portoghese, per non parlare dell&rsquo;inglese. Il dato appena descritto, se da un lato testimonia la nostra vicinanza non solo geografica ai cugini francesi, dall&rsquo;altra non minimizza l&rsquo;abilit&agrave; dei traduttori francesi. Le <strong><a href=\"http:\/\/www.assointerpreti.it\/site\/index.php?id=64&amp;t=tpl_2\" class=\"broken_link\">traduzioni professionali italiano francese<\/a><\/strong> si avvalgono per questo di personale specializzato, in grado di sopperire a qualsiasi difficolt&agrave;. Vediamo le caratteristiche della lingua francese. Fa parte del gruppo delle lingue romanze, e nasce dalla contaminazione dell&rsquo;originario latino con gli influssi dialettali provenienti dalla Gallia. La vera diffusione del francese avvenne con l&rsquo;affermazione politica della Francia in Europa, a partire dal Basso Medioevo. Tra le caratteristiche fonetiche della lingua francese si notano subito le consonnes muettes, cio&egrave; le consonanti mute in alcune parole. Non sfugge a chiunque sente parlare francese la cosiddetta &ldquo;r&rdquo; moscia. Dal punto di vista grammaticale il francese assomiglia molto alla nostra lingua. Accomunano entrambe la complessit&agrave; dei modi e dei tempi verbali, cos&igrave; come il cambio degli articoli determinativi in base al genere (maschile o femminile) e al singolare o plurale. &Egrave; una lingua che potremmo definire &ldquo;calda&rdquo; e passionale, a differenza della &ldquo;essenzialit&agrave;&rdquo; dell&rsquo;inglese o del tedesco. Le traduzioni professionali dall&rsquo;italiano al francese tengono conto anche di questi fattori, specialmente per i testi di narrativa, come i romanzi o i racconti.<\/p>\n","protected":false},"excerpt":{"rendered":"<p>L\u2019italiano e il francese sono le lingue romanze che pi\u00f9 si somigliano. Ci\u00f2 \u00e8 dovuto alla comune provenienza dal latino, oltre che dalla vicinanza geografica.<\/p>\n","protected":false},"author":2,"featured_media":0,"comment_status":"open","ping_status":"open","sticky":false,"template":"","format":"standard","meta":{"_monsterinsights_skip_tracking":false,"_monsterinsights_sitenote_active":false,"_monsterinsights_sitenote_note":"","_monsterinsights_sitenote_category":0,"footnotes":""},"categories":[7621],"tags":[34712],"class_list":["post-37918","post","type-post","status-publish","format-standard","hentry","category-arte_cultura","tag-traduzioni-professionali-italiano-francese"],"acf":[],"yoast_head":"<!-- This site is optimized with the Yoast SEO plugin v24.6 - https:\/\/yoast.com\/wordpress\/plugins\/seo\/ -->\n<title>Le traduzioni professionali dall\u2019italiano al francese: le forti somiglianze tra le due lingue - area-press.eu - comunicati<\/title>\n<meta name=\"robots\" content=\"index, follow, max-snippet:-1, max-image-preview:large, max-video-preview:-1\" \/>\n<link rel=\"canonical\" href=\"https:\/\/www.area-press.eu\/comunicati\/le-traduzioni-professionali-dallitaliano-al-francese-le-forti-somiglianze-tra-le-due-lingue\/\" \/>\n<meta property=\"og:locale\" content=\"it_IT\" \/>\n<meta property=\"og:type\" content=\"article\" \/>\n<meta property=\"og:title\" content=\"Le traduzioni professionali dall\u2019italiano al francese: le forti somiglianze tra le due lingue - area-press.eu - comunicati\" \/>\n<meta property=\"og:description\" content=\"L\u2019italiano e il francese sono le lingue romanze che pi\u00f9 si somigliano. Ci\u00f2 \u00e8 dovuto alla comune provenienza dal latino, oltre che dalla vicinanza geografica.\" \/>\n<meta property=\"og:url\" content=\"https:\/\/www.area-press.eu\/comunicati\/le-traduzioni-professionali-dallitaliano-al-francese-le-forti-somiglianze-tra-le-due-lingue\/\" \/>\n<meta property=\"og:site_name\" content=\"area-press.eu - comunicati\" \/>\n<meta property=\"article:published_time\" content=\"2011-02-10T23:00:00+00:00\" \/>\n<meta name=\"author\" content=\"Redazione area-press.eu\" \/>\n<meta name=\"twitter:card\" content=\"summary_large_image\" \/>\n<meta name=\"twitter:label1\" content=\"Scritto da\" \/>\n\t<meta name=\"twitter:data1\" content=\"Redazione area-press.eu\" \/>\n\t<meta name=\"twitter:label2\" content=\"Tempo di lettura stimato\" \/>\n\t<meta name=\"twitter:data2\" content=\"2 minuti\" \/>\n<script type=\"application\/ld+json\" class=\"yoast-schema-graph\">{\"@context\":\"https:\/\/schema.org\",\"@graph\":[{\"@type\":\"WebPage\",\"@id\":\"https:\/\/www.area-press.eu\/comunicati\/le-traduzioni-professionali-dallitaliano-al-francese-le-forti-somiglianze-tra-le-due-lingue\/\",\"url\":\"https:\/\/www.area-press.eu\/comunicati\/le-traduzioni-professionali-dallitaliano-al-francese-le-forti-somiglianze-tra-le-due-lingue\/\",\"name\":\"Le traduzioni professionali dall\u2019italiano al francese: le forti somiglianze tra le due lingue - area-press.eu - comunicati\",\"isPartOf\":{\"@id\":\"https:\/\/www.area-press.eu\/comunicati\/#website\"},\"datePublished\":\"2011-02-10T23:00:00+00:00\",\"author\":{\"@id\":\"https:\/\/www.area-press.eu\/comunicati\/#\/schema\/person\/c7a82e1cf7b2d105ee3708fcc74461f4\"},\"breadcrumb\":{\"@id\":\"https:\/\/www.area-press.eu\/comunicati\/le-traduzioni-professionali-dallitaliano-al-francese-le-forti-somiglianze-tra-le-due-lingue\/#breadcrumb\"},\"inLanguage\":\"it-IT\",\"potentialAction\":[{\"@type\":\"ReadAction\",\"target\":[\"https:\/\/www.area-press.eu\/comunicati\/le-traduzioni-professionali-dallitaliano-al-francese-le-forti-somiglianze-tra-le-due-lingue\/\"]}]},{\"@type\":\"BreadcrumbList\",\"@id\":\"https:\/\/www.area-press.eu\/comunicati\/le-traduzioni-professionali-dallitaliano-al-francese-le-forti-somiglianze-tra-le-due-lingue\/#breadcrumb\",\"itemListElement\":[{\"@type\":\"ListItem\",\"position\":1,\"name\":\"Home\",\"item\":\"https:\/\/www.area-press.eu\/comunicati\/\"},{\"@type\":\"ListItem\",\"position\":2,\"name\":\"Le traduzioni professionali dall\u2019italiano al francese: le forti somiglianze tra le due lingue\"}]},{\"@type\":\"WebSite\",\"@id\":\"https:\/\/www.area-press.eu\/comunicati\/#website\",\"url\":\"https:\/\/www.area-press.eu\/comunicati\/\",\"name\":\"area-press.eu - comunicati\",\"description\":\"Press releases e comunicati stampa\",\"potentialAction\":[{\"@type\":\"SearchAction\",\"target\":{\"@type\":\"EntryPoint\",\"urlTemplate\":\"https:\/\/www.area-press.eu\/comunicati\/?s={search_term_string}\"},\"query-input\":{\"@type\":\"PropertyValueSpecification\",\"valueRequired\":true,\"valueName\":\"search_term_string\"}}],\"inLanguage\":\"it-IT\"},{\"@type\":\"Person\",\"@id\":\"https:\/\/www.area-press.eu\/comunicati\/#\/schema\/person\/c7a82e1cf7b2d105ee3708fcc74461f4\",\"name\":\"Redazione area-press.eu\",\"image\":{\"@type\":\"ImageObject\",\"inLanguage\":\"it-IT\",\"@id\":\"https:\/\/www.area-press.eu\/comunicati\/#\/schema\/person\/image\/\",\"url\":\"https:\/\/secure.gravatar.com\/avatar\/261e5fa13cfbce1e53c026c833f5e36744f89dcb35e4578439e7ced7c9b89537?s=96&d=mm&r=g\",\"contentUrl\":\"https:\/\/secure.gravatar.com\/avatar\/261e5fa13cfbce1e53c026c833f5e36744f89dcb35e4578439e7ced7c9b89537?s=96&d=mm&r=g\",\"caption\":\"Redazione area-press.eu\"},\"url\":\"https:\/\/www.area-press.eu\/comunicati\/author\/redazione-area-press-eu\/\"}]}<\/script>\n<!-- \/ Yoast SEO plugin. -->","yoast_head_json":{"title":"Le traduzioni professionali dall\u2019italiano al francese: le forti somiglianze tra le due lingue - area-press.eu - comunicati","robots":{"index":"index","follow":"follow","max-snippet":"max-snippet:-1","max-image-preview":"max-image-preview:large","max-video-preview":"max-video-preview:-1"},"canonical":"https:\/\/www.area-press.eu\/comunicati\/le-traduzioni-professionali-dallitaliano-al-francese-le-forti-somiglianze-tra-le-due-lingue\/","og_locale":"it_IT","og_type":"article","og_title":"Le traduzioni professionali dall\u2019italiano al francese: le forti somiglianze tra le due lingue - area-press.eu - comunicati","og_description":"L\u2019italiano e il francese sono le lingue romanze che pi\u00f9 si somigliano. Ci\u00f2 \u00e8 dovuto alla comune provenienza dal latino, oltre che dalla vicinanza geografica.","og_url":"https:\/\/www.area-press.eu\/comunicati\/le-traduzioni-professionali-dallitaliano-al-francese-le-forti-somiglianze-tra-le-due-lingue\/","og_site_name":"area-press.eu - comunicati","article_published_time":"2011-02-10T23:00:00+00:00","author":"Redazione area-press.eu","twitter_card":"summary_large_image","twitter_misc":{"Scritto da":"Redazione area-press.eu","Tempo di lettura stimato":"2 minuti"},"schema":{"@context":"https:\/\/schema.org","@graph":[{"@type":"WebPage","@id":"https:\/\/www.area-press.eu\/comunicati\/le-traduzioni-professionali-dallitaliano-al-francese-le-forti-somiglianze-tra-le-due-lingue\/","url":"https:\/\/www.area-press.eu\/comunicati\/le-traduzioni-professionali-dallitaliano-al-francese-le-forti-somiglianze-tra-le-due-lingue\/","name":"Le traduzioni professionali dall\u2019italiano al francese: le forti somiglianze tra le due lingue - area-press.eu - comunicati","isPartOf":{"@id":"https:\/\/www.area-press.eu\/comunicati\/#website"},"datePublished":"2011-02-10T23:00:00+00:00","author":{"@id":"https:\/\/www.area-press.eu\/comunicati\/#\/schema\/person\/c7a82e1cf7b2d105ee3708fcc74461f4"},"breadcrumb":{"@id":"https:\/\/www.area-press.eu\/comunicati\/le-traduzioni-professionali-dallitaliano-al-francese-le-forti-somiglianze-tra-le-due-lingue\/#breadcrumb"},"inLanguage":"it-IT","potentialAction":[{"@type":"ReadAction","target":["https:\/\/www.area-press.eu\/comunicati\/le-traduzioni-professionali-dallitaliano-al-francese-le-forti-somiglianze-tra-le-due-lingue\/"]}]},{"@type":"BreadcrumbList","@id":"https:\/\/www.area-press.eu\/comunicati\/le-traduzioni-professionali-dallitaliano-al-francese-le-forti-somiglianze-tra-le-due-lingue\/#breadcrumb","itemListElement":[{"@type":"ListItem","position":1,"name":"Home","item":"https:\/\/www.area-press.eu\/comunicati\/"},{"@type":"ListItem","position":2,"name":"Le traduzioni professionali dall\u2019italiano al francese: le forti somiglianze tra le due lingue"}]},{"@type":"WebSite","@id":"https:\/\/www.area-press.eu\/comunicati\/#website","url":"https:\/\/www.area-press.eu\/comunicati\/","name":"area-press.eu - comunicati","description":"Press releases e comunicati stampa","potentialAction":[{"@type":"SearchAction","target":{"@type":"EntryPoint","urlTemplate":"https:\/\/www.area-press.eu\/comunicati\/?s={search_term_string}"},"query-input":{"@type":"PropertyValueSpecification","valueRequired":true,"valueName":"search_term_string"}}],"inLanguage":"it-IT"},{"@type":"Person","@id":"https:\/\/www.area-press.eu\/comunicati\/#\/schema\/person\/c7a82e1cf7b2d105ee3708fcc74461f4","name":"Redazione area-press.eu","image":{"@type":"ImageObject","inLanguage":"it-IT","@id":"https:\/\/www.area-press.eu\/comunicati\/#\/schema\/person\/image\/","url":"https:\/\/secure.gravatar.com\/avatar\/261e5fa13cfbce1e53c026c833f5e36744f89dcb35e4578439e7ced7c9b89537?s=96&d=mm&r=g","contentUrl":"https:\/\/secure.gravatar.com\/avatar\/261e5fa13cfbce1e53c026c833f5e36744f89dcb35e4578439e7ced7c9b89537?s=96&d=mm&r=g","caption":"Redazione area-press.eu"},"url":"https:\/\/www.area-press.eu\/comunicati\/author\/redazione-area-press-eu\/"}]}},"_links":{"self":[{"href":"https:\/\/www.area-press.eu\/comunicati\/wp-json\/wp\/v2\/posts\/37918","targetHints":{"allow":["GET"]}}],"collection":[{"href":"https:\/\/www.area-press.eu\/comunicati\/wp-json\/wp\/v2\/posts"}],"about":[{"href":"https:\/\/www.area-press.eu\/comunicati\/wp-json\/wp\/v2\/types\/post"}],"author":[{"embeddable":true,"href":"https:\/\/www.area-press.eu\/comunicati\/wp-json\/wp\/v2\/users\/2"}],"replies":[{"embeddable":true,"href":"https:\/\/www.area-press.eu\/comunicati\/wp-json\/wp\/v2\/comments?post=37918"}],"version-history":[{"count":0,"href":"https:\/\/www.area-press.eu\/comunicati\/wp-json\/wp\/v2\/posts\/37918\/revisions"}],"wp:attachment":[{"href":"https:\/\/www.area-press.eu\/comunicati\/wp-json\/wp\/v2\/media?parent=37918"}],"wp:term":[{"taxonomy":"category","embeddable":true,"href":"https:\/\/www.area-press.eu\/comunicati\/wp-json\/wp\/v2\/categories?post=37918"},{"taxonomy":"post_tag","embeddable":true,"href":"https:\/\/www.area-press.eu\/comunicati\/wp-json\/wp\/v2\/tags?post=37918"}],"curies":[{"name":"wp","href":"https:\/\/api.w.org\/{rel}","templated":true}]}}