{"id":37746,"date":"2011-02-07T00:00:00","date_gmt":"2011-02-06T23:00:00","guid":{"rendered":"http:\/\/www.area-press.eu\/comunicati\/una-vacanza-con-mille-possibilita-prenota-in-trentino\/"},"modified":"2011-02-07T00:00:00","modified_gmt":"2011-02-06T23:00:00","slug":"una-vacanza-con-mille-possibilita-prenota-in-trentino","status":"publish","type":"post","link":"https:\/\/www.area-press.eu\/comunicati\/una-vacanza-con-mille-possibilita-prenota-in-trentino\/","title":{"rendered":"Una vacanza con mille possibilit\u00e0? Prenota in Trentino"},"content":{"rendered":"<p><!-- VideographyWP Plugin Message: Automatic video embedding prevented by plugin options. --><\/p>\n<p class=\"MsoNormal\">\n<p class=\"MsoNormal\">Se state decidendo dove passerete le vacanze del prossimo anno e state cercando un posto inedito e suggestivo dove rilassarvi ma anche visitare luoghi di cultura, prendere in considerazione l&rsquo;idea di prenotare una vacanza in Trentino Alto Adige. La regione pi&ugrave; a nord d&rsquo;Italia &egrave; la vostra meta se il vostro obiettivo &egrave; trovare un posto dove &egrave; possibile immergersi nella natura, divertirsi e allo stesso tempo visitare mostre e angoli storici del nostro territorio.<\/p>\n<p class=\"MsoNormal\">\n<p class=\"MsoNormal\">Per organizzare la vacanza basta cominciare da internet. Digitando in un qualsiasi motore di ricerca una delle localit&agrave; che contraddistinguono questi stupendi posti in modo da avere un punto di partenza per le vostre escursioni e per visitare interamente la regione, troverete sicuramente la giusta sistemazione per voi e per le vostre esigenze. Provate a cercare &ldquo;<strong style=\"mso-bidi-font-weight: normal;\"><a href=\"http:\/\/www.visittrentino.it\/it\/dove_dormire\/strutture\/risultati?ds=Telve+di+sopra&amp;destination=telve-di-sopra\" class=\"broken_link\">hotel di Telve di Sopra<\/a><\/strong>&rdquo; oppure &ldquo;<strong style=\"mso-bidi-font-weight: normal;\"><a href=\"http:\/\/www.visittrentino.it\/it\/dove_dormire\/strutture\/risultati?ds=Cimone&amp;destination=cimone\" class=\"broken_link\">hotel di Cimone<\/a><\/strong>&rdquo; per scoprire tutte le possibilit&agrave; che avete a disposizione.<\/p>\n<p class=\"MsoNormal\">\n<p class=\"MsoNormal\">Scoprirete dei paesaggi che sapranno accogliervi in tutte le stagioni. Nei mesi pi&ugrave; freddi, se siete amanti degli sport invernali, con impianti all&rsquo;avanguardia e sempre innevati che vi permettono di mettervi alla prova nella discesa, nello sci di fondo, nello snowboard o nell&rsquo;alpinismo. Nelle calde giornate d&rsquo;estate quando avrete la libert&agrave; di vivere il fascino di passare dalle escursioni sulle dolomiti alle visite nei parchi nazionali dello Stelvio, di Adamello Brenta e di Pavoneggio-Pale di San Martino. Tutte queste attivit&agrave;, unite alla possibilit&agrave; di partecipare a mostre ed eventi legati alla tradizione trentina e di assaggiare le prelibatezze locali originali vi rapiranno il cuore e vi spingeranno a tornare appena possibile!<\/p><\/p>\n","protected":false},"excerpt":{"rendered":"<p>La regione pi\u00f9 a nord d\u2019Italia \u00e8 la vostra meta se il vostro obiettivo \u00e8 trovare un posto dove \u00e8 possibile immergersi nella natura, divertirsi e allo stesso tempo visitare mostre e angoli storici del nostro territorio<\/p>\n","protected":false},"author":2,"featured_media":0,"comment_status":"open","ping_status":"open","sticky":false,"template":"","format":"standard","meta":{"_monsterinsights_skip_tracking":false,"_monsterinsights_sitenote_active":false,"_monsterinsights_sitenote_note":"","_monsterinsights_sitenote_category":0,"footnotes":""},"categories":[7559],"tags":[34494,34493],"class_list":["post-37746","post","type-post","status-publish","format-standard","hentry","category-turismo","tag-hotel-di-cimone","tag-hotel-di-telve-di-sopra"],"acf":[],"yoast_head":"<!-- This site is optimized with the Yoast SEO plugin v24.6 - https:\/\/yoast.com\/wordpress\/plugins\/seo\/ -->\n<title>Una vacanza con mille possibilit\u00e0? Prenota in Trentino - area-press.eu - comunicati<\/title>\n<meta name=\"robots\" content=\"index, follow, max-snippet:-1, max-image-preview:large, max-video-preview:-1\" \/>\n<link rel=\"canonical\" href=\"https:\/\/www.area-press.eu\/comunicati\/una-vacanza-con-mille-possibilita-prenota-in-trentino\/\" \/>\n<meta property=\"og:locale\" content=\"it_IT\" \/>\n<meta property=\"og:type\" content=\"article\" \/>\n<meta property=\"og:title\" content=\"Una vacanza con mille possibilit\u00e0? Prenota in Trentino - area-press.eu - comunicati\" \/>\n<meta property=\"og:description\" content=\"La regione pi\u00f9 a nord d\u2019Italia \u00e8 la vostra meta se il vostro obiettivo \u00e8 trovare un posto dove \u00e8 possibile immergersi nella natura, divertirsi e allo stesso tempo visitare mostre e angoli storici del nostro territorio\" \/>\n<meta property=\"og:url\" content=\"https:\/\/www.area-press.eu\/comunicati\/una-vacanza-con-mille-possibilita-prenota-in-trentino\/\" \/>\n<meta property=\"og:site_name\" content=\"area-press.eu - comunicati\" \/>\n<meta property=\"article:published_time\" content=\"2011-02-06T23:00:00+00:00\" \/>\n<meta name=\"author\" content=\"Redazione area-press.eu\" \/>\n<meta name=\"twitter:card\" content=\"summary_large_image\" \/>\n<meta name=\"twitter:label1\" content=\"Scritto da\" \/>\n\t<meta name=\"twitter:data1\" content=\"Redazione area-press.eu\" \/>\n\t<meta name=\"twitter:label2\" content=\"Tempo di lettura stimato\" \/>\n\t<meta name=\"twitter:data2\" content=\"1 minuto\" \/>\n<script type=\"application\/ld+json\" class=\"yoast-schema-graph\">{\"@context\":\"https:\/\/schema.org\",\"@graph\":[{\"@type\":\"WebPage\",\"@id\":\"https:\/\/www.area-press.eu\/comunicati\/una-vacanza-con-mille-possibilita-prenota-in-trentino\/\",\"url\":\"https:\/\/www.area-press.eu\/comunicati\/una-vacanza-con-mille-possibilita-prenota-in-trentino\/\",\"name\":\"Una vacanza con mille possibilit\u00e0? Prenota in Trentino - area-press.eu - comunicati\",\"isPartOf\":{\"@id\":\"https:\/\/www.area-press.eu\/comunicati\/#website\"},\"datePublished\":\"2011-02-06T23:00:00+00:00\",\"author\":{\"@id\":\"https:\/\/www.area-press.eu\/comunicati\/#\/schema\/person\/c7a82e1cf7b2d105ee3708fcc74461f4\"},\"breadcrumb\":{\"@id\":\"https:\/\/www.area-press.eu\/comunicati\/una-vacanza-con-mille-possibilita-prenota-in-trentino\/#breadcrumb\"},\"inLanguage\":\"it-IT\",\"potentialAction\":[{\"@type\":\"ReadAction\",\"target\":[\"https:\/\/www.area-press.eu\/comunicati\/una-vacanza-con-mille-possibilita-prenota-in-trentino\/\"]}]},{\"@type\":\"BreadcrumbList\",\"@id\":\"https:\/\/www.area-press.eu\/comunicati\/una-vacanza-con-mille-possibilita-prenota-in-trentino\/#breadcrumb\",\"itemListElement\":[{\"@type\":\"ListItem\",\"position\":1,\"name\":\"Home\",\"item\":\"https:\/\/www.area-press.eu\/comunicati\/\"},{\"@type\":\"ListItem\",\"position\":2,\"name\":\"Una vacanza con mille possibilit\u00e0? Prenota in Trentino\"}]},{\"@type\":\"WebSite\",\"@id\":\"https:\/\/www.area-press.eu\/comunicati\/#website\",\"url\":\"https:\/\/www.area-press.eu\/comunicati\/\",\"name\":\"area-press.eu - comunicati\",\"description\":\"Press releases e comunicati stampa\",\"potentialAction\":[{\"@type\":\"SearchAction\",\"target\":{\"@type\":\"EntryPoint\",\"urlTemplate\":\"https:\/\/www.area-press.eu\/comunicati\/?s={search_term_string}\"},\"query-input\":{\"@type\":\"PropertyValueSpecification\",\"valueRequired\":true,\"valueName\":\"search_term_string\"}}],\"inLanguage\":\"it-IT\"},{\"@type\":\"Person\",\"@id\":\"https:\/\/www.area-press.eu\/comunicati\/#\/schema\/person\/c7a82e1cf7b2d105ee3708fcc74461f4\",\"name\":\"Redazione area-press.eu\",\"image\":{\"@type\":\"ImageObject\",\"inLanguage\":\"it-IT\",\"@id\":\"https:\/\/www.area-press.eu\/comunicati\/#\/schema\/person\/image\/\",\"url\":\"https:\/\/secure.gravatar.com\/avatar\/261e5fa13cfbce1e53c026c833f5e36744f89dcb35e4578439e7ced7c9b89537?s=96&d=mm&r=g\",\"contentUrl\":\"https:\/\/secure.gravatar.com\/avatar\/261e5fa13cfbce1e53c026c833f5e36744f89dcb35e4578439e7ced7c9b89537?s=96&d=mm&r=g\",\"caption\":\"Redazione area-press.eu\"},\"url\":\"https:\/\/www.area-press.eu\/comunicati\/author\/redazione-area-press-eu\/\"}]}<\/script>\n<!-- \/ Yoast SEO plugin. -->","yoast_head_json":{"title":"Una vacanza con mille possibilit\u00e0? Prenota in Trentino - area-press.eu - comunicati","robots":{"index":"index","follow":"follow","max-snippet":"max-snippet:-1","max-image-preview":"max-image-preview:large","max-video-preview":"max-video-preview:-1"},"canonical":"https:\/\/www.area-press.eu\/comunicati\/una-vacanza-con-mille-possibilita-prenota-in-trentino\/","og_locale":"it_IT","og_type":"article","og_title":"Una vacanza con mille possibilit\u00e0? Prenota in Trentino - area-press.eu - comunicati","og_description":"La regione pi\u00f9 a nord d\u2019Italia \u00e8 la vostra meta se il vostro obiettivo \u00e8 trovare un posto dove \u00e8 possibile immergersi nella natura, divertirsi e allo stesso tempo visitare mostre e angoli storici del nostro territorio","og_url":"https:\/\/www.area-press.eu\/comunicati\/una-vacanza-con-mille-possibilita-prenota-in-trentino\/","og_site_name":"area-press.eu - comunicati","article_published_time":"2011-02-06T23:00:00+00:00","author":"Redazione area-press.eu","twitter_card":"summary_large_image","twitter_misc":{"Scritto da":"Redazione area-press.eu","Tempo di lettura stimato":"1 minuto"},"schema":{"@context":"https:\/\/schema.org","@graph":[{"@type":"WebPage","@id":"https:\/\/www.area-press.eu\/comunicati\/una-vacanza-con-mille-possibilita-prenota-in-trentino\/","url":"https:\/\/www.area-press.eu\/comunicati\/una-vacanza-con-mille-possibilita-prenota-in-trentino\/","name":"Una vacanza con mille possibilit\u00e0? Prenota in Trentino - area-press.eu - comunicati","isPartOf":{"@id":"https:\/\/www.area-press.eu\/comunicati\/#website"},"datePublished":"2011-02-06T23:00:00+00:00","author":{"@id":"https:\/\/www.area-press.eu\/comunicati\/#\/schema\/person\/c7a82e1cf7b2d105ee3708fcc74461f4"},"breadcrumb":{"@id":"https:\/\/www.area-press.eu\/comunicati\/una-vacanza-con-mille-possibilita-prenota-in-trentino\/#breadcrumb"},"inLanguage":"it-IT","potentialAction":[{"@type":"ReadAction","target":["https:\/\/www.area-press.eu\/comunicati\/una-vacanza-con-mille-possibilita-prenota-in-trentino\/"]}]},{"@type":"BreadcrumbList","@id":"https:\/\/www.area-press.eu\/comunicati\/una-vacanza-con-mille-possibilita-prenota-in-trentino\/#breadcrumb","itemListElement":[{"@type":"ListItem","position":1,"name":"Home","item":"https:\/\/www.area-press.eu\/comunicati\/"},{"@type":"ListItem","position":2,"name":"Una vacanza con mille possibilit\u00e0? Prenota in Trentino"}]},{"@type":"WebSite","@id":"https:\/\/www.area-press.eu\/comunicati\/#website","url":"https:\/\/www.area-press.eu\/comunicati\/","name":"area-press.eu - comunicati","description":"Press releases e comunicati stampa","potentialAction":[{"@type":"SearchAction","target":{"@type":"EntryPoint","urlTemplate":"https:\/\/www.area-press.eu\/comunicati\/?s={search_term_string}"},"query-input":{"@type":"PropertyValueSpecification","valueRequired":true,"valueName":"search_term_string"}}],"inLanguage":"it-IT"},{"@type":"Person","@id":"https:\/\/www.area-press.eu\/comunicati\/#\/schema\/person\/c7a82e1cf7b2d105ee3708fcc74461f4","name":"Redazione area-press.eu","image":{"@type":"ImageObject","inLanguage":"it-IT","@id":"https:\/\/www.area-press.eu\/comunicati\/#\/schema\/person\/image\/","url":"https:\/\/secure.gravatar.com\/avatar\/261e5fa13cfbce1e53c026c833f5e36744f89dcb35e4578439e7ced7c9b89537?s=96&d=mm&r=g","contentUrl":"https:\/\/secure.gravatar.com\/avatar\/261e5fa13cfbce1e53c026c833f5e36744f89dcb35e4578439e7ced7c9b89537?s=96&d=mm&r=g","caption":"Redazione area-press.eu"},"url":"https:\/\/www.area-press.eu\/comunicati\/author\/redazione-area-press-eu\/"}]}},"_links":{"self":[{"href":"https:\/\/www.area-press.eu\/comunicati\/wp-json\/wp\/v2\/posts\/37746","targetHints":{"allow":["GET"]}}],"collection":[{"href":"https:\/\/www.area-press.eu\/comunicati\/wp-json\/wp\/v2\/posts"}],"about":[{"href":"https:\/\/www.area-press.eu\/comunicati\/wp-json\/wp\/v2\/types\/post"}],"author":[{"embeddable":true,"href":"https:\/\/www.area-press.eu\/comunicati\/wp-json\/wp\/v2\/users\/2"}],"replies":[{"embeddable":true,"href":"https:\/\/www.area-press.eu\/comunicati\/wp-json\/wp\/v2\/comments?post=37746"}],"version-history":[{"count":0,"href":"https:\/\/www.area-press.eu\/comunicati\/wp-json\/wp\/v2\/posts\/37746\/revisions"}],"wp:attachment":[{"href":"https:\/\/www.area-press.eu\/comunicati\/wp-json\/wp\/v2\/media?parent=37746"}],"wp:term":[{"taxonomy":"category","embeddable":true,"href":"https:\/\/www.area-press.eu\/comunicati\/wp-json\/wp\/v2\/categories?post=37746"},{"taxonomy":"post_tag","embeddable":true,"href":"https:\/\/www.area-press.eu\/comunicati\/wp-json\/wp\/v2\/tags?post=37746"}],"curies":[{"name":"wp","href":"https:\/\/api.w.org\/{rel}","templated":true}]}}