{"id":37471,"date":"2011-01-29T00:00:00","date_gmt":"2011-01-28T23:00:00","guid":{"rendered":"http:\/\/www.area-press.eu\/comunicati\/tea-makipaa-domesticated-nature-z2o-galleria-sara-zanin-18-febbraio-31-marzo-2011\/"},"modified":"2011-01-29T00:00:00","modified_gmt":"2011-01-28T23:00:00","slug":"tea-makipaa-domesticated-nature-z2o-galleria-sara-zanin-18-febbraio-31-marzo-2011","status":"publish","type":"post","link":"https:\/\/www.area-press.eu\/comunicati\/tea-makipaa-domesticated-nature-z2o-galleria-sara-zanin-18-febbraio-31-marzo-2011\/","title":{"rendered":"Tea M\u00e4kip\u00e4\u00e4 &#8211; Domesticated Nature &#8211; z2o Galleria | Sara Zanin &#8211; 18 febbraio-31 marzo 2011"},"content":{"rendered":"<p><!-- VideographyWP Plugin Message: Automatic video embedding prevented by plugin options. --><\/p>\n<p class=\"MsoNormal\" style=\"text-align: justify; line-height: 150%; margin: 0cm 0cm 0pt;\"><span style=\"line-height: 150%; font-family: &quot;Arial&quot;,&quot;sans-serif&quot;; font-size: 10pt;\">Tea M&auml;kip&auml;&auml; &egrave; famosa nel mondo per le sue enormi installazioni e per gli importanti progetti d&rsquo;arte<span style=\"mso-spacerun: yes;\"> <\/span>pubblici ed il suo lavoro &egrave; caratterizzato da una critica incisiva dello stile di vita della civilt&agrave; occidentale. La sua prima mostra monografica in Italia presso la z2o Galleria propone due grandi fotografie panoramiche su parete combinate in una suggestiva installazione site specific.<\/span><\/p>\n<p class=\"MsoNormal\" style=\"text-align: justify; line-height: 150%; margin: 0cm 0cm 0pt;\"><span style=\"line-height: 150%; font-family: &quot;Arial&quot;,&quot;sans-serif&quot;; font-size: 10pt;\">L&rsquo;opera <em style=\"mso-bidi-font-style: normal;\">World of Plenty<\/em> (2005), un bello schermo pieghevole su larga scala, &egrave; una visione utopistica dell&rsquo;armonia, un Giardino dell&rsquo;Eden dove gli esseri umani vivono e coabitano in pace, un mondo ideale in cui regna il rispetto gli uni per gli altri ma anche il rispetto per la natura, gli animali e l&rsquo;ambiente. Questo paradiso &egrave; circondato da bei paesaggi intatti, caratterizzati dall&rsquo;assenza assoluta di ogni forma di tecnologia, industria e urbanizzazione. World of Plenty &egrave; un adattamento per lo spazio romano dell&rsquo;originale installazione fotografica lunga 30 metri esposta nel 2005 all&rsquo;EXPO Aichi, a Nagoya in Giappone. Creato con l&rsquo;aiuto della tecnologia grafica computerizzata come un brillante collage di differenti fotografie, il lavoro pone la questione di quanto l&rsquo;umanit&agrave; sia lontana da tale paradiso. Specialmente riguardo al fatto che noi tutti indubbiamente amiamo scenari come questi e siamo sempre alla ricerca di luoghi simili nelle nostre vacanze. Qual &egrave; il nostro modello di vita e che cosa sta facendo ciascuno di noi, oltre a lamentarsi, per aiutare l&rsquo;ambiente e la societ&agrave;?<\/span><\/p>\n<p class=\"MsoNormal\" style=\"text-align: justify; line-height: 150%; margin: 0cm 0cm 0pt;\"><span style=\"line-height: 150%; font-family: &quot;Arial&quot;,&quot;sans-serif&quot;; font-size: 10pt;\">Questa visione utopistica forma un contrasto con il lavoro di identiche dimensioni presentato vis-&agrave;-vis: <em style=\"mso-bidi-font-style: normal;\">Years After Zero<\/em> (2008), che mostra il modello opposto di vita. Questo lavoro recente realizzato come foto-collage rivela la vita moderna nella societ&agrave; occidentale. Gli esseri umani sono persi in una realt&agrave; crudele, caotica e dispersiva e sono lontani dallo scenario di World of Plenty. L&rsquo;antiutop&igrave;a di Year After Zero &egrave; la condensazione dell&rsquo;abisso della vita reale in un incubo urbano pieno di declino sociale e morale.<\/span><\/p>\n<p class=\"MsoNormal\" style=\"text-align: justify; line-height: 150%; margin: 0cm 0cm 0pt;\"><span style=\"line-height: 150%; font-family: &quot;Arial&quot;,&quot;sans-serif&quot;; font-size: 10pt;\">Questi due lavori antitetici di Tea M&auml;kip&auml;&auml; sono le due opposte facce della vita, luce ed ombra dell&rsquo;umana esistenza. Sta a noi decidere in quale direzione<span style=\"mso-spacerun: yes;\"> <\/span>il mondo e la societ&agrave; si evolveranno.<span style=\"mso-spacerun: yes;\"> <\/span><\/span><\/p>\n<p class=\"MsoNormal\" style=\"text-align: justify; line-height: 150%; margin: 0cm 0cm 0pt;\"><span style=\"line-height: 150%; font-family: &quot;Arial&quot;,&quot;sans-serif&quot;; font-size: 5pt;\"> <\/span><\/p>\n<p class=\"MsoNormal\" style=\"text-align: justify; line-height: 150%; margin: 0cm 0cm 0pt;\"><span style=\"line-height: 150%; font-family: &quot;Arial&quot;,&quot;sans-serif&quot;; font-size: 10pt;\">L&rsquo;artista sar&agrave; presente all&rsquo;inaugurazione.<\/span><\/p>\n<p class=\"MsoHeader\" style=\"line-height: 150%; margin: 0cm 0cm 0pt;\"><span style=\"line-height: 150%; font-family: &quot;Arial&quot;,&quot;sans-serif&quot;; font-size: 5pt; mso-ansi-language: IT;\"> <\/span><\/p>\n<p class=\"MsoHeader\" style=\"margin: 0cm 0cm 0pt;\"><span style=\"font-family: &quot;Arial&quot;,&quot;sans-serif&quot;; font-size: 5pt; mso-ansi-language: IT;\"> <\/span><\/p>\n<p class=\"MsoNormal\" style=\"text-align: justify; margin: 0cm 0cm 0pt;\"><span style=\"font-family: &quot;Arial&quot;,&quot;sans-serif&quot;; font-size: 10pt;\">Il progetto ha il patrocinio dell&rsquo;<strong style=\"mso-bidi-font-weight: normal;\">Ambasciata di Finlandia<\/strong> ed &egrave; sponsorizzato da<strong style=\"mso-bidi-font-weight: normal;\"> Frame Finnish Fund<span style=\"mso-spacerun: yes;\"> <\/span>for Art Exchange<\/strong><\/span><\/p>\n<p class=\"MsoNormal\" style=\"text-align: justify; margin: 0cm 0cm 0pt;\"><span style=\"font-family: &quot;Arial&quot;,&quot;sans-serif&quot;; font-size: 10pt;\"><strong> <\/strong><\/span><\/p>\n<p><span style=\"font-family: &quot;Arial&quot;,&quot;sans-serif&quot;; font-size: 10pt;\"><\/p>\n<p class=\"MsoNormal\" style=\"margin: 0cm 0cm 0pt; mso-outline-level: 1;\"><strong><span style=\"text-decoration: underline;\"><span style=\"font-family: &quot;Arial&quot;,&quot;sans-serif&quot;; font-size: 9pt;\">Scheda informativa<\/span><\/span><\/strong><\/p>\n<p class=\"MsoNormal\" style=\"margin: 0cm 0cm 0pt;\"><span style=\"font-size: 9pt; mso-bidi-font-family: Arial;\"><span style=\"font-family: Times New Roman;\"> <\/span><\/span><strong style=\"mso-bidi-font-weight: normal;\"><span style=\"font-family: &quot;Arial&quot;,&quot;sans-serif&quot;; font-size: 9pt;\">Z2O Galleria | Sara Zanin<\/span><\/strong><\/p>\n<p class=\"MsoNormal\" style=\"margin: 0cm 0cm 0pt;\"><strong style=\"mso-bidi-font-weight: normal;\"><span style=\"font-family: &quot;Arial&quot;,&quot;sans-serif&quot;; font-size: 9pt; mso-ansi-language: EN-US;\" lang=\"EN-US\">Mostra:<\/span><\/strong><span style=\"font-family: &quot;Arial&quot;,&quot;sans-serif&quot;; font-size: 9pt; mso-ansi-language: EN-US;\" lang=\"EN-US\"> Tea M&auml;kip&auml;&auml;, <em style=\"mso-bidi-font-style: normal;\">Domesticated Nature<\/em><\/span><\/p>\n<p class=\"MsoNormal\" style=\"margin: 0cm 0cm 0pt; mso-outline-level: 1;\"><strong style=\"mso-bidi-font-weight: normal;\"><span style=\"font-family: &quot;Arial&quot;,&quot;sans-serif&quot;; font-size: 9pt;\">A cura di:<\/span><\/strong><span style=\"font-family: &quot;Arial&quot;,&quot;sans-serif&quot;; font-size: 9pt;\"> Claudia <\/span><span style=\"font-family: &quot;Arial&quot;,&quot;sans-serif&quot;; font-size: 9pt; mso-fareast-language: DE;\">L&ouml;ffelholz<\/span><strong style=\"mso-bidi-font-weight: normal;\"><span style=\"font-family: &quot;Arial&quot;,&quot;sans-serif&quot;; font-size: 9pt;\"><\/span><\/strong><\/p>\n<p class=\"MsoNormal\" style=\"margin: 0cm 0cm 0pt;\"><strong style=\"mso-bidi-font-weight: normal;\"><span style=\"font-family: &quot;Arial&quot;,&quot;sans-serif&quot;; font-size: 9pt;\">Inaugurazione:<\/span><\/strong><span style=\"font-family: &quot;Arial&quot;,&quot;sans-serif&quot;; font-size: 9pt;\"> venerd&igrave; 18 febbraio 2011 ore 18,30<\/span><\/p>\n<p class=\"MsoNormal\" style=\"margin: 0cm 0cm 0pt;\"><strong style=\"mso-bidi-font-weight: normal;\"><span style=\"font-family: &quot;Arial&quot;,&quot;sans-serif&quot;; font-size: 9pt;\">Sede:<\/span><\/strong><span style=\"font-family: &quot;Arial&quot;,&quot;sans-serif&quot;; font-size: 9pt;\"> Via dei Querceti 6, 00184 Roma<\/span><\/p>\n<p class=\"MsoNormal\" style=\"margin: 0cm 0cm 0pt;\"><strong style=\"mso-bidi-font-weight: normal;\"><span style=\"font-family: &quot;Arial&quot;,&quot;sans-serif&quot;; font-size: 9pt;\">Durata mostra: <\/span><\/strong><span style=\"font-family: &quot;Arial&quot;,&quot;sans-serif&quot;; font-size: 9pt;\">18 febbraio &ndash; 31 marzo 2011<\/span><\/p>\n<p class=\"MsoNormal\" style=\"margin: 0cm 0cm 0pt;\"><strong style=\"mso-bidi-font-weight: normal;\"><span style=\"font-family: &quot;Arial&quot;,&quot;sans-serif&quot;; font-size: 9pt;\">Orari:<\/span><\/strong><span style=\"font-family: &quot;Arial&quot;,&quot;sans-serif&quot;; font-size: 9pt;\"> da luned&igrave; a sabato 15.00 &#8211; 19.30 ( o su appuntamento)<\/span><span style=\"font-size: 9pt; mso-bidi-font-family: Arial;\"><br \/><\/span><strong style=\"mso-bidi-font-weight: normal;\"><span style=\"font-family: &quot;Arial&quot;,&quot;sans-serif&quot;; font-size: 9pt;\">Ingresso libero<\/span><\/strong><span style=\"font-family: &quot;Arial&quot;,&quot;sans-serif&quot;; font-size: 9pt;\"><\/span><\/p>\n<p class=\"MsoNormal\" style=\"margin: 0cm 0cm 0pt;\"><strong style=\"mso-bidi-font-weight: normal;\"><span style=\"font-family: &quot;Arial&quot;,&quot;sans-serif&quot;; font-size: 9pt;\">Per ulteriori informazioni:<span style=\"mso-spacerun: yes;\"> <\/span>Tel.: <\/span><\/strong><span style=\"font-family: &quot;Arial&quot;,&quot;sans-serif&quot;; font-size: 9pt;\">+39 06 704 522 61; <strong style=\"mso-bidi-font-weight: normal;\">Fax: <\/strong>+39 06 770 776 16 <\/span><\/p>\n<p class=\"MsoNormal\" style=\"margin: 0cm 0cm 0pt;\"><span style=\"font-size: 9pt;\"><a href=\"mailto:info@z2ogalleria.it\"><span style=\"font-family: &quot;Arial&quot;,&quot;sans-serif&quot;;\">info@z2ogalleria.it<\/span><\/a><\/span><span style=\"font-family: &quot;Arial&quot;,&quot;sans-serif&quot;; font-size: 9pt; mso-bidi-font-family: 'Times New Roman';\">; <\/span><span style=\"font-size: 9pt;\"><a href=\"http:\/\/www.z2ogalleria.it\/\"><span style=\"color: #800080;\"><span style=\"font-family: &quot;Arial&quot;,&quot;sans-serif&quot;;\">www.z2ogalleria.<\/span><span style=\"font-family: &quot;Arial&quot;,&quot;sans-serif&quot;; mso-ansi-language: EN-GB;\" lang=\"EN-GB\">it<\/span><\/span><\/a><\/span><span style=\"font-family: &quot;Arial&quot;,&quot;sans-serif&quot;; font-size: 9pt; mso-bidi-font-family: 'Times New Roman'; mso-ansi-language: EN-GB;\" lang=\"EN-GB\"><\/span><\/p>\n<p class=\"MsoNormal\" style=\"margin: 0cm 0cm 0pt;\"><strong style=\"mso-bidi-font-weight: normal;\"><span style=\"font-family: &quot;Arial&quot;,&quot;sans-serif&quot;; font-size: 9pt; mso-bidi-font-family: 'Times New Roman';\">Sito Internet: <\/span><\/strong><span style=\"font-family: &quot;Arial&quot;,&quot;sans-serif&quot;; font-size: 9pt; mso-bidi-font-family: 'Times New Roman'; mso-ansi-language: EN-GB;\" lang=\"EN-GB\"><a href=\"http:\/\/www.tea-makipaa.eu\/\"><span style=\"mso-ansi-language: IT;\" lang=\"IT\"><span style=\"color: #800080;\">www.tea-makipaa.eu<\/span><\/span><\/a><\/span><strong style=\"mso-bidi-font-weight: normal;\"><span style=\"font-family: &quot;Arial&quot;,&quot;sans-serif&quot;; font-size: 9pt; mso-bidi-font-family: 'Times New Roman';\" lang=\"EN-GB\"> <\/span><\/strong><span style=\"font-family: &quot;Arial&quot;,&quot;sans-serif&quot;; font-size: 9pt;\"><\/span><\/p>\n<p class=\"MsoNormal\" style=\"text-align: justify; margin: 0cm 0cm 0pt;\">\n<p><\/span><\/p>\n<p class=\"MsoNormal\" style=\"text-align: justify; margin: 0cm 0cm 0pt;\">\n","protected":false},"excerpt":{"rendered":"<p>La z2o Galleria \u00e8 lieta di presentare per la prima volta in Italia l\u2019artista finlandese Tea M\u00e4kip\u00e4\u00e4, con una mostra monografica nello spazio della galleria a Roma, dal titolo Domesticated Nature, a cura di Claudia L\u00f6ffelholz<\/p>\n","protected":false},"author":2,"featured_media":0,"comment_status":"open","ping_status":"open","sticky":false,"template":"","format":"standard","meta":{"_monsterinsights_skip_tracking":false,"_monsterinsights_sitenote_active":false,"_monsterinsights_sitenote_note":"","_monsterinsights_sitenote_category":0,"footnotes":""},"categories":[7621],"tags":[],"class_list":["post-37471","post","type-post","status-publish","format-standard","hentry","category-arte_cultura"],"acf":[],"yoast_head":"<!-- This site is optimized with the Yoast SEO plugin v24.6 - https:\/\/yoast.com\/wordpress\/plugins\/seo\/ -->\n<title>Tea M\u00e4kip\u00e4\u00e4 - Domesticated Nature - z2o Galleria | Sara Zanin - 18 febbraio-31 marzo 2011 - area-press.eu - comunicati<\/title>\n<meta name=\"robots\" content=\"index, follow, max-snippet:-1, max-image-preview:large, max-video-preview:-1\" \/>\n<link rel=\"canonical\" href=\"https:\/\/www.area-press.eu\/comunicati\/tea-makipaa-domesticated-nature-z2o-galleria-sara-zanin-18-febbraio-31-marzo-2011\/\" \/>\n<meta property=\"og:locale\" content=\"it_IT\" \/>\n<meta property=\"og:type\" content=\"article\" \/>\n<meta property=\"og:title\" content=\"Tea M\u00e4kip\u00e4\u00e4 - Domesticated Nature - z2o Galleria | Sara Zanin - 18 febbraio-31 marzo 2011 - area-press.eu - comunicati\" \/>\n<meta property=\"og:description\" content=\"La z2o Galleria \u00e8 lieta di presentare per la prima volta in Italia l\u2019artista finlandese Tea M\u00e4kip\u00e4\u00e4, con una mostra monografica nello spazio della galleria a Roma, dal titolo Domesticated Nature, a cura di Claudia L\u00f6ffelholz\" \/>\n<meta property=\"og:url\" content=\"https:\/\/www.area-press.eu\/comunicati\/tea-makipaa-domesticated-nature-z2o-galleria-sara-zanin-18-febbraio-31-marzo-2011\/\" \/>\n<meta property=\"og:site_name\" content=\"area-press.eu - comunicati\" \/>\n<meta property=\"article:published_time\" content=\"2011-01-28T23:00:00+00:00\" \/>\n<meta name=\"author\" content=\"Redazione area-press.eu\" \/>\n<meta name=\"twitter:card\" content=\"summary_large_image\" \/>\n<meta name=\"twitter:label1\" content=\"Scritto da\" \/>\n\t<meta name=\"twitter:data1\" content=\"Redazione area-press.eu\" \/>\n\t<meta name=\"twitter:label2\" content=\"Tempo di lettura stimato\" \/>\n\t<meta name=\"twitter:data2\" content=\"2 minuti\" \/>\n<script type=\"application\/ld+json\" class=\"yoast-schema-graph\">{\"@context\":\"https:\/\/schema.org\",\"@graph\":[{\"@type\":\"WebPage\",\"@id\":\"https:\/\/www.area-press.eu\/comunicati\/tea-makipaa-domesticated-nature-z2o-galleria-sara-zanin-18-febbraio-31-marzo-2011\/\",\"url\":\"https:\/\/www.area-press.eu\/comunicati\/tea-makipaa-domesticated-nature-z2o-galleria-sara-zanin-18-febbraio-31-marzo-2011\/\",\"name\":\"Tea M\u00e4kip\u00e4\u00e4 - Domesticated Nature - z2o Galleria | Sara Zanin - 18 febbraio-31 marzo 2011 - area-press.eu - comunicati\",\"isPartOf\":{\"@id\":\"https:\/\/www.area-press.eu\/comunicati\/#website\"},\"datePublished\":\"2011-01-28T23:00:00+00:00\",\"author\":{\"@id\":\"https:\/\/www.area-press.eu\/comunicati\/#\/schema\/person\/c7a82e1cf7b2d105ee3708fcc74461f4\"},\"breadcrumb\":{\"@id\":\"https:\/\/www.area-press.eu\/comunicati\/tea-makipaa-domesticated-nature-z2o-galleria-sara-zanin-18-febbraio-31-marzo-2011\/#breadcrumb\"},\"inLanguage\":\"it-IT\",\"potentialAction\":[{\"@type\":\"ReadAction\",\"target\":[\"https:\/\/www.area-press.eu\/comunicati\/tea-makipaa-domesticated-nature-z2o-galleria-sara-zanin-18-febbraio-31-marzo-2011\/\"]}]},{\"@type\":\"BreadcrumbList\",\"@id\":\"https:\/\/www.area-press.eu\/comunicati\/tea-makipaa-domesticated-nature-z2o-galleria-sara-zanin-18-febbraio-31-marzo-2011\/#breadcrumb\",\"itemListElement\":[{\"@type\":\"ListItem\",\"position\":1,\"name\":\"Home\",\"item\":\"https:\/\/www.area-press.eu\/comunicati\/\"},{\"@type\":\"ListItem\",\"position\":2,\"name\":\"Tea M\u00e4kip\u00e4\u00e4 &#8211; Domesticated Nature &#8211; z2o Galleria | Sara Zanin &#8211; 18 febbraio-31 marzo 2011\"}]},{\"@type\":\"WebSite\",\"@id\":\"https:\/\/www.area-press.eu\/comunicati\/#website\",\"url\":\"https:\/\/www.area-press.eu\/comunicati\/\",\"name\":\"area-press.eu - comunicati\",\"description\":\"Press releases e comunicati stampa\",\"potentialAction\":[{\"@type\":\"SearchAction\",\"target\":{\"@type\":\"EntryPoint\",\"urlTemplate\":\"https:\/\/www.area-press.eu\/comunicati\/?s={search_term_string}\"},\"query-input\":{\"@type\":\"PropertyValueSpecification\",\"valueRequired\":true,\"valueName\":\"search_term_string\"}}],\"inLanguage\":\"it-IT\"},{\"@type\":\"Person\",\"@id\":\"https:\/\/www.area-press.eu\/comunicati\/#\/schema\/person\/c7a82e1cf7b2d105ee3708fcc74461f4\",\"name\":\"Redazione area-press.eu\",\"image\":{\"@type\":\"ImageObject\",\"inLanguage\":\"it-IT\",\"@id\":\"https:\/\/www.area-press.eu\/comunicati\/#\/schema\/person\/image\/\",\"url\":\"https:\/\/secure.gravatar.com\/avatar\/261e5fa13cfbce1e53c026c833f5e36744f89dcb35e4578439e7ced7c9b89537?s=96&d=mm&r=g\",\"contentUrl\":\"https:\/\/secure.gravatar.com\/avatar\/261e5fa13cfbce1e53c026c833f5e36744f89dcb35e4578439e7ced7c9b89537?s=96&d=mm&r=g\",\"caption\":\"Redazione area-press.eu\"},\"url\":\"https:\/\/www.area-press.eu\/comunicati\/author\/redazione-area-press-eu\/\"}]}<\/script>\n<!-- \/ Yoast SEO plugin. -->","yoast_head_json":{"title":"Tea M\u00e4kip\u00e4\u00e4 - Domesticated Nature - z2o Galleria | Sara Zanin - 18 febbraio-31 marzo 2011 - area-press.eu - comunicati","robots":{"index":"index","follow":"follow","max-snippet":"max-snippet:-1","max-image-preview":"max-image-preview:large","max-video-preview":"max-video-preview:-1"},"canonical":"https:\/\/www.area-press.eu\/comunicati\/tea-makipaa-domesticated-nature-z2o-galleria-sara-zanin-18-febbraio-31-marzo-2011\/","og_locale":"it_IT","og_type":"article","og_title":"Tea M\u00e4kip\u00e4\u00e4 - Domesticated Nature - z2o Galleria | Sara Zanin - 18 febbraio-31 marzo 2011 - area-press.eu - comunicati","og_description":"La z2o Galleria \u00e8 lieta di presentare per la prima volta in Italia l\u2019artista finlandese Tea M\u00e4kip\u00e4\u00e4, con una mostra monografica nello spazio della galleria a Roma, dal titolo Domesticated Nature, a cura di Claudia L\u00f6ffelholz","og_url":"https:\/\/www.area-press.eu\/comunicati\/tea-makipaa-domesticated-nature-z2o-galleria-sara-zanin-18-febbraio-31-marzo-2011\/","og_site_name":"area-press.eu - comunicati","article_published_time":"2011-01-28T23:00:00+00:00","author":"Redazione area-press.eu","twitter_card":"summary_large_image","twitter_misc":{"Scritto da":"Redazione area-press.eu","Tempo di lettura stimato":"2 minuti"},"schema":{"@context":"https:\/\/schema.org","@graph":[{"@type":"WebPage","@id":"https:\/\/www.area-press.eu\/comunicati\/tea-makipaa-domesticated-nature-z2o-galleria-sara-zanin-18-febbraio-31-marzo-2011\/","url":"https:\/\/www.area-press.eu\/comunicati\/tea-makipaa-domesticated-nature-z2o-galleria-sara-zanin-18-febbraio-31-marzo-2011\/","name":"Tea M\u00e4kip\u00e4\u00e4 - Domesticated Nature - z2o Galleria | Sara Zanin - 18 febbraio-31 marzo 2011 - area-press.eu - comunicati","isPartOf":{"@id":"https:\/\/www.area-press.eu\/comunicati\/#website"},"datePublished":"2011-01-28T23:00:00+00:00","author":{"@id":"https:\/\/www.area-press.eu\/comunicati\/#\/schema\/person\/c7a82e1cf7b2d105ee3708fcc74461f4"},"breadcrumb":{"@id":"https:\/\/www.area-press.eu\/comunicati\/tea-makipaa-domesticated-nature-z2o-galleria-sara-zanin-18-febbraio-31-marzo-2011\/#breadcrumb"},"inLanguage":"it-IT","potentialAction":[{"@type":"ReadAction","target":["https:\/\/www.area-press.eu\/comunicati\/tea-makipaa-domesticated-nature-z2o-galleria-sara-zanin-18-febbraio-31-marzo-2011\/"]}]},{"@type":"BreadcrumbList","@id":"https:\/\/www.area-press.eu\/comunicati\/tea-makipaa-domesticated-nature-z2o-galleria-sara-zanin-18-febbraio-31-marzo-2011\/#breadcrumb","itemListElement":[{"@type":"ListItem","position":1,"name":"Home","item":"https:\/\/www.area-press.eu\/comunicati\/"},{"@type":"ListItem","position":2,"name":"Tea M\u00e4kip\u00e4\u00e4 &#8211; Domesticated Nature &#8211; z2o Galleria | Sara Zanin &#8211; 18 febbraio-31 marzo 2011"}]},{"@type":"WebSite","@id":"https:\/\/www.area-press.eu\/comunicati\/#website","url":"https:\/\/www.area-press.eu\/comunicati\/","name":"area-press.eu - comunicati","description":"Press releases e comunicati stampa","potentialAction":[{"@type":"SearchAction","target":{"@type":"EntryPoint","urlTemplate":"https:\/\/www.area-press.eu\/comunicati\/?s={search_term_string}"},"query-input":{"@type":"PropertyValueSpecification","valueRequired":true,"valueName":"search_term_string"}}],"inLanguage":"it-IT"},{"@type":"Person","@id":"https:\/\/www.area-press.eu\/comunicati\/#\/schema\/person\/c7a82e1cf7b2d105ee3708fcc74461f4","name":"Redazione area-press.eu","image":{"@type":"ImageObject","inLanguage":"it-IT","@id":"https:\/\/www.area-press.eu\/comunicati\/#\/schema\/person\/image\/","url":"https:\/\/secure.gravatar.com\/avatar\/261e5fa13cfbce1e53c026c833f5e36744f89dcb35e4578439e7ced7c9b89537?s=96&d=mm&r=g","contentUrl":"https:\/\/secure.gravatar.com\/avatar\/261e5fa13cfbce1e53c026c833f5e36744f89dcb35e4578439e7ced7c9b89537?s=96&d=mm&r=g","caption":"Redazione area-press.eu"},"url":"https:\/\/www.area-press.eu\/comunicati\/author\/redazione-area-press-eu\/"}]}},"_links":{"self":[{"href":"https:\/\/www.area-press.eu\/comunicati\/wp-json\/wp\/v2\/posts\/37471","targetHints":{"allow":["GET"]}}],"collection":[{"href":"https:\/\/www.area-press.eu\/comunicati\/wp-json\/wp\/v2\/posts"}],"about":[{"href":"https:\/\/www.area-press.eu\/comunicati\/wp-json\/wp\/v2\/types\/post"}],"author":[{"embeddable":true,"href":"https:\/\/www.area-press.eu\/comunicati\/wp-json\/wp\/v2\/users\/2"}],"replies":[{"embeddable":true,"href":"https:\/\/www.area-press.eu\/comunicati\/wp-json\/wp\/v2\/comments?post=37471"}],"version-history":[{"count":0,"href":"https:\/\/www.area-press.eu\/comunicati\/wp-json\/wp\/v2\/posts\/37471\/revisions"}],"wp:attachment":[{"href":"https:\/\/www.area-press.eu\/comunicati\/wp-json\/wp\/v2\/media?parent=37471"}],"wp:term":[{"taxonomy":"category","embeddable":true,"href":"https:\/\/www.area-press.eu\/comunicati\/wp-json\/wp\/v2\/categories?post=37471"},{"taxonomy":"post_tag","embeddable":true,"href":"https:\/\/www.area-press.eu\/comunicati\/wp-json\/wp\/v2\/tags?post=37471"}],"curies":[{"name":"wp","href":"https:\/\/api.w.org\/{rel}","templated":true}]}}