{"id":37189,"date":"2011-01-21T00:00:00","date_gmt":"2011-01-20T23:00:00","guid":{"rendered":"http:\/\/www.area-press.eu\/comunicati\/edizioni-xii-al-via-il-karma-tournament-e-i-suoi-concorsi-letterari\/"},"modified":"2011-01-21T00:00:00","modified_gmt":"2011-01-20T23:00:00","slug":"edizioni-xii-al-via-il-karma-tournament-e-i-suoi-concorsi-letterari","status":"publish","type":"post","link":"https:\/\/www.area-press.eu\/comunicati\/edizioni-xii-al-via-il-karma-tournament-e-i-suoi-concorsi-letterari\/","title":{"rendered":"Edizioni XII: al via il Karma Tournament e i suoi concorsi letterari"},"content":{"rendered":"<p><!-- VideographyWP Plugin Message: Automatic video embedding prevented by plugin options. --><\/p>\n<p align=\"justify\"><img decoding=\"async\" src=\"http:\/\/www.xii-box.com\/working-box\/immagini\/logo-karma-150x150.jpg\" alt=\"\" align=\"left\" \/>In contemporanea con il lancio del nuovo concorso mensile gratuito, ULAM &#8211; Un Libro al Mese, e della terza edizione del celebre Circo Massimo, <strong>Edizioni XII<\/strong> d&agrave; il via al <strong>Karma Tournament<\/strong>, una delle sue iniziative pi&ugrave; ambiziose ed elaborate.<\/p>\n<p align=\"justify\">Il Karma Tournament &egrave; un vero e proprio torneo stagionale a punti, comprendente un lotto di concorsi letterari organizzati o selezionati dalla casa editrice lecchese che si terranno nel periodo <strong>gennaio-luglio 2011<\/strong>.<br \/>Non &egrave; necessaria alcuna iscrizione: partecipando a uno qualsiasi dei concorsi inseriti nel circuito, si ha automaticamente diritto all&#8217;assegnazione dei Punti Karma in caso di vittoria o &#8220;piazzamento&#8221;. <br \/>Il vincitore, colui che, alla chiusura della stagione avr&agrave; pi&ugrave; punti Karma, verr&agrave; nominato <em>Scrittore dell&#8217;anno<\/em> e sar&agrave; ampiamente pubblicizzato e ospitato sui siti e blog del network di Edizioni XII, in pi&ugrave; avr&agrave; una <strong>valutazione di un suo manoscritto da parte della Redazione Editoriale<\/strong>.<\/p>\n<p align=\"justify\">I concorsi che faranno parte di questa stagione saranno:<br \/><strong>USAM &#8211; Una Storia al Mese<\/strong>: edizioni 2011 di gennaio, febbraio, marzo, aprile, maggio, giugno. <br \/><strong>Minuti Contati<\/strong>: edizioni 2011 di gennaio, febbraio, marzo, aprile, maggio, giugno. <br \/><strong>NeroPremio<\/strong>: edizione Invernale (1 gennaio &#8211; 31 marzo 2011) ed edizione Primaverile (1 aprile &#8211; 30 giugno 2011)<br \/><strong>ULAM &#8211; Un Libro al Mese<\/strong>: edizioni 2011 di febbraio, marzo, aprile, maggio, giugno. <br \/><strong>Fun Cool<\/strong>: edizione unica a marzo 2011 <br \/><strong>Circo Massimo 2011<\/strong>: edizione unica 2011, si terr&agrave; da aprile a luglio.<\/p>\n<p align=\"justify\">Per ulteriori informazioni si veda <a href=\"http:\/\/www.xii-online.com\/index.php?option=com_content&amp;task=view&amp;id=1506&amp;Itemid=1\" class=\"broken_link\">l&#8217;annuncio ufficiale sul sito di Edizioni XII<\/a>.<\/p>\n<p>Fabrizio Vercelli<br \/> Direzione Distribuzione e Ufficio Stampa<br \/> Edizioni XII<\/p>\n","protected":false},"excerpt":{"rendered":"<p>\u00c8 partita una delle iniziative pi\u00f9 ambiziose della casa editrice lecchese: il Karma Tournament, un torneo di concorsi letterari che si svolger\u00e0 tra gennaio e luglio 2011.<\/p>\n","protected":false},"author":2,"featured_media":0,"comment_status":"open","ping_status":"open","sticky":false,"template":"","format":"standard","meta":{"_monsterinsights_skip_tracking":false,"_monsterinsights_sitenote_active":false,"_monsterinsights_sitenote_note":"","_monsterinsights_sitenote_category":0,"footnotes":""},"categories":[7621],"tags":[],"class_list":["post-37189","post","type-post","status-publish","format-standard","hentry","category-arte_cultura"],"acf":[],"yoast_head":"<!-- This site is optimized with the Yoast SEO plugin v24.6 - https:\/\/yoast.com\/wordpress\/plugins\/seo\/ -->\n<title>Edizioni XII: al via il Karma Tournament e i suoi concorsi letterari - area-press.eu - comunicati<\/title>\n<meta name=\"robots\" content=\"index, follow, max-snippet:-1, max-image-preview:large, max-video-preview:-1\" \/>\n<link rel=\"canonical\" href=\"https:\/\/www.area-press.eu\/comunicati\/edizioni-xii-al-via-il-karma-tournament-e-i-suoi-concorsi-letterari\/\" \/>\n<meta property=\"og:locale\" content=\"it_IT\" \/>\n<meta property=\"og:type\" content=\"article\" \/>\n<meta property=\"og:title\" content=\"Edizioni XII: al via il Karma Tournament e i suoi concorsi letterari - area-press.eu - comunicati\" \/>\n<meta property=\"og:description\" content=\"\u00c8 partita una delle iniziative pi\u00f9 ambiziose della casa editrice lecchese: il Karma Tournament, un torneo di concorsi letterari che si svolger\u00e0 tra gennaio e luglio 2011.\" \/>\n<meta property=\"og:url\" content=\"https:\/\/www.area-press.eu\/comunicati\/edizioni-xii-al-via-il-karma-tournament-e-i-suoi-concorsi-letterari\/\" \/>\n<meta property=\"og:site_name\" content=\"area-press.eu - comunicati\" \/>\n<meta property=\"article:published_time\" content=\"2011-01-20T23:00:00+00:00\" \/>\n<meta property=\"og:image\" content=\"http:\/\/www.xii-box.com\/working-box\/immagini\/logo-karma-150x150.jpg\" \/>\n<meta name=\"author\" content=\"Redazione area-press.eu\" \/>\n<meta name=\"twitter:card\" content=\"summary_large_image\" \/>\n<meta name=\"twitter:label1\" content=\"Scritto da\" \/>\n\t<meta name=\"twitter:data1\" content=\"Redazione area-press.eu\" \/>\n\t<meta name=\"twitter:label2\" content=\"Tempo di lettura stimato\" \/>\n\t<meta name=\"twitter:data2\" content=\"1 minuto\" \/>\n<script type=\"application\/ld+json\" class=\"yoast-schema-graph\">{\"@context\":\"https:\/\/schema.org\",\"@graph\":[{\"@type\":\"WebPage\",\"@id\":\"https:\/\/www.area-press.eu\/comunicati\/edizioni-xii-al-via-il-karma-tournament-e-i-suoi-concorsi-letterari\/\",\"url\":\"https:\/\/www.area-press.eu\/comunicati\/edizioni-xii-al-via-il-karma-tournament-e-i-suoi-concorsi-letterari\/\",\"name\":\"Edizioni XII: al via il Karma Tournament e i suoi concorsi letterari - area-press.eu - comunicati\",\"isPartOf\":{\"@id\":\"https:\/\/www.area-press.eu\/comunicati\/#website\"},\"primaryImageOfPage\":{\"@id\":\"https:\/\/www.area-press.eu\/comunicati\/edizioni-xii-al-via-il-karma-tournament-e-i-suoi-concorsi-letterari\/#primaryimage\"},\"image\":{\"@id\":\"https:\/\/www.area-press.eu\/comunicati\/edizioni-xii-al-via-il-karma-tournament-e-i-suoi-concorsi-letterari\/#primaryimage\"},\"thumbnailUrl\":\"http:\/\/www.xii-box.com\/working-box\/immagini\/logo-karma-150x150.jpg\",\"datePublished\":\"2011-01-20T23:00:00+00:00\",\"author\":{\"@id\":\"https:\/\/www.area-press.eu\/comunicati\/#\/schema\/person\/c7a82e1cf7b2d105ee3708fcc74461f4\"},\"breadcrumb\":{\"@id\":\"https:\/\/www.area-press.eu\/comunicati\/edizioni-xii-al-via-il-karma-tournament-e-i-suoi-concorsi-letterari\/#breadcrumb\"},\"inLanguage\":\"it-IT\",\"potentialAction\":[{\"@type\":\"ReadAction\",\"target\":[\"https:\/\/www.area-press.eu\/comunicati\/edizioni-xii-al-via-il-karma-tournament-e-i-suoi-concorsi-letterari\/\"]}]},{\"@type\":\"ImageObject\",\"inLanguage\":\"it-IT\",\"@id\":\"https:\/\/www.area-press.eu\/comunicati\/edizioni-xii-al-via-il-karma-tournament-e-i-suoi-concorsi-letterari\/#primaryimage\",\"url\":\"http:\/\/www.xii-box.com\/working-box\/immagini\/logo-karma-150x150.jpg\",\"contentUrl\":\"http:\/\/www.xii-box.com\/working-box\/immagini\/logo-karma-150x150.jpg\"},{\"@type\":\"BreadcrumbList\",\"@id\":\"https:\/\/www.area-press.eu\/comunicati\/edizioni-xii-al-via-il-karma-tournament-e-i-suoi-concorsi-letterari\/#breadcrumb\",\"itemListElement\":[{\"@type\":\"ListItem\",\"position\":1,\"name\":\"Home\",\"item\":\"https:\/\/www.area-press.eu\/comunicati\/\"},{\"@type\":\"ListItem\",\"position\":2,\"name\":\"Edizioni XII: al via il Karma Tournament e i suoi concorsi letterari\"}]},{\"@type\":\"WebSite\",\"@id\":\"https:\/\/www.area-press.eu\/comunicati\/#website\",\"url\":\"https:\/\/www.area-press.eu\/comunicati\/\",\"name\":\"area-press.eu - comunicati\",\"description\":\"Press releases e comunicati stampa\",\"potentialAction\":[{\"@type\":\"SearchAction\",\"target\":{\"@type\":\"EntryPoint\",\"urlTemplate\":\"https:\/\/www.area-press.eu\/comunicati\/?s={search_term_string}\"},\"query-input\":{\"@type\":\"PropertyValueSpecification\",\"valueRequired\":true,\"valueName\":\"search_term_string\"}}],\"inLanguage\":\"it-IT\"},{\"@type\":\"Person\",\"@id\":\"https:\/\/www.area-press.eu\/comunicati\/#\/schema\/person\/c7a82e1cf7b2d105ee3708fcc74461f4\",\"name\":\"Redazione area-press.eu\",\"image\":{\"@type\":\"ImageObject\",\"inLanguage\":\"it-IT\",\"@id\":\"https:\/\/www.area-press.eu\/comunicati\/#\/schema\/person\/image\/\",\"url\":\"https:\/\/secure.gravatar.com\/avatar\/261e5fa13cfbce1e53c026c833f5e36744f89dcb35e4578439e7ced7c9b89537?s=96&d=mm&r=g\",\"contentUrl\":\"https:\/\/secure.gravatar.com\/avatar\/261e5fa13cfbce1e53c026c833f5e36744f89dcb35e4578439e7ced7c9b89537?s=96&d=mm&r=g\",\"caption\":\"Redazione area-press.eu\"},\"url\":\"https:\/\/www.area-press.eu\/comunicati\/author\/redazione-area-press-eu\/\"}]}<\/script>\n<!-- \/ Yoast SEO plugin. -->","yoast_head_json":{"title":"Edizioni XII: al via il Karma Tournament e i suoi concorsi letterari - area-press.eu - comunicati","robots":{"index":"index","follow":"follow","max-snippet":"max-snippet:-1","max-image-preview":"max-image-preview:large","max-video-preview":"max-video-preview:-1"},"canonical":"https:\/\/www.area-press.eu\/comunicati\/edizioni-xii-al-via-il-karma-tournament-e-i-suoi-concorsi-letterari\/","og_locale":"it_IT","og_type":"article","og_title":"Edizioni XII: al via il Karma Tournament e i suoi concorsi letterari - area-press.eu - comunicati","og_description":"\u00c8 partita una delle iniziative pi\u00f9 ambiziose della casa editrice lecchese: il Karma Tournament, un torneo di concorsi letterari che si svolger\u00e0 tra gennaio e luglio 2011.","og_url":"https:\/\/www.area-press.eu\/comunicati\/edizioni-xii-al-via-il-karma-tournament-e-i-suoi-concorsi-letterari\/","og_site_name":"area-press.eu - comunicati","article_published_time":"2011-01-20T23:00:00+00:00","og_image":[{"url":"http:\/\/www.xii-box.com\/working-box\/immagini\/logo-karma-150x150.jpg","type":"","width":"","height":""}],"author":"Redazione area-press.eu","twitter_card":"summary_large_image","twitter_misc":{"Scritto da":"Redazione area-press.eu","Tempo di lettura stimato":"1 minuto"},"schema":{"@context":"https:\/\/schema.org","@graph":[{"@type":"WebPage","@id":"https:\/\/www.area-press.eu\/comunicati\/edizioni-xii-al-via-il-karma-tournament-e-i-suoi-concorsi-letterari\/","url":"https:\/\/www.area-press.eu\/comunicati\/edizioni-xii-al-via-il-karma-tournament-e-i-suoi-concorsi-letterari\/","name":"Edizioni XII: al via il Karma Tournament e i suoi concorsi letterari - area-press.eu - comunicati","isPartOf":{"@id":"https:\/\/www.area-press.eu\/comunicati\/#website"},"primaryImageOfPage":{"@id":"https:\/\/www.area-press.eu\/comunicati\/edizioni-xii-al-via-il-karma-tournament-e-i-suoi-concorsi-letterari\/#primaryimage"},"image":{"@id":"https:\/\/www.area-press.eu\/comunicati\/edizioni-xii-al-via-il-karma-tournament-e-i-suoi-concorsi-letterari\/#primaryimage"},"thumbnailUrl":"http:\/\/www.xii-box.com\/working-box\/immagini\/logo-karma-150x150.jpg","datePublished":"2011-01-20T23:00:00+00:00","author":{"@id":"https:\/\/www.area-press.eu\/comunicati\/#\/schema\/person\/c7a82e1cf7b2d105ee3708fcc74461f4"},"breadcrumb":{"@id":"https:\/\/www.area-press.eu\/comunicati\/edizioni-xii-al-via-il-karma-tournament-e-i-suoi-concorsi-letterari\/#breadcrumb"},"inLanguage":"it-IT","potentialAction":[{"@type":"ReadAction","target":["https:\/\/www.area-press.eu\/comunicati\/edizioni-xii-al-via-il-karma-tournament-e-i-suoi-concorsi-letterari\/"]}]},{"@type":"ImageObject","inLanguage":"it-IT","@id":"https:\/\/www.area-press.eu\/comunicati\/edizioni-xii-al-via-il-karma-tournament-e-i-suoi-concorsi-letterari\/#primaryimage","url":"http:\/\/www.xii-box.com\/working-box\/immagini\/logo-karma-150x150.jpg","contentUrl":"http:\/\/www.xii-box.com\/working-box\/immagini\/logo-karma-150x150.jpg"},{"@type":"BreadcrumbList","@id":"https:\/\/www.area-press.eu\/comunicati\/edizioni-xii-al-via-il-karma-tournament-e-i-suoi-concorsi-letterari\/#breadcrumb","itemListElement":[{"@type":"ListItem","position":1,"name":"Home","item":"https:\/\/www.area-press.eu\/comunicati\/"},{"@type":"ListItem","position":2,"name":"Edizioni XII: al via il Karma Tournament e i suoi concorsi letterari"}]},{"@type":"WebSite","@id":"https:\/\/www.area-press.eu\/comunicati\/#website","url":"https:\/\/www.area-press.eu\/comunicati\/","name":"area-press.eu - comunicati","description":"Press releases e comunicati stampa","potentialAction":[{"@type":"SearchAction","target":{"@type":"EntryPoint","urlTemplate":"https:\/\/www.area-press.eu\/comunicati\/?s={search_term_string}"},"query-input":{"@type":"PropertyValueSpecification","valueRequired":true,"valueName":"search_term_string"}}],"inLanguage":"it-IT"},{"@type":"Person","@id":"https:\/\/www.area-press.eu\/comunicati\/#\/schema\/person\/c7a82e1cf7b2d105ee3708fcc74461f4","name":"Redazione area-press.eu","image":{"@type":"ImageObject","inLanguage":"it-IT","@id":"https:\/\/www.area-press.eu\/comunicati\/#\/schema\/person\/image\/","url":"https:\/\/secure.gravatar.com\/avatar\/261e5fa13cfbce1e53c026c833f5e36744f89dcb35e4578439e7ced7c9b89537?s=96&d=mm&r=g","contentUrl":"https:\/\/secure.gravatar.com\/avatar\/261e5fa13cfbce1e53c026c833f5e36744f89dcb35e4578439e7ced7c9b89537?s=96&d=mm&r=g","caption":"Redazione area-press.eu"},"url":"https:\/\/www.area-press.eu\/comunicati\/author\/redazione-area-press-eu\/"}]}},"_links":{"self":[{"href":"https:\/\/www.area-press.eu\/comunicati\/wp-json\/wp\/v2\/posts\/37189","targetHints":{"allow":["GET"]}}],"collection":[{"href":"https:\/\/www.area-press.eu\/comunicati\/wp-json\/wp\/v2\/posts"}],"about":[{"href":"https:\/\/www.area-press.eu\/comunicati\/wp-json\/wp\/v2\/types\/post"}],"author":[{"embeddable":true,"href":"https:\/\/www.area-press.eu\/comunicati\/wp-json\/wp\/v2\/users\/2"}],"replies":[{"embeddable":true,"href":"https:\/\/www.area-press.eu\/comunicati\/wp-json\/wp\/v2\/comments?post=37189"}],"version-history":[{"count":0,"href":"https:\/\/www.area-press.eu\/comunicati\/wp-json\/wp\/v2\/posts\/37189\/revisions"}],"wp:attachment":[{"href":"https:\/\/www.area-press.eu\/comunicati\/wp-json\/wp\/v2\/media?parent=37189"}],"wp:term":[{"taxonomy":"category","embeddable":true,"href":"https:\/\/www.area-press.eu\/comunicati\/wp-json\/wp\/v2\/categories?post=37189"},{"taxonomy":"post_tag","embeddable":true,"href":"https:\/\/www.area-press.eu\/comunicati\/wp-json\/wp\/v2\/tags?post=37189"}],"curies":[{"name":"wp","href":"https:\/\/api.w.org\/{rel}","templated":true}]}}