{"id":35902,"date":"2010-12-13T00:00:00","date_gmt":"2010-12-12T23:00:00","guid":{"rendered":"http:\/\/www.area-press.eu\/comunicati\/canevel-music-lab-inizia-il-3-febbraio-dal-q-bar-di-padova\/"},"modified":"2010-12-13T00:00:00","modified_gmt":"2010-12-12T23:00:00","slug":"canevel-music-lab-inizia-il-3-febbraio-dal-q-bar-di-padova","status":"publish","type":"post","link":"https:\/\/www.area-press.eu\/comunicati\/canevel-music-lab-inizia-il-3-febbraio-dal-q-bar-di-padova\/","title":{"rendered":"Canevel Music Lab inizia il 3 febbraio dal Q-Bar di Padova"},"content":{"rendered":"<p><!-- VideographyWP Plugin Message: Automatic video embedding prevented by plugin options. --><\/p>\n<p class=\"MsoNormal\" style=\"text-align: justify; margin: 0cm 0cm 0pt;\"><span style=\"font-size: 11pt;\"><span style=\"font-family: Times New Roman;\">Il contest che premia la musica di qualit&agrave; partir&agrave; il 3 febbraio dal <strong style=\"mso-bidi-font-weight: normal;\"><em>Q-bar<\/em> <\/strong>di<strong style=\"mso-bidi-font-weight: normal;\"> Padova<\/strong> (in Piazza Insurrezione, nel cuore della citt&agrave; veneta) e proseguir&agrave; a Firenze, <em>Otel variet&egrave;<\/em> il 24 febbraio, al <em>The Place<\/em> di Roma e al <em>Bravo Caff&egrave;<\/em> di Bologna rispettivamente il 3 e il 9 marzo per toccare poi Milano, il 30 Marzo, al <em>San Vittore Risto-Lounge Bar<\/em>. Gran finale venerd&igrave; 8 aprile 2011 a Lazise (Verona) nella fantastica <em>Dogana Veneta<\/em>.<span style=\"mso-spacerun: yes;\"> <\/span><\/span><\/span><\/p>\n<p class=\"MsoNormal\" style=\"text-align: justify; margin: 0cm 0cm 0pt;\"><strong style=\"mso-bidi-font-weight: normal;\"><span style=\"font-size: 11pt;\"><span style=\"font-family: Times New Roman;\">Canevel Music Lab 2011<span style=\"font-weight: normal;\">, in<\/span><span style=\"font-weight: normal;\"> collaborazione con <em>Viaggidea<\/em> e <em>Bahamas Tourist Office<\/em><span style=\"mso-bidi-font-style: italic;\">,<em> <\/em>ti invitano a visitare il sito <\/span><\/span><\/span><a href=\"http:\/\/www.canevelmusiclab.com\/\"><span style=\"font-family: Times New Roman;\">www.canevelmusiclab.com<\/span><\/a><span style=\"font-family: Times New Roman;\"> <\/span><\/span><\/strong><span style=\"font-size: 11pt;\"><span style=\"font-family: Times New Roman;\">dove potrai trovare<strong style=\"mso-bidi-font-weight: normal;\"> <\/strong>il regolamento ed i moduli d&rsquo;iscrizione. <\/span><\/span><\/p>\n<p class=\"MsoNormal\" style=\"text-align: justify; margin: 0cm 0cm 0pt;\"><span style=\"font-size: 11pt;\"><span style=\"font-family: Times New Roman;\">Il Concorso ha come scopo la ricerca sul territorio nazionale di nuovi talenti nel campo della <strong style=\"mso-bidi-font-weight: normal;\">musica &ldquo;di gusto&rdquo;<\/strong>, colta o comunque raffinata (canzone d&rsquo;autore in ambito <em style=\"mso-bidi-font-style: normal;\">smooth-<span style=\"mso-bidi-font-style: italic;\">jazz<\/span><\/em>, <em>acid-jazz<\/em>, <em>lounge<\/em>, <em>chill-out, classica, brasiliana, latino americana<\/em>), sia complessi musicali che solisti, da presentare e promuovere al pubblico e agli addetti ai lavori insieme al marchio Canevel, rinomata azienda vinicola produttrice di spumante di qualit&agrave;.<strong> <\/strong><\/span><\/span><\/p>\n<p class=\"MsoNormal\" style=\"text-align: justify; margin: 0cm 0cm 0pt;\"><span style=\"font-size: 11pt;\"><span style=\"font-family: Times New Roman;\">Ciascun partecipante pu&ograve; inviare al massimo <strong style=\"mso-bidi-font-weight: normal;\">due brani originali<\/strong> per la selezione del concorso pi&ugrave;, eventualmente, una cover; e dovr&agrave; far pervenire tempestivamente all&#8217;Organizzatore, <strong style=\"mso-bidi-font-weight: normal;\">entro il 31 dicembre 2010<\/strong>, via posta tradizionale a &ldquo;<em>Concorso Canevel Music Lab<\/em>&rdquo; c\/o Lab promotion, Piazza Ernesto De Angeli 14, 20146 &#8211; Milano (MI), a spese del mittente, i seguenti documenti:<\/span><\/span><\/p>\n<p class=\"MsoNormal\" style=\"text-align: justify; margin: 0cm 0cm 0pt;\"><span style=\"font-size: 11pt;\"><span style=\"font-family: Times New Roman;\">1. La domanda di partecipazione, scaricabile dal sito www.canevelmusiclab.com, debitamente compilata dall&rsquo;artista o da uno dei membri del gruppo musicale, che abbia ricevuto apposito mandato dagli aventi diritto; <\/span><\/span><\/p>\n<p class=\"MsoNormal\" style=\"text-align: justify; margin: 0cm 0cm 0pt;\"><span style=\"font-size: 11pt;\"><span style=\"font-family: Times New Roman;\">2. L&rsquo;autorizzazione al trattamento dei dati personali debitamente compilata e la liberatoria per le riprese audiovisive della propria esibizione, che dovr&agrave; essere compilata da ciascuno dei musicisti che si esibiranno, scaricabile dal sito <\/span><a href=\"http:\/\/www.canevelmusiclab.com\/\"><span style=\"font-family: Times New Roman;\">www.canevelmusiclab.com<\/span><\/a><span style=\"font-family: Times New Roman;\">;<\/span><\/span><\/p>\n<p class=\"MsoNormal\" style=\"text-align: justify; margin: 0cm 0cm 0pt;\"><span style=\"font-size: 11pt;\"><span style=\"font-family: Times New Roman;\">3. N. 1 (una) &ldquo;scheda tecnica&rdquo; del partecipante rappresentante le esigenze tecniche necessarie all&rsquo;esibizione. Per le Band &egrave; sufficiente inviarne una sola copia per complesso musicale;<\/span><\/span><\/p>\n<p class=\"MsoNormal\" style=\"text-align: justify; margin: 0cm 0cm 0pt;\"><span style=\"font-size: 11pt;\"><span style=\"font-family: Times New Roman;\">4. N. 1. (una) copia in formato digitale (.doc, .txt o .pdf) della biografia del gruppo musicale o dell&rsquo;artista interprete partecipante di massimo 800 (ottocento) battute;<\/span><\/span><\/p>\n<p class=\"MsoNormal\" style=\"text-align: justify; margin: 0cm 0cm 0pt;\"><span style=\"font-size: 11pt;\"><span style=\"font-family: Times New Roman;\">5. N. 3 (tre) copie dattiloscritte in formato digitale (.doc, .txt o .pdf) del testo letterario delle canzoni presentate, riportante il titolo dell&rsquo;opera, nome e cognome anagrafico degli autori del testo e della parte musicale dell&rsquo;opera musicale, nome dell&rsquo;editore musicale, se presente, ed eventuale numero di deposito in S.I.A.E., se esistente;<\/span><\/span><\/p>\n<p class=\"MsoNormal\" style=\"text-align: justify; margin: 0cm 0cm 0pt;\"><span style=\"font-size: 11pt;\"><span style=\"font-family: Times New Roman;\">6. N. 3 (tre) CD contenenti le registrazioni fonografiche (master) professionali delle due canzoni originali eseguite dall&rsquo;interprete;<\/span><\/span><\/p>\n<p class=\"MsoNormal\" style=\"text-align: justify; margin: 0cm 0cm 0pt;\"><span style=\"font-size: 11pt;\"><span style=\"font-family: Times New Roman;\">7. N. 2 foto dell&rsquo;artista o del gruppo musicale, in formato digitale ad alta definizione.<\/span><\/span><\/p>\n<p class=\"MsoNormal\" style=\"text-align: justify; margin: 0cm 0cm 0pt;\"><span style=\"font-size: 11pt;\"><span style=\"font-family: Times New Roman;\">L&rsquo;Organizzazione comunicher&agrave; l&rsquo;elenco dei partecipanti ammessi all&rsquo;edizione 2011 del Canevel Music Lab entro e non oltre il 15 gennaio 2011. Dal 20 Gennaio saranno pubblicate sul sito informazioni, foto e musica degli artisti che potranno anche essere giudicati con un sistema di votazione online utilizzabile dopo aver effettuato la registrazione al sito. <\/span><\/span><\/p>\n<p class=\"MsoNormal\" style=\"text-align: justify; margin: 0cm 0cm 0pt;\"><span style=\"font-size: 11pt;\"><span style=\"font-family: Times New Roman;\">Per il vincitore la possibilit&agrave; di scegliere un premio tra la realizzazione di un <strong style=\"mso-bidi-font-weight: normal;\">videoclip professionale alle Isole Bahamas<\/strong> o l&rsquo;incisione fonografica di un CD Album presso i Massive Arts studios.<\/span><\/span><\/p>\n<p class=\"MsoNormal\" style=\"text-align: justify; margin: 0cm 0cm 0pt;\"><span style=\"font-size: 11pt;\"><span style=\"font-family: Times New Roman;\">Per informazioni e chiarimenti sul concorso scrivere a: <\/span><a href=\"mailto:umberto.labozzetta@labpromotion.com\"><span style=\"font-family: Times New Roman;\">umberto.labozzetta@labpromotion.com<\/span><\/a><span style=\"font-family: Times New Roman;\"> o<\/span><\/span><\/p>\n<p class=\"MsoNormal\" style=\"text-align: justify; margin: 0cm 0cm 0pt;\"><span style=\"font-size: 11pt;\"><a href=\"mailto:info@canevelmusiclab.com\"><span style=\"font-family: Times New Roman;\">info@canevelmusiclab.com<\/span><\/a><span style=\"font-family: Times New Roman;\"> .<\/span><\/span><\/p>\n<p class=\"MsoNormal\" style=\"text-align: right; margin: 0cm 0cm 0pt;\" align=\"right\"><span style=\"font-family: Times New Roman;\"><strong style=\"mso-bidi-font-weight: normal;\"><span style=\"font-size: 10pt;\">Promozione ed ufficio stampa<\/span><\/strong><span style=\"font-size: 10pt;\">:<\/span><\/span><\/p>\n<p class=\"MsoNormal\" style=\"text-align: right; margin: 0cm 0cm 0pt;\" align=\"right\"><em style=\"mso-bidi-font-style: normal;\"><span style=\"font-size: 8pt;\"><span style=\"font-family: Times New Roman;\">Lab Promotion s.r.l.<\/span><\/span><\/em><\/p>\n<p class=\"MsoNormal\" style=\"text-align: right; margin: 0cm 0cm 0pt;\" align=\"right\"><span style=\"font-size: 8pt;\"><span style=\"font-family: Times New Roman;\">Piazza E. De Angeli, 14<\/span><\/span><\/p>\n<p class=\"MsoNormal\" style=\"text-align: right; margin: 0cm 0cm 0pt;\" align=\"right\"><span style=\"font-size: 8pt;\"><span style=\"font-family: Times New Roman;\">20146 Milano<\/span><\/span><\/p>\n<p class=\"MsoNormal\" style=\"text-align: right; margin: 0cm 0cm 0pt;\" align=\"right\"><span style=\"font-size: 8pt;\"><span style=\"font-family: Times New Roman;\">02 43995043<\/span><\/span><\/p>\n<p class=\"MsoNormal\" style=\"text-align: right; margin: 0cm 0cm 0pt;\" align=\"right\"><span style=\"font-size: 8pt;\"><span style=\"font-family: Times New Roman;\">335-6542916<\/span><\/span><\/p>\n<p class=\"MsoNormal\" style=\"text-align: right; margin: 0cm 0cm 0pt;\" align=\"right\"><span style=\"font-size: 8pt;\"><span style=\"font-family: Times New Roman;\">340-5274130<\/span><\/span><\/p>\n<p class=\"MsoNormal\" style=\"text-align: right; margin: 0cm 0cm 0pt;\" align=\"right\"><span style=\"font-size: 8pt;\"><span style=\"font-family: Times New Roman;\">Skype: labpromotion<\/span><\/span><\/p>\n<p class=\"MsoNormal\" style=\"text-align: right; margin: 0cm 0cm 0pt;\" align=\"right\"><span style=\"font-size: 8pt;\"><a href=\"mailto:redazione.labpromotion@gmail.com\"><span style=\"font-family: Times New Roman;\">redazione.labpromotion@gmail.com<\/span><\/a><\/span><\/p>\n<p><span style=\"font-family: &quot;Times New Roman&quot;; font-size: 8pt; mso-fareast-font-family: 'Times New Roman'; mso-fareast-language: AR-SA; mso-ansi-language: IT; mso-bidi-language: AR-SA;\"><a href=\"mailto:promozione.labpromotion@gmail.com\">promozione.labpromotion@gmail.com<\/a><\/span><\/p>\n","protected":false},"excerpt":{"rendered":"<p>Il contest che premia la musica di qualit\u00e0 partir\u00e0 il 3 febbraio dal Q-bar di Padova (in Piazza Insurrezione, nel cuore della citt\u00e0 veneta)<\/p>\n","protected":false},"author":2,"featured_media":0,"comment_status":"open","ping_status":"open","sticky":false,"template":"","format":"standard","meta":{"_monsterinsights_skip_tracking":false,"_monsterinsights_sitenote_active":false,"_monsterinsights_sitenote_note":"","_monsterinsights_sitenote_category":0,"footnotes":""},"categories":[7603],"tags":[32140],"class_list":["post-35902","post","type-post","status-publish","format-standard","hentry","category-musica","tag-canevel-music-lab"],"acf":[],"yoast_head":"<!-- This site is optimized with the Yoast SEO plugin v24.6 - https:\/\/yoast.com\/wordpress\/plugins\/seo\/ -->\n<title>Canevel Music Lab inizia il 3 febbraio dal Q-Bar di Padova - area-press.eu - comunicati<\/title>\n<meta name=\"robots\" content=\"index, follow, max-snippet:-1, max-image-preview:large, max-video-preview:-1\" \/>\n<link rel=\"canonical\" href=\"https:\/\/www.area-press.eu\/comunicati\/canevel-music-lab-inizia-il-3-febbraio-dal-q-bar-di-padova\/\" \/>\n<meta property=\"og:locale\" content=\"it_IT\" \/>\n<meta property=\"og:type\" content=\"article\" \/>\n<meta property=\"og:title\" content=\"Canevel Music Lab inizia il 3 febbraio dal Q-Bar di Padova - area-press.eu - comunicati\" \/>\n<meta property=\"og:description\" content=\"Il contest che premia la musica di qualit\u00e0 partir\u00e0 il 3 febbraio dal Q-bar di Padova (in Piazza Insurrezione, nel cuore della citt\u00e0 veneta)\" \/>\n<meta property=\"og:url\" content=\"https:\/\/www.area-press.eu\/comunicati\/canevel-music-lab-inizia-il-3-febbraio-dal-q-bar-di-padova\/\" \/>\n<meta property=\"og:site_name\" content=\"area-press.eu - comunicati\" \/>\n<meta property=\"article:published_time\" content=\"2010-12-12T23:00:00+00:00\" \/>\n<meta name=\"author\" content=\"Redazione area-press.eu\" \/>\n<meta name=\"twitter:card\" content=\"summary_large_image\" \/>\n<meta name=\"twitter:label1\" content=\"Scritto da\" \/>\n\t<meta name=\"twitter:data1\" content=\"Redazione area-press.eu\" \/>\n\t<meta name=\"twitter:label2\" content=\"Tempo di lettura stimato\" \/>\n\t<meta name=\"twitter:data2\" content=\"3 minuti\" \/>\n<script type=\"application\/ld+json\" class=\"yoast-schema-graph\">{\"@context\":\"https:\/\/schema.org\",\"@graph\":[{\"@type\":\"WebPage\",\"@id\":\"https:\/\/www.area-press.eu\/comunicati\/canevel-music-lab-inizia-il-3-febbraio-dal-q-bar-di-padova\/\",\"url\":\"https:\/\/www.area-press.eu\/comunicati\/canevel-music-lab-inizia-il-3-febbraio-dal-q-bar-di-padova\/\",\"name\":\"Canevel Music Lab inizia il 3 febbraio dal Q-Bar di Padova - area-press.eu - comunicati\",\"isPartOf\":{\"@id\":\"https:\/\/www.area-press.eu\/comunicati\/#website\"},\"datePublished\":\"2010-12-12T23:00:00+00:00\",\"author\":{\"@id\":\"https:\/\/www.area-press.eu\/comunicati\/#\/schema\/person\/c7a82e1cf7b2d105ee3708fcc74461f4\"},\"breadcrumb\":{\"@id\":\"https:\/\/www.area-press.eu\/comunicati\/canevel-music-lab-inizia-il-3-febbraio-dal-q-bar-di-padova\/#breadcrumb\"},\"inLanguage\":\"it-IT\",\"potentialAction\":[{\"@type\":\"ReadAction\",\"target\":[\"https:\/\/www.area-press.eu\/comunicati\/canevel-music-lab-inizia-il-3-febbraio-dal-q-bar-di-padova\/\"]}]},{\"@type\":\"BreadcrumbList\",\"@id\":\"https:\/\/www.area-press.eu\/comunicati\/canevel-music-lab-inizia-il-3-febbraio-dal-q-bar-di-padova\/#breadcrumb\",\"itemListElement\":[{\"@type\":\"ListItem\",\"position\":1,\"name\":\"Home\",\"item\":\"https:\/\/www.area-press.eu\/comunicati\/\"},{\"@type\":\"ListItem\",\"position\":2,\"name\":\"Canevel Music Lab inizia il 3 febbraio dal Q-Bar di Padova\"}]},{\"@type\":\"WebSite\",\"@id\":\"https:\/\/www.area-press.eu\/comunicati\/#website\",\"url\":\"https:\/\/www.area-press.eu\/comunicati\/\",\"name\":\"area-press.eu - comunicati\",\"description\":\"Press releases e comunicati stampa\",\"potentialAction\":[{\"@type\":\"SearchAction\",\"target\":{\"@type\":\"EntryPoint\",\"urlTemplate\":\"https:\/\/www.area-press.eu\/comunicati\/?s={search_term_string}\"},\"query-input\":{\"@type\":\"PropertyValueSpecification\",\"valueRequired\":true,\"valueName\":\"search_term_string\"}}],\"inLanguage\":\"it-IT\"},{\"@type\":\"Person\",\"@id\":\"https:\/\/www.area-press.eu\/comunicati\/#\/schema\/person\/c7a82e1cf7b2d105ee3708fcc74461f4\",\"name\":\"Redazione area-press.eu\",\"image\":{\"@type\":\"ImageObject\",\"inLanguage\":\"it-IT\",\"@id\":\"https:\/\/www.area-press.eu\/comunicati\/#\/schema\/person\/image\/\",\"url\":\"https:\/\/secure.gravatar.com\/avatar\/261e5fa13cfbce1e53c026c833f5e36744f89dcb35e4578439e7ced7c9b89537?s=96&d=mm&r=g\",\"contentUrl\":\"https:\/\/secure.gravatar.com\/avatar\/261e5fa13cfbce1e53c026c833f5e36744f89dcb35e4578439e7ced7c9b89537?s=96&d=mm&r=g\",\"caption\":\"Redazione area-press.eu\"},\"url\":\"https:\/\/www.area-press.eu\/comunicati\/author\/redazione-area-press-eu\/\"}]}<\/script>\n<!-- \/ Yoast SEO plugin. -->","yoast_head_json":{"title":"Canevel Music Lab inizia il 3 febbraio dal Q-Bar di Padova - area-press.eu - comunicati","robots":{"index":"index","follow":"follow","max-snippet":"max-snippet:-1","max-image-preview":"max-image-preview:large","max-video-preview":"max-video-preview:-1"},"canonical":"https:\/\/www.area-press.eu\/comunicati\/canevel-music-lab-inizia-il-3-febbraio-dal-q-bar-di-padova\/","og_locale":"it_IT","og_type":"article","og_title":"Canevel Music Lab inizia il 3 febbraio dal Q-Bar di Padova - area-press.eu - comunicati","og_description":"Il contest che premia la musica di qualit\u00e0 partir\u00e0 il 3 febbraio dal Q-bar di Padova (in Piazza Insurrezione, nel cuore della citt\u00e0 veneta)","og_url":"https:\/\/www.area-press.eu\/comunicati\/canevel-music-lab-inizia-il-3-febbraio-dal-q-bar-di-padova\/","og_site_name":"area-press.eu - comunicati","article_published_time":"2010-12-12T23:00:00+00:00","author":"Redazione area-press.eu","twitter_card":"summary_large_image","twitter_misc":{"Scritto da":"Redazione area-press.eu","Tempo di lettura stimato":"3 minuti"},"schema":{"@context":"https:\/\/schema.org","@graph":[{"@type":"WebPage","@id":"https:\/\/www.area-press.eu\/comunicati\/canevel-music-lab-inizia-il-3-febbraio-dal-q-bar-di-padova\/","url":"https:\/\/www.area-press.eu\/comunicati\/canevel-music-lab-inizia-il-3-febbraio-dal-q-bar-di-padova\/","name":"Canevel Music Lab inizia il 3 febbraio dal Q-Bar di Padova - area-press.eu - comunicati","isPartOf":{"@id":"https:\/\/www.area-press.eu\/comunicati\/#website"},"datePublished":"2010-12-12T23:00:00+00:00","author":{"@id":"https:\/\/www.area-press.eu\/comunicati\/#\/schema\/person\/c7a82e1cf7b2d105ee3708fcc74461f4"},"breadcrumb":{"@id":"https:\/\/www.area-press.eu\/comunicati\/canevel-music-lab-inizia-il-3-febbraio-dal-q-bar-di-padova\/#breadcrumb"},"inLanguage":"it-IT","potentialAction":[{"@type":"ReadAction","target":["https:\/\/www.area-press.eu\/comunicati\/canevel-music-lab-inizia-il-3-febbraio-dal-q-bar-di-padova\/"]}]},{"@type":"BreadcrumbList","@id":"https:\/\/www.area-press.eu\/comunicati\/canevel-music-lab-inizia-il-3-febbraio-dal-q-bar-di-padova\/#breadcrumb","itemListElement":[{"@type":"ListItem","position":1,"name":"Home","item":"https:\/\/www.area-press.eu\/comunicati\/"},{"@type":"ListItem","position":2,"name":"Canevel Music Lab inizia il 3 febbraio dal Q-Bar di Padova"}]},{"@type":"WebSite","@id":"https:\/\/www.area-press.eu\/comunicati\/#website","url":"https:\/\/www.area-press.eu\/comunicati\/","name":"area-press.eu - comunicati","description":"Press releases e comunicati stampa","potentialAction":[{"@type":"SearchAction","target":{"@type":"EntryPoint","urlTemplate":"https:\/\/www.area-press.eu\/comunicati\/?s={search_term_string}"},"query-input":{"@type":"PropertyValueSpecification","valueRequired":true,"valueName":"search_term_string"}}],"inLanguage":"it-IT"},{"@type":"Person","@id":"https:\/\/www.area-press.eu\/comunicati\/#\/schema\/person\/c7a82e1cf7b2d105ee3708fcc74461f4","name":"Redazione area-press.eu","image":{"@type":"ImageObject","inLanguage":"it-IT","@id":"https:\/\/www.area-press.eu\/comunicati\/#\/schema\/person\/image\/","url":"https:\/\/secure.gravatar.com\/avatar\/261e5fa13cfbce1e53c026c833f5e36744f89dcb35e4578439e7ced7c9b89537?s=96&d=mm&r=g","contentUrl":"https:\/\/secure.gravatar.com\/avatar\/261e5fa13cfbce1e53c026c833f5e36744f89dcb35e4578439e7ced7c9b89537?s=96&d=mm&r=g","caption":"Redazione area-press.eu"},"url":"https:\/\/www.area-press.eu\/comunicati\/author\/redazione-area-press-eu\/"}]}},"_links":{"self":[{"href":"https:\/\/www.area-press.eu\/comunicati\/wp-json\/wp\/v2\/posts\/35902","targetHints":{"allow":["GET"]}}],"collection":[{"href":"https:\/\/www.area-press.eu\/comunicati\/wp-json\/wp\/v2\/posts"}],"about":[{"href":"https:\/\/www.area-press.eu\/comunicati\/wp-json\/wp\/v2\/types\/post"}],"author":[{"embeddable":true,"href":"https:\/\/www.area-press.eu\/comunicati\/wp-json\/wp\/v2\/users\/2"}],"replies":[{"embeddable":true,"href":"https:\/\/www.area-press.eu\/comunicati\/wp-json\/wp\/v2\/comments?post=35902"}],"version-history":[{"count":0,"href":"https:\/\/www.area-press.eu\/comunicati\/wp-json\/wp\/v2\/posts\/35902\/revisions"}],"wp:attachment":[{"href":"https:\/\/www.area-press.eu\/comunicati\/wp-json\/wp\/v2\/media?parent=35902"}],"wp:term":[{"taxonomy":"category","embeddable":true,"href":"https:\/\/www.area-press.eu\/comunicati\/wp-json\/wp\/v2\/categories?post=35902"},{"taxonomy":"post_tag","embeddable":true,"href":"https:\/\/www.area-press.eu\/comunicati\/wp-json\/wp\/v2\/tags?post=35902"}],"curies":[{"name":"wp","href":"https:\/\/api.w.org\/{rel}","templated":true}]}}