{"id":35548,"date":"2010-12-03T00:00:00","date_gmt":"2010-12-02T23:00:00","guid":{"rendered":"http:\/\/www.area-press.eu\/comunicati\/larco-daugusto-a-rimini\/"},"modified":"2010-12-03T00:00:00","modified_gmt":"2010-12-02T23:00:00","slug":"larco-daugusto-a-rimini","status":"publish","type":"post","link":"https:\/\/www.area-press.eu\/comunicati\/larco-daugusto-a-rimini\/","title":{"rendered":"L&#8217;Arco d&#8217;Augusto a Rimini"},"content":{"rendered":"<p><!-- VideographyWP Plugin Message: Automatic video embedding prevented by plugin options. --><\/p>\n<p><p><strong>E&#8217; sicuramente la &#8220;Porta Romana&#8221; pi&ugrave; famosa di Rimini ma &egrave; bene ricordare che non &egrave; l&#8217;unico ingresso monumentale dell&#8217;epoca. Dedicata ad Augusto, sostitu&igrave; una pi&ugrave; antica porta detta &#8220;Romana&#8221; risalente all&#8217;epoca della Repubblica, quindi almeno a due secoli prima.<\/strong> Nell&#8217;epoca in cui fu costruito l&#8217;Arco d&#8217;Augusto a Rimini a Roma ci furono diversi cambiamenti dovuti appunto alla salita al potere dello stesso Augusto. Punt&ograve; molto alla monumentalit&agrave; delle citt&agrave; e per la prima volta questa tipologia di monumenti uscirono dalla capitale. Rimini fu una delle prime ad essere abbellita con un arco dedicato al culto del principe. Nel 27 a.C. il figlio adottivo di Cesare assunse il nome con cui sar&agrave; noto alla storia e, eletto console per la settima volta, fece lastricare la Via Flaminia insieme ad altre vie in Italia. In quell&#8217;occasione il Senato gli dedic&ograve; il famoso Arco al termine della Flaminia, una &#8220;porta monumentale d&#8217;ingresso&#8221;. Dagli epitaffi decorativi sappiamo che Rimini fu una colonia militare romana a partire dal 28 a.C., quindi l&#8217;Arco fu posto per celebrare la generosit&agrave; del nuovo principe Augusto che aveva migliorato la condizione&#8230; per saperne di pi&ugrave; sull&#8217; <a href=\"http:\/\/www.guidahotel.com\/approfondimenti\/hotel\/larco_daugusto_a_rimini.html\">Arco d&#8217;Augusto<\/a><\/p><\/p>\n","protected":false},"excerpt":{"rendered":"<p>E&#8217; sicuramente la &#8220;Porta Romana&#8221; pi\u00f9 famosa di Rimini ma \u00e8 bene ricordare che non \u00e8 l&#8217;unico ingresso monumentale dell&#8217;epoca. Dedicata ad Augusto, sostitu\u00ec una pi\u00f9 antica porta detta &#8220;Romana&#8221; risalente all&#8217;epoca della Repubblica, quindi almeno a due s<\/p>\n","protected":false},"author":2,"featured_media":0,"comment_status":"open","ping_status":"open","sticky":false,"template":"","format":"standard","meta":{"_monsterinsights_skip_tracking":false,"_monsterinsights_sitenote_active":false,"_monsterinsights_sitenote_note":"","_monsterinsights_sitenote_category":0,"footnotes":""},"categories":[7621],"tags":[31711,31712,31715,31714,31713,31716],"class_list":["post-35548","post","type-post","status-publish","format-standard","hentry","category-arte_cultura","tag-arco-daugusto","tag-arco-daugusto-rimini","tag-musei-rimini","tag-museo-rimini","tag-porta-romana-rimini","tag-storia-rimini"],"acf":[],"yoast_head":"<!-- This site is optimized with the Yoast SEO plugin v24.6 - https:\/\/yoast.com\/wordpress\/plugins\/seo\/ -->\n<title>L&#039;Arco d&#039;Augusto a Rimini - area-press.eu - comunicati<\/title>\n<meta name=\"robots\" content=\"index, follow, max-snippet:-1, max-image-preview:large, max-video-preview:-1\" \/>\n<link rel=\"canonical\" href=\"https:\/\/www.area-press.eu\/comunicati\/larco-daugusto-a-rimini\/\" \/>\n<meta property=\"og:locale\" content=\"it_IT\" \/>\n<meta property=\"og:type\" content=\"article\" \/>\n<meta property=\"og:title\" content=\"L&#039;Arco d&#039;Augusto a Rimini - area-press.eu - comunicati\" \/>\n<meta property=\"og:description\" content=\"E&#039; sicuramente la &quot;Porta Romana&quot; pi\u00f9 famosa di Rimini ma \u00e8 bene ricordare che non \u00e8 l&#039;unico ingresso monumentale dell&#039;epoca. Dedicata ad Augusto, sostitu\u00ec una pi\u00f9 antica porta detta &quot;Romana&quot; risalente all&#039;epoca della Repubblica, quindi almeno a due s\" \/>\n<meta property=\"og:url\" content=\"https:\/\/www.area-press.eu\/comunicati\/larco-daugusto-a-rimini\/\" \/>\n<meta property=\"og:site_name\" content=\"area-press.eu - comunicati\" \/>\n<meta property=\"article:published_time\" content=\"2010-12-02T23:00:00+00:00\" \/>\n<meta name=\"author\" content=\"Redazione area-press.eu\" \/>\n<meta name=\"twitter:card\" content=\"summary_large_image\" \/>\n<meta name=\"twitter:label1\" content=\"Scritto da\" \/>\n\t<meta name=\"twitter:data1\" content=\"Redazione area-press.eu\" \/>\n\t<meta name=\"twitter:label2\" content=\"Tempo di lettura stimato\" \/>\n\t<meta name=\"twitter:data2\" content=\"1 minuto\" \/>\n<script type=\"application\/ld+json\" class=\"yoast-schema-graph\">{\"@context\":\"https:\/\/schema.org\",\"@graph\":[{\"@type\":\"WebPage\",\"@id\":\"https:\/\/www.area-press.eu\/comunicati\/larco-daugusto-a-rimini\/\",\"url\":\"https:\/\/www.area-press.eu\/comunicati\/larco-daugusto-a-rimini\/\",\"name\":\"L'Arco d'Augusto a Rimini - area-press.eu - comunicati\",\"isPartOf\":{\"@id\":\"https:\/\/www.area-press.eu\/comunicati\/#website\"},\"datePublished\":\"2010-12-02T23:00:00+00:00\",\"author\":{\"@id\":\"https:\/\/www.area-press.eu\/comunicati\/#\/schema\/person\/c7a82e1cf7b2d105ee3708fcc74461f4\"},\"breadcrumb\":{\"@id\":\"https:\/\/www.area-press.eu\/comunicati\/larco-daugusto-a-rimini\/#breadcrumb\"},\"inLanguage\":\"it-IT\",\"potentialAction\":[{\"@type\":\"ReadAction\",\"target\":[\"https:\/\/www.area-press.eu\/comunicati\/larco-daugusto-a-rimini\/\"]}]},{\"@type\":\"BreadcrumbList\",\"@id\":\"https:\/\/www.area-press.eu\/comunicati\/larco-daugusto-a-rimini\/#breadcrumb\",\"itemListElement\":[{\"@type\":\"ListItem\",\"position\":1,\"name\":\"Home\",\"item\":\"https:\/\/www.area-press.eu\/comunicati\/\"},{\"@type\":\"ListItem\",\"position\":2,\"name\":\"L&#8217;Arco d&#8217;Augusto a Rimini\"}]},{\"@type\":\"WebSite\",\"@id\":\"https:\/\/www.area-press.eu\/comunicati\/#website\",\"url\":\"https:\/\/www.area-press.eu\/comunicati\/\",\"name\":\"area-press.eu - comunicati\",\"description\":\"Press releases e comunicati stampa\",\"potentialAction\":[{\"@type\":\"SearchAction\",\"target\":{\"@type\":\"EntryPoint\",\"urlTemplate\":\"https:\/\/www.area-press.eu\/comunicati\/?s={search_term_string}\"},\"query-input\":{\"@type\":\"PropertyValueSpecification\",\"valueRequired\":true,\"valueName\":\"search_term_string\"}}],\"inLanguage\":\"it-IT\"},{\"@type\":\"Person\",\"@id\":\"https:\/\/www.area-press.eu\/comunicati\/#\/schema\/person\/c7a82e1cf7b2d105ee3708fcc74461f4\",\"name\":\"Redazione area-press.eu\",\"image\":{\"@type\":\"ImageObject\",\"inLanguage\":\"it-IT\",\"@id\":\"https:\/\/www.area-press.eu\/comunicati\/#\/schema\/person\/image\/\",\"url\":\"https:\/\/secure.gravatar.com\/avatar\/261e5fa13cfbce1e53c026c833f5e36744f89dcb35e4578439e7ced7c9b89537?s=96&d=mm&r=g\",\"contentUrl\":\"https:\/\/secure.gravatar.com\/avatar\/261e5fa13cfbce1e53c026c833f5e36744f89dcb35e4578439e7ced7c9b89537?s=96&d=mm&r=g\",\"caption\":\"Redazione area-press.eu\"},\"url\":\"https:\/\/www.area-press.eu\/comunicati\/author\/redazione-area-press-eu\/\"}]}<\/script>\n<!-- \/ Yoast SEO plugin. -->","yoast_head_json":{"title":"L'Arco d'Augusto a Rimini - area-press.eu - comunicati","robots":{"index":"index","follow":"follow","max-snippet":"max-snippet:-1","max-image-preview":"max-image-preview:large","max-video-preview":"max-video-preview:-1"},"canonical":"https:\/\/www.area-press.eu\/comunicati\/larco-daugusto-a-rimini\/","og_locale":"it_IT","og_type":"article","og_title":"L'Arco d'Augusto a Rimini - area-press.eu - comunicati","og_description":"E' sicuramente la \"Porta Romana\" pi\u00f9 famosa di Rimini ma \u00e8 bene ricordare che non \u00e8 l'unico ingresso monumentale dell'epoca. Dedicata ad Augusto, sostitu\u00ec una pi\u00f9 antica porta detta \"Romana\" risalente all'epoca della Repubblica, quindi almeno a due s","og_url":"https:\/\/www.area-press.eu\/comunicati\/larco-daugusto-a-rimini\/","og_site_name":"area-press.eu - comunicati","article_published_time":"2010-12-02T23:00:00+00:00","author":"Redazione area-press.eu","twitter_card":"summary_large_image","twitter_misc":{"Scritto da":"Redazione area-press.eu","Tempo di lettura stimato":"1 minuto"},"schema":{"@context":"https:\/\/schema.org","@graph":[{"@type":"WebPage","@id":"https:\/\/www.area-press.eu\/comunicati\/larco-daugusto-a-rimini\/","url":"https:\/\/www.area-press.eu\/comunicati\/larco-daugusto-a-rimini\/","name":"L'Arco d'Augusto a Rimini - area-press.eu - comunicati","isPartOf":{"@id":"https:\/\/www.area-press.eu\/comunicati\/#website"},"datePublished":"2010-12-02T23:00:00+00:00","author":{"@id":"https:\/\/www.area-press.eu\/comunicati\/#\/schema\/person\/c7a82e1cf7b2d105ee3708fcc74461f4"},"breadcrumb":{"@id":"https:\/\/www.area-press.eu\/comunicati\/larco-daugusto-a-rimini\/#breadcrumb"},"inLanguage":"it-IT","potentialAction":[{"@type":"ReadAction","target":["https:\/\/www.area-press.eu\/comunicati\/larco-daugusto-a-rimini\/"]}]},{"@type":"BreadcrumbList","@id":"https:\/\/www.area-press.eu\/comunicati\/larco-daugusto-a-rimini\/#breadcrumb","itemListElement":[{"@type":"ListItem","position":1,"name":"Home","item":"https:\/\/www.area-press.eu\/comunicati\/"},{"@type":"ListItem","position":2,"name":"L&#8217;Arco d&#8217;Augusto a Rimini"}]},{"@type":"WebSite","@id":"https:\/\/www.area-press.eu\/comunicati\/#website","url":"https:\/\/www.area-press.eu\/comunicati\/","name":"area-press.eu - comunicati","description":"Press releases e comunicati stampa","potentialAction":[{"@type":"SearchAction","target":{"@type":"EntryPoint","urlTemplate":"https:\/\/www.area-press.eu\/comunicati\/?s={search_term_string}"},"query-input":{"@type":"PropertyValueSpecification","valueRequired":true,"valueName":"search_term_string"}}],"inLanguage":"it-IT"},{"@type":"Person","@id":"https:\/\/www.area-press.eu\/comunicati\/#\/schema\/person\/c7a82e1cf7b2d105ee3708fcc74461f4","name":"Redazione area-press.eu","image":{"@type":"ImageObject","inLanguage":"it-IT","@id":"https:\/\/www.area-press.eu\/comunicati\/#\/schema\/person\/image\/","url":"https:\/\/secure.gravatar.com\/avatar\/261e5fa13cfbce1e53c026c833f5e36744f89dcb35e4578439e7ced7c9b89537?s=96&d=mm&r=g","contentUrl":"https:\/\/secure.gravatar.com\/avatar\/261e5fa13cfbce1e53c026c833f5e36744f89dcb35e4578439e7ced7c9b89537?s=96&d=mm&r=g","caption":"Redazione area-press.eu"},"url":"https:\/\/www.area-press.eu\/comunicati\/author\/redazione-area-press-eu\/"}]}},"_links":{"self":[{"href":"https:\/\/www.area-press.eu\/comunicati\/wp-json\/wp\/v2\/posts\/35548","targetHints":{"allow":["GET"]}}],"collection":[{"href":"https:\/\/www.area-press.eu\/comunicati\/wp-json\/wp\/v2\/posts"}],"about":[{"href":"https:\/\/www.area-press.eu\/comunicati\/wp-json\/wp\/v2\/types\/post"}],"author":[{"embeddable":true,"href":"https:\/\/www.area-press.eu\/comunicati\/wp-json\/wp\/v2\/users\/2"}],"replies":[{"embeddable":true,"href":"https:\/\/www.area-press.eu\/comunicati\/wp-json\/wp\/v2\/comments?post=35548"}],"version-history":[{"count":0,"href":"https:\/\/www.area-press.eu\/comunicati\/wp-json\/wp\/v2\/posts\/35548\/revisions"}],"wp:attachment":[{"href":"https:\/\/www.area-press.eu\/comunicati\/wp-json\/wp\/v2\/media?parent=35548"}],"wp:term":[{"taxonomy":"category","embeddable":true,"href":"https:\/\/www.area-press.eu\/comunicati\/wp-json\/wp\/v2\/categories?post=35548"},{"taxonomy":"post_tag","embeddable":true,"href":"https:\/\/www.area-press.eu\/comunicati\/wp-json\/wp\/v2\/tags?post=35548"}],"curies":[{"name":"wp","href":"https:\/\/api.w.org\/{rel}","templated":true}]}}