{"id":34778,"date":"2010-11-15T00:00:00","date_gmt":"2010-11-14T23:00:00","guid":{"rendered":"http:\/\/www.area-press.eu\/comunicati\/campobasso-fuori-le-mura-lallestimento-sara-curato-dagli-architetti-ciaramella-e-coladangelo\/"},"modified":"2010-11-15T00:00:00","modified_gmt":"2010-11-14T23:00:00","slug":"campobasso-fuori-le-mura-lallestimento-sara-curato-dagli-architetti-ciaramella-e-coladangelo","status":"publish","type":"post","link":"https:\/\/www.area-press.eu\/comunicati\/campobasso-fuori-le-mura-lallestimento-sara-curato-dagli-architetti-ciaramella-e-coladangelo\/","title":{"rendered":"\u201cCampobasso fuori le mura\u201d, l\u2019allestimento sar\u00e0 curato dagli architetti Ciaramella e Coladangelo"},"content":{"rendered":"<p><!-- VideographyWP Plugin Message: Automatic video embedding prevented by plugin options. --><\/p>\n<p class=\"MsoNormal\" style=\"text-align: justify; text-indent: 35.4pt;\"><span style=\"font-family: Tahoma;\">Si &egrave; conclusa in questi primi giorni di novembre la selezione del materiale fotografico che verr&agrave; esposto nella prossima imminente mostra <strong><em>&ldquo;Campobasso fuori le mura&rdquo;<\/em><\/strong>, dedicata agli spazi moderni e contemporanei del capoluogo molisano.<\/span><\/p>\n<p class=\"MsoNormal\" style=\"text-align: justify; text-indent: 35.4pt;\"><span style=\"font-family: Tahoma;\">Le foto scattate da esponenti delle Associazioni fotografiche cittadine che collaborano all&rsquo;evento, ovvero Camera Chiara e Sei Torri, troveranno la loro collocazione ideale nell&rsquo;ampia location ricca di riferimenti urban style ideata dagli organizzatori della mostra grazie alla consulenza specialistica degli architetti Domenico Ciaramella e Cristina Coladangelo.<\/span><\/p>\n<p class=\"MsoNormal\" style=\"text-align: justify; text-indent: 35.4pt;\"><span style=\"font-family: Tahoma;\">Il progetto espositivo avr&agrave; la sua sede nel nucleo centrale del capoluogo regionale, in una delle zone che maggiormente si stanno trasformando urbanisticamente e architettonicamente. <\/span><\/p>\n<p class=\"MsoNormal\" style=\"text-align: justify; text-indent: 35.4pt;\"><span style=\"font-family: Tahoma;\">Il nuovo quartiere de <strong>La Citt&agrave; nella Citt&agrave;<\/strong>, con i suoi locali nati dalla riqualificazione edilizia di una delle zone centrali di Campobasso, per un mese, dall&rsquo;11 dicembre fino all&rsquo;11 gennaio 2011, diventer&agrave; l&rsquo;incubatore culturale di un&rsquo;idea di analisi visuale e non solo estetica del contemporaneo cittadino, di come i nostri sguardi attraversino il tempo che viviamo e i luoghi che abitiamo quotidianamente. La prospettiva artistica per indagare i mutamenti sociali diventa cos&igrave; un pungolo ulteriore per suggerire, in chi visiter&agrave; l&rsquo;esposizione, riflessioni personali e collettive.<\/span><\/p>\n<p class=\"MsoNormal\" style=\"text-align: justify; text-indent: 35.4pt;\"><span style=\"font-family: Tahoma;\">La mostra progettata e organizzata dall&rsquo;Associazione Culturale NOIDEA<span> <\/span>godr&agrave; fra gli altri del patrocinio della Provincia di Campobasso, e <\/span><span style=\"font-family: Tahoma;\">ha gi&agrave; una press area appositamente dedicata sul sito www.altrimedia.org.<\/span><\/p>\n<p class=\"MsoNormal\" style=\"text-align: justify; text-indent: 35.4pt;\"><span style=\"font-family: Tahoma;\">Dopo aver conosciuto e toccato con mano il proprio passato con la mostra di aprile <strong><em>&#8220;Campobasso dentro le mura&#8221;<\/em><\/strong>, dedicata alla parte medievale del capoluogo molisano, NOIDEA intende ora interrogarsi su ci&ograve; che rappresenta il nuovo sviluppo urbano e sociale di Campobasso. <\/span><\/p>\n<p class=\"MsoNormal\" style=\"text-align: justify; text-indent: 35.4pt;\"><span style=\"font-family: Tahoma;\">Come recita lo slogan di presentazione dell&#8217;evento <strong>&#8220;A dicembre gli occhi e il cuore avranno una sola destinazione: Campobasso&#8221;<\/strong>.<\/span><\/p>\n","protected":false},"excerpt":{"rendered":"<p>La location dell\u2019esposizione verr\u00e0 allestita nei locali de La Citt\u00e0 nella Citt\u00e0<\/p>\n","protected":false},"author":2,"featured_media":0,"comment_status":"open","ping_status":"open","sticky":false,"template":"","format":"standard","meta":{"_monsterinsights_skip_tracking":false,"_monsterinsights_sitenote_active":false,"_monsterinsights_sitenote_note":"","_monsterinsights_sitenote_category":0,"footnotes":""},"categories":[7621],"tags":[],"class_list":["post-34778","post","type-post","status-publish","format-standard","hentry","category-arte_cultura"],"acf":[],"yoast_head":"<!-- This site is optimized with the Yoast SEO plugin v24.6 - https:\/\/yoast.com\/wordpress\/plugins\/seo\/ -->\n<title>\u201cCampobasso fuori le mura\u201d, l\u2019allestimento sar\u00e0 curato dagli architetti Ciaramella e Coladangelo - area-press.eu - comunicati<\/title>\n<meta name=\"robots\" content=\"index, follow, max-snippet:-1, max-image-preview:large, max-video-preview:-1\" \/>\n<link rel=\"canonical\" href=\"https:\/\/www.area-press.eu\/comunicati\/campobasso-fuori-le-mura-lallestimento-sara-curato-dagli-architetti-ciaramella-e-coladangelo\/\" \/>\n<meta property=\"og:locale\" content=\"it_IT\" \/>\n<meta property=\"og:type\" content=\"article\" \/>\n<meta property=\"og:title\" content=\"\u201cCampobasso fuori le mura\u201d, l\u2019allestimento sar\u00e0 curato dagli architetti Ciaramella e Coladangelo - area-press.eu - comunicati\" \/>\n<meta property=\"og:description\" content=\"La location dell\u2019esposizione verr\u00e0 allestita nei locali de La Citt\u00e0 nella Citt\u00e0\" \/>\n<meta property=\"og:url\" content=\"https:\/\/www.area-press.eu\/comunicati\/campobasso-fuori-le-mura-lallestimento-sara-curato-dagli-architetti-ciaramella-e-coladangelo\/\" \/>\n<meta property=\"og:site_name\" content=\"area-press.eu - comunicati\" \/>\n<meta property=\"article:published_time\" content=\"2010-11-14T23:00:00+00:00\" \/>\n<meta name=\"author\" content=\"Redazione area-press.eu\" \/>\n<meta name=\"twitter:card\" content=\"summary_large_image\" \/>\n<meta name=\"twitter:label1\" content=\"Scritto da\" \/>\n\t<meta name=\"twitter:data1\" content=\"Redazione area-press.eu\" \/>\n\t<meta name=\"twitter:label2\" content=\"Tempo di lettura stimato\" \/>\n\t<meta name=\"twitter:data2\" content=\"2 minuti\" \/>\n<script type=\"application\/ld+json\" class=\"yoast-schema-graph\">{\"@context\":\"https:\/\/schema.org\",\"@graph\":[{\"@type\":\"WebPage\",\"@id\":\"https:\/\/www.area-press.eu\/comunicati\/campobasso-fuori-le-mura-lallestimento-sara-curato-dagli-architetti-ciaramella-e-coladangelo\/\",\"url\":\"https:\/\/www.area-press.eu\/comunicati\/campobasso-fuori-le-mura-lallestimento-sara-curato-dagli-architetti-ciaramella-e-coladangelo\/\",\"name\":\"\u201cCampobasso fuori le mura\u201d, l\u2019allestimento sar\u00e0 curato dagli architetti Ciaramella e Coladangelo - area-press.eu - comunicati\",\"isPartOf\":{\"@id\":\"https:\/\/www.area-press.eu\/comunicati\/#website\"},\"datePublished\":\"2010-11-14T23:00:00+00:00\",\"author\":{\"@id\":\"https:\/\/www.area-press.eu\/comunicati\/#\/schema\/person\/c7a82e1cf7b2d105ee3708fcc74461f4\"},\"breadcrumb\":{\"@id\":\"https:\/\/www.area-press.eu\/comunicati\/campobasso-fuori-le-mura-lallestimento-sara-curato-dagli-architetti-ciaramella-e-coladangelo\/#breadcrumb\"},\"inLanguage\":\"it-IT\",\"potentialAction\":[{\"@type\":\"ReadAction\",\"target\":[\"https:\/\/www.area-press.eu\/comunicati\/campobasso-fuori-le-mura-lallestimento-sara-curato-dagli-architetti-ciaramella-e-coladangelo\/\"]}]},{\"@type\":\"BreadcrumbList\",\"@id\":\"https:\/\/www.area-press.eu\/comunicati\/campobasso-fuori-le-mura-lallestimento-sara-curato-dagli-architetti-ciaramella-e-coladangelo\/#breadcrumb\",\"itemListElement\":[{\"@type\":\"ListItem\",\"position\":1,\"name\":\"Home\",\"item\":\"https:\/\/www.area-press.eu\/comunicati\/\"},{\"@type\":\"ListItem\",\"position\":2,\"name\":\"\u201cCampobasso fuori le mura\u201d, l\u2019allestimento sar\u00e0 curato dagli architetti Ciaramella e Coladangelo\"}]},{\"@type\":\"WebSite\",\"@id\":\"https:\/\/www.area-press.eu\/comunicati\/#website\",\"url\":\"https:\/\/www.area-press.eu\/comunicati\/\",\"name\":\"area-press.eu - comunicati\",\"description\":\"Press releases e comunicati stampa\",\"potentialAction\":[{\"@type\":\"SearchAction\",\"target\":{\"@type\":\"EntryPoint\",\"urlTemplate\":\"https:\/\/www.area-press.eu\/comunicati\/?s={search_term_string}\"},\"query-input\":{\"@type\":\"PropertyValueSpecification\",\"valueRequired\":true,\"valueName\":\"search_term_string\"}}],\"inLanguage\":\"it-IT\"},{\"@type\":\"Person\",\"@id\":\"https:\/\/www.area-press.eu\/comunicati\/#\/schema\/person\/c7a82e1cf7b2d105ee3708fcc74461f4\",\"name\":\"Redazione area-press.eu\",\"image\":{\"@type\":\"ImageObject\",\"inLanguage\":\"it-IT\",\"@id\":\"https:\/\/www.area-press.eu\/comunicati\/#\/schema\/person\/image\/\",\"url\":\"https:\/\/secure.gravatar.com\/avatar\/261e5fa13cfbce1e53c026c833f5e36744f89dcb35e4578439e7ced7c9b89537?s=96&d=mm&r=g\",\"contentUrl\":\"https:\/\/secure.gravatar.com\/avatar\/261e5fa13cfbce1e53c026c833f5e36744f89dcb35e4578439e7ced7c9b89537?s=96&d=mm&r=g\",\"caption\":\"Redazione area-press.eu\"},\"url\":\"https:\/\/www.area-press.eu\/comunicati\/author\/redazione-area-press-eu\/\"}]}<\/script>\n<!-- \/ Yoast SEO plugin. -->","yoast_head_json":{"title":"\u201cCampobasso fuori le mura\u201d, l\u2019allestimento sar\u00e0 curato dagli architetti Ciaramella e Coladangelo - area-press.eu - comunicati","robots":{"index":"index","follow":"follow","max-snippet":"max-snippet:-1","max-image-preview":"max-image-preview:large","max-video-preview":"max-video-preview:-1"},"canonical":"https:\/\/www.area-press.eu\/comunicati\/campobasso-fuori-le-mura-lallestimento-sara-curato-dagli-architetti-ciaramella-e-coladangelo\/","og_locale":"it_IT","og_type":"article","og_title":"\u201cCampobasso fuori le mura\u201d, l\u2019allestimento sar\u00e0 curato dagli architetti Ciaramella e Coladangelo - area-press.eu - comunicati","og_description":"La location dell\u2019esposizione verr\u00e0 allestita nei locali de La Citt\u00e0 nella Citt\u00e0","og_url":"https:\/\/www.area-press.eu\/comunicati\/campobasso-fuori-le-mura-lallestimento-sara-curato-dagli-architetti-ciaramella-e-coladangelo\/","og_site_name":"area-press.eu - comunicati","article_published_time":"2010-11-14T23:00:00+00:00","author":"Redazione area-press.eu","twitter_card":"summary_large_image","twitter_misc":{"Scritto da":"Redazione area-press.eu","Tempo di lettura stimato":"2 minuti"},"schema":{"@context":"https:\/\/schema.org","@graph":[{"@type":"WebPage","@id":"https:\/\/www.area-press.eu\/comunicati\/campobasso-fuori-le-mura-lallestimento-sara-curato-dagli-architetti-ciaramella-e-coladangelo\/","url":"https:\/\/www.area-press.eu\/comunicati\/campobasso-fuori-le-mura-lallestimento-sara-curato-dagli-architetti-ciaramella-e-coladangelo\/","name":"\u201cCampobasso fuori le mura\u201d, l\u2019allestimento sar\u00e0 curato dagli architetti Ciaramella e Coladangelo - area-press.eu - comunicati","isPartOf":{"@id":"https:\/\/www.area-press.eu\/comunicati\/#website"},"datePublished":"2010-11-14T23:00:00+00:00","author":{"@id":"https:\/\/www.area-press.eu\/comunicati\/#\/schema\/person\/c7a82e1cf7b2d105ee3708fcc74461f4"},"breadcrumb":{"@id":"https:\/\/www.area-press.eu\/comunicati\/campobasso-fuori-le-mura-lallestimento-sara-curato-dagli-architetti-ciaramella-e-coladangelo\/#breadcrumb"},"inLanguage":"it-IT","potentialAction":[{"@type":"ReadAction","target":["https:\/\/www.area-press.eu\/comunicati\/campobasso-fuori-le-mura-lallestimento-sara-curato-dagli-architetti-ciaramella-e-coladangelo\/"]}]},{"@type":"BreadcrumbList","@id":"https:\/\/www.area-press.eu\/comunicati\/campobasso-fuori-le-mura-lallestimento-sara-curato-dagli-architetti-ciaramella-e-coladangelo\/#breadcrumb","itemListElement":[{"@type":"ListItem","position":1,"name":"Home","item":"https:\/\/www.area-press.eu\/comunicati\/"},{"@type":"ListItem","position":2,"name":"\u201cCampobasso fuori le mura\u201d, l\u2019allestimento sar\u00e0 curato dagli architetti Ciaramella e Coladangelo"}]},{"@type":"WebSite","@id":"https:\/\/www.area-press.eu\/comunicati\/#website","url":"https:\/\/www.area-press.eu\/comunicati\/","name":"area-press.eu - comunicati","description":"Press releases e comunicati stampa","potentialAction":[{"@type":"SearchAction","target":{"@type":"EntryPoint","urlTemplate":"https:\/\/www.area-press.eu\/comunicati\/?s={search_term_string}"},"query-input":{"@type":"PropertyValueSpecification","valueRequired":true,"valueName":"search_term_string"}}],"inLanguage":"it-IT"},{"@type":"Person","@id":"https:\/\/www.area-press.eu\/comunicati\/#\/schema\/person\/c7a82e1cf7b2d105ee3708fcc74461f4","name":"Redazione area-press.eu","image":{"@type":"ImageObject","inLanguage":"it-IT","@id":"https:\/\/www.area-press.eu\/comunicati\/#\/schema\/person\/image\/","url":"https:\/\/secure.gravatar.com\/avatar\/261e5fa13cfbce1e53c026c833f5e36744f89dcb35e4578439e7ced7c9b89537?s=96&d=mm&r=g","contentUrl":"https:\/\/secure.gravatar.com\/avatar\/261e5fa13cfbce1e53c026c833f5e36744f89dcb35e4578439e7ced7c9b89537?s=96&d=mm&r=g","caption":"Redazione area-press.eu"},"url":"https:\/\/www.area-press.eu\/comunicati\/author\/redazione-area-press-eu\/"}]}},"_links":{"self":[{"href":"https:\/\/www.area-press.eu\/comunicati\/wp-json\/wp\/v2\/posts\/34778","targetHints":{"allow":["GET"]}}],"collection":[{"href":"https:\/\/www.area-press.eu\/comunicati\/wp-json\/wp\/v2\/posts"}],"about":[{"href":"https:\/\/www.area-press.eu\/comunicati\/wp-json\/wp\/v2\/types\/post"}],"author":[{"embeddable":true,"href":"https:\/\/www.area-press.eu\/comunicati\/wp-json\/wp\/v2\/users\/2"}],"replies":[{"embeddable":true,"href":"https:\/\/www.area-press.eu\/comunicati\/wp-json\/wp\/v2\/comments?post=34778"}],"version-history":[{"count":0,"href":"https:\/\/www.area-press.eu\/comunicati\/wp-json\/wp\/v2\/posts\/34778\/revisions"}],"wp:attachment":[{"href":"https:\/\/www.area-press.eu\/comunicati\/wp-json\/wp\/v2\/media?parent=34778"}],"wp:term":[{"taxonomy":"category","embeddable":true,"href":"https:\/\/www.area-press.eu\/comunicati\/wp-json\/wp\/v2\/categories?post=34778"},{"taxonomy":"post_tag","embeddable":true,"href":"https:\/\/www.area-press.eu\/comunicati\/wp-json\/wp\/v2\/tags?post=34778"}],"curies":[{"name":"wp","href":"https:\/\/api.w.org\/{rel}","templated":true}]}}