{"id":32374,"date":"2010-09-13T00:00:00","date_gmt":"2010-09-12T22:00:00","guid":{"rendered":"http:\/\/www.area-press.eu\/comunicati\/realta-o-fantasia-leggende-veronesi\/"},"modified":"2010-09-13T00:00:00","modified_gmt":"2010-09-12T22:00:00","slug":"realta-o-fantasia-leggende-veronesi","status":"publish","type":"post","link":"https:\/\/www.area-press.eu\/comunicati\/realta-o-fantasia-leggende-veronesi\/","title":{"rendered":"Realt\u00e0 o fantasia? Leggende veronesi"},"content":{"rendered":"<p><!-- VideographyWP Plugin Message: Automatic video embedding prevented by plugin options. --><\/p>\n<p class=\"MsoNormal\">\n<p class=\"MsoNormal\">Trascorrere qualche giorno in uno degli <a href=\"http:\/\/www.hotelgardeniaverona.it\/\">hotel centro Verona<\/a> &egrave; un ottimo modo per tuffarsi nella sua storia e conoscere le sue leggende: ci sono storie che hanno gi&agrave; fatto il giro del mondo, come quella di Giulietta e Romeo, e altre che invece i veronesi raccontano volentieri ai turisti di passaggio, curiosi di conoscere la citt&agrave; che stanno visitando.<\/p>\n<p class=\"MsoNormal\">Sia nel centro che nella vicina periferia si possono sentire storie interessanti: soggiornando in un albergo a <a href=\"http:\/\/www.hotelgardeniaverona.it\/storia.asp?lang=it\">San Michele Extra<\/a>, per esempio, si potr&agrave; sentire la storia del Castello di Montorio, che nasconderebbe tra le sue mura un libro del comando, mentre le leggende che si sentiranno negli <a href=\"http:\/\/www.hotelgardeniaverona.it\/contatti.asp?lang=it\">alberghi a verona<\/a> centro racconteranno la storia dell&rsquo;arena e di altri luoghi storici.<\/p>\n<p class=\"MsoNormal\">I libri del comando sono stai molto diffusi un tempo, ma si racconta che siano stati distrutti, nel corso dei secoli, dai preti, che pare organizzassero roghi di questo genere di libri: si dice infatti che contenessero formule magiche, e venendone in possesso si sarebbe stati in grado di comandare gli elementi, volare, scovare tesori &hellip; in breve, sarebbe come acquisire dei superpoteri. Uno degli ultimi libri del comando sottratti ai roghi, quindi, sarebbe nascosto nei sotterranei del castello; i sotterranei nasconderebbero per&ograve; anche un passaggio che porta, si dice, all&rsquo;arena in centro alla citt&agrave;: un passaggio lungo diversi chilometri, di cui non si conosce l&rsquo;entrata n&eacute; il costruttore.<\/p>\n<p class=\"MsoNormal\">Le leggende del centro citt&agrave; prendono di mira, naturalmente, la maestosa arena, raccontando nientemeno che sarebbe stata costruita in una sola notte: i veronesi, infatti, desideravano molto un&rsquo;arena nella loro citt&agrave;, e un condannato a morte, nella sua ultima notte, ricevette la visita del diavolo, che si propose di costruire l&rsquo;arena in quella notte in cambio della sua anima. Ci&ograve; sarebbe servito a salvargli la vita, e l&rsquo;uomo accett&ograve;: ma appena vide i demoni al lavoro si pent&igrave;, e pass&ograve; la notte a pregare la Madonna perch&eacute; gli salvasse l&rsquo;anima.<span> <\/span>Poco prima dell&rsquo;alba la Madonna, sentendo il sincero pentimento dell&rsquo;uomo, ascolt&ograve; la sua preghiera e fece suonare l&rsquo;Angelus con le campane: a quel suono i demoni si dispersero, ma ancora non avevano finito il loro lavoro. L&rsquo;arena quindi rimase incompiuta, cosicch&eacute; il diavolo non pot&eacute; avere l&rsquo;anima dell&rsquo;uomo, ma il lavoro fatto prima dell&rsquo;alba fu abbastanza per salvargli la vita.<\/p>\n<p class=\"MsoNormal\">C&rsquo;&egrave; poi l&rsquo;enorme costola appesa ad un arco in Piazza delle Erbe, che non si sa a chi possa essere appartenuta: forse ad un animale preistorico? Per ultima, ma solo perch&eacute; &egrave; la pi&ugrave; conosciuta di tutte, teniamo al leggenda di Giulietta e Romeo, che narra lo sfortunato amore di due giovanissimi, figli di famiglie rivali e morti per amore: la vicenda si confonde tra storia e leggenda, tramandando racconti e continuando ancor oggi a mostrare i luoghi nei quali si sarebbe svolta la storia d&rsquo;amore pi&ugrave; conosciuta del mondo.<\/p>\n<p class=\"MsoNormal\">\n<p class=\"MsoNormal\">A cura di Lia Contesso<\/p>\n<p class=\"MsoNormal\">Prima Posizione srl &#8211; <a href=\"http:\/\/www.prima-posizione.it\/wp\/advanced-web-ranking.html\" class=\"broken_link\">posizione motori di ricerca<\/a><\/p>\n","protected":false},"excerpt":{"rendered":"<p>Verona \u00e8 una citt\u00e0 ricca di storia, cultura e leggende: l\u2019arena che la rende celebre sarebbe stata costruita in una notte, mentre nel Castello di Montorio sarebbe nascosto uno degli ultimi \u201clibri del comando\u201d.<\/p>\n","protected":false},"author":2,"featured_media":0,"comment_status":"open","ping_status":"open","sticky":false,"template":"","format":"standard","meta":{"_monsterinsights_skip_tracking":false,"_monsterinsights_sitenote_active":false,"_monsterinsights_sitenote_note":"","_monsterinsights_sitenote_category":0,"footnotes":""},"categories":[7559],"tags":[],"class_list":["post-32374","post","type-post","status-publish","format-standard","hentry","category-turismo"],"acf":[],"yoast_head":"<!-- This site is optimized with the Yoast SEO plugin v24.6 - https:\/\/yoast.com\/wordpress\/plugins\/seo\/ -->\n<title>Realt\u00e0 o fantasia? Leggende veronesi - area-press.eu - comunicati<\/title>\n<meta name=\"robots\" content=\"index, follow, max-snippet:-1, max-image-preview:large, max-video-preview:-1\" \/>\n<link rel=\"canonical\" href=\"https:\/\/www.area-press.eu\/comunicati\/realta-o-fantasia-leggende-veronesi\/\" \/>\n<meta property=\"og:locale\" content=\"it_IT\" \/>\n<meta property=\"og:type\" content=\"article\" \/>\n<meta property=\"og:title\" content=\"Realt\u00e0 o fantasia? Leggende veronesi - area-press.eu - comunicati\" \/>\n<meta property=\"og:description\" content=\"Verona \u00e8 una citt\u00e0 ricca di storia, cultura e leggende: l\u2019arena che la rende celebre sarebbe stata costruita in una notte, mentre nel Castello di Montorio sarebbe nascosto uno degli ultimi \u201clibri del comando\u201d.\" \/>\n<meta property=\"og:url\" content=\"https:\/\/www.area-press.eu\/comunicati\/realta-o-fantasia-leggende-veronesi\/\" \/>\n<meta property=\"og:site_name\" content=\"area-press.eu - comunicati\" \/>\n<meta property=\"article:published_time\" content=\"2010-09-12T22:00:00+00:00\" \/>\n<meta name=\"author\" content=\"Redazione area-press.eu\" \/>\n<meta name=\"twitter:card\" content=\"summary_large_image\" \/>\n<meta name=\"twitter:label1\" content=\"Scritto da\" \/>\n\t<meta name=\"twitter:data1\" content=\"Redazione area-press.eu\" \/>\n\t<meta name=\"twitter:label2\" content=\"Tempo di lettura stimato\" \/>\n\t<meta name=\"twitter:data2\" content=\"3 minuti\" \/>\n<script type=\"application\/ld+json\" class=\"yoast-schema-graph\">{\"@context\":\"https:\/\/schema.org\",\"@graph\":[{\"@type\":\"WebPage\",\"@id\":\"https:\/\/www.area-press.eu\/comunicati\/realta-o-fantasia-leggende-veronesi\/\",\"url\":\"https:\/\/www.area-press.eu\/comunicati\/realta-o-fantasia-leggende-veronesi\/\",\"name\":\"Realt\u00e0 o fantasia? Leggende veronesi - area-press.eu - comunicati\",\"isPartOf\":{\"@id\":\"https:\/\/www.area-press.eu\/comunicati\/#website\"},\"datePublished\":\"2010-09-12T22:00:00+00:00\",\"author\":{\"@id\":\"https:\/\/www.area-press.eu\/comunicati\/#\/schema\/person\/c7a82e1cf7b2d105ee3708fcc74461f4\"},\"breadcrumb\":{\"@id\":\"https:\/\/www.area-press.eu\/comunicati\/realta-o-fantasia-leggende-veronesi\/#breadcrumb\"},\"inLanguage\":\"it-IT\",\"potentialAction\":[{\"@type\":\"ReadAction\",\"target\":[\"https:\/\/www.area-press.eu\/comunicati\/realta-o-fantasia-leggende-veronesi\/\"]}]},{\"@type\":\"BreadcrumbList\",\"@id\":\"https:\/\/www.area-press.eu\/comunicati\/realta-o-fantasia-leggende-veronesi\/#breadcrumb\",\"itemListElement\":[{\"@type\":\"ListItem\",\"position\":1,\"name\":\"Home\",\"item\":\"https:\/\/www.area-press.eu\/comunicati\/\"},{\"@type\":\"ListItem\",\"position\":2,\"name\":\"Realt\u00e0 o fantasia? Leggende veronesi\"}]},{\"@type\":\"WebSite\",\"@id\":\"https:\/\/www.area-press.eu\/comunicati\/#website\",\"url\":\"https:\/\/www.area-press.eu\/comunicati\/\",\"name\":\"area-press.eu - comunicati\",\"description\":\"Press releases e comunicati stampa\",\"potentialAction\":[{\"@type\":\"SearchAction\",\"target\":{\"@type\":\"EntryPoint\",\"urlTemplate\":\"https:\/\/www.area-press.eu\/comunicati\/?s={search_term_string}\"},\"query-input\":{\"@type\":\"PropertyValueSpecification\",\"valueRequired\":true,\"valueName\":\"search_term_string\"}}],\"inLanguage\":\"it-IT\"},{\"@type\":\"Person\",\"@id\":\"https:\/\/www.area-press.eu\/comunicati\/#\/schema\/person\/c7a82e1cf7b2d105ee3708fcc74461f4\",\"name\":\"Redazione area-press.eu\",\"image\":{\"@type\":\"ImageObject\",\"inLanguage\":\"it-IT\",\"@id\":\"https:\/\/www.area-press.eu\/comunicati\/#\/schema\/person\/image\/\",\"url\":\"https:\/\/secure.gravatar.com\/avatar\/261e5fa13cfbce1e53c026c833f5e36744f89dcb35e4578439e7ced7c9b89537?s=96&d=mm&r=g\",\"contentUrl\":\"https:\/\/secure.gravatar.com\/avatar\/261e5fa13cfbce1e53c026c833f5e36744f89dcb35e4578439e7ced7c9b89537?s=96&d=mm&r=g\",\"caption\":\"Redazione area-press.eu\"},\"url\":\"https:\/\/www.area-press.eu\/comunicati\/author\/redazione-area-press-eu\/\"}]}<\/script>\n<!-- \/ Yoast SEO plugin. -->","yoast_head_json":{"title":"Realt\u00e0 o fantasia? Leggende veronesi - area-press.eu - comunicati","robots":{"index":"index","follow":"follow","max-snippet":"max-snippet:-1","max-image-preview":"max-image-preview:large","max-video-preview":"max-video-preview:-1"},"canonical":"https:\/\/www.area-press.eu\/comunicati\/realta-o-fantasia-leggende-veronesi\/","og_locale":"it_IT","og_type":"article","og_title":"Realt\u00e0 o fantasia? Leggende veronesi - area-press.eu - comunicati","og_description":"Verona \u00e8 una citt\u00e0 ricca di storia, cultura e leggende: l\u2019arena che la rende celebre sarebbe stata costruita in una notte, mentre nel Castello di Montorio sarebbe nascosto uno degli ultimi \u201clibri del comando\u201d.","og_url":"https:\/\/www.area-press.eu\/comunicati\/realta-o-fantasia-leggende-veronesi\/","og_site_name":"area-press.eu - comunicati","article_published_time":"2010-09-12T22:00:00+00:00","author":"Redazione area-press.eu","twitter_card":"summary_large_image","twitter_misc":{"Scritto da":"Redazione area-press.eu","Tempo di lettura stimato":"3 minuti"},"schema":{"@context":"https:\/\/schema.org","@graph":[{"@type":"WebPage","@id":"https:\/\/www.area-press.eu\/comunicati\/realta-o-fantasia-leggende-veronesi\/","url":"https:\/\/www.area-press.eu\/comunicati\/realta-o-fantasia-leggende-veronesi\/","name":"Realt\u00e0 o fantasia? Leggende veronesi - area-press.eu - comunicati","isPartOf":{"@id":"https:\/\/www.area-press.eu\/comunicati\/#website"},"datePublished":"2010-09-12T22:00:00+00:00","author":{"@id":"https:\/\/www.area-press.eu\/comunicati\/#\/schema\/person\/c7a82e1cf7b2d105ee3708fcc74461f4"},"breadcrumb":{"@id":"https:\/\/www.area-press.eu\/comunicati\/realta-o-fantasia-leggende-veronesi\/#breadcrumb"},"inLanguage":"it-IT","potentialAction":[{"@type":"ReadAction","target":["https:\/\/www.area-press.eu\/comunicati\/realta-o-fantasia-leggende-veronesi\/"]}]},{"@type":"BreadcrumbList","@id":"https:\/\/www.area-press.eu\/comunicati\/realta-o-fantasia-leggende-veronesi\/#breadcrumb","itemListElement":[{"@type":"ListItem","position":1,"name":"Home","item":"https:\/\/www.area-press.eu\/comunicati\/"},{"@type":"ListItem","position":2,"name":"Realt\u00e0 o fantasia? Leggende veronesi"}]},{"@type":"WebSite","@id":"https:\/\/www.area-press.eu\/comunicati\/#website","url":"https:\/\/www.area-press.eu\/comunicati\/","name":"area-press.eu - comunicati","description":"Press releases e comunicati stampa","potentialAction":[{"@type":"SearchAction","target":{"@type":"EntryPoint","urlTemplate":"https:\/\/www.area-press.eu\/comunicati\/?s={search_term_string}"},"query-input":{"@type":"PropertyValueSpecification","valueRequired":true,"valueName":"search_term_string"}}],"inLanguage":"it-IT"},{"@type":"Person","@id":"https:\/\/www.area-press.eu\/comunicati\/#\/schema\/person\/c7a82e1cf7b2d105ee3708fcc74461f4","name":"Redazione area-press.eu","image":{"@type":"ImageObject","inLanguage":"it-IT","@id":"https:\/\/www.area-press.eu\/comunicati\/#\/schema\/person\/image\/","url":"https:\/\/secure.gravatar.com\/avatar\/261e5fa13cfbce1e53c026c833f5e36744f89dcb35e4578439e7ced7c9b89537?s=96&d=mm&r=g","contentUrl":"https:\/\/secure.gravatar.com\/avatar\/261e5fa13cfbce1e53c026c833f5e36744f89dcb35e4578439e7ced7c9b89537?s=96&d=mm&r=g","caption":"Redazione area-press.eu"},"url":"https:\/\/www.area-press.eu\/comunicati\/author\/redazione-area-press-eu\/"}]}},"_links":{"self":[{"href":"https:\/\/www.area-press.eu\/comunicati\/wp-json\/wp\/v2\/posts\/32374","targetHints":{"allow":["GET"]}}],"collection":[{"href":"https:\/\/www.area-press.eu\/comunicati\/wp-json\/wp\/v2\/posts"}],"about":[{"href":"https:\/\/www.area-press.eu\/comunicati\/wp-json\/wp\/v2\/types\/post"}],"author":[{"embeddable":true,"href":"https:\/\/www.area-press.eu\/comunicati\/wp-json\/wp\/v2\/users\/2"}],"replies":[{"embeddable":true,"href":"https:\/\/www.area-press.eu\/comunicati\/wp-json\/wp\/v2\/comments?post=32374"}],"version-history":[{"count":0,"href":"https:\/\/www.area-press.eu\/comunicati\/wp-json\/wp\/v2\/posts\/32374\/revisions"}],"wp:attachment":[{"href":"https:\/\/www.area-press.eu\/comunicati\/wp-json\/wp\/v2\/media?parent=32374"}],"wp:term":[{"taxonomy":"category","embeddable":true,"href":"https:\/\/www.area-press.eu\/comunicati\/wp-json\/wp\/v2\/categories?post=32374"},{"taxonomy":"post_tag","embeddable":true,"href":"https:\/\/www.area-press.eu\/comunicati\/wp-json\/wp\/v2\/tags?post=32374"}],"curies":[{"name":"wp","href":"https:\/\/api.w.org\/{rel}","templated":true}]}}