{"id":31983,"date":"2010-08-30T00:00:00","date_gmt":"2010-08-29T22:00:00","guid":{"rendered":"http:\/\/www.area-press.eu\/comunicati\/elton-john-ray-cooper\/"},"modified":"2010-08-30T00:00:00","modified_gmt":"2010-08-29T22:00:00","slug":"elton-john-ray-cooper","status":"publish","type":"post","link":"https:\/\/www.area-press.eu\/comunicati\/elton-john-ray-cooper\/","title":{"rendered":"Elton John &#038; Ray Cooper"},"content":{"rendered":"<p><!-- VideographyWP Plugin Message: Automatic video embedding prevented by plugin options. --><\/p>\n<p class=\"MsoNormal\" style=\"margin: 0cm 0cm 0pt;\"><strong style=\"mso-bidi-font-weight: normal;\"><span style=\"font-family: \"><a title=\"biglietti per il concerto di elton john &amp; ray cooper\" href=\"http:\/\/www.bookingshow.com\/cerca\/cerca.asp?cosa=Elton+John+%26+Ray+Cooper&amp;regione=&amp;localita=&amp;genere=&amp;selRicerca=5&amp;invio=ok&amp;INVIORICERCA.x=36&amp;INVIORICERCA.y=11\" class=\"broken_link\"><span style=\"color: #0000ff; font-size: small;\">Elton John &amp; Ray Cooper<\/span><\/a><\/span><\/strong><\/p>\n<p class=\"MsoNormal\" style=\"margin: 0cm 0cm 0pt;\"><span style=\"font-family: \"> <\/span><\/p>\n<p class=\"MsoNormal\" style=\"text-align: justify; margin: 0cm 0cm 0pt;\"><strong style=\"mso-bidi-font-weight: normal;\"><em style=\"mso-bidi-font-style: normal;\"><span style=\"font-family: \"><span style=\"font-size: small;\">Sir <span style=\"mso-bidi-font-weight: bold;\">Elton Hercules John<\/span>, &egrave; un cantautore, compositore e musicista britannico. &Egrave; uno dei pi&ugrave; grandi e celebrati artisti del rock internazionale. Con la sua intensa attivit&agrave; musicale ha infatti contribuito notevolmente alla diffusione del piano rock e negli anni Settanta &egrave; stato la principale espressione del movimento, pur vantando comunque un&#8217;immensa produzione che spazia dal symphonic rock al glam rock, al pop rock. Nel corso della sua ormai quarantennale carriera ha venduto ufficialmente un totale di oltre 250 milioni di album che ne fanno uno dei cantautori di maggior successo di sempre. <\/span><\/span><\/em><\/strong><\/p>\n<p class=\"MsoNormal\" style=\"text-align: justify; margin: 0cm 0cm 0pt;\"><span style=\"font-size: small;\"><strong><em style=\"mso-bidi-font-style: normal;\"><span style=\"font-family: \">Ray Cooper<\/span><\/em><\/strong><strong style=\"mso-bidi-font-weight: normal;\"><em style=\"mso-bidi-font-style: normal;\"><span style=\"font-family: \"> &egrave; un musicista e polistrumentista britannico. <\/span><\/em><\/strong><strong style=\"mso-bidi-font-weight: normal;\"><span style=\"font-family: \">&Egrave; noto per la sua intensa attivit&agrave; di percussionista e <em>session man<\/em> al fianco di artisti del calibro di Elton John, George Harrison, Sting, Eric Clapton e dei Pink Floyd.<em style=\"mso-bidi-font-style: normal;\"> <\/em>La sua lunga carriera artistica ha inizio negli anni Sessanta, quando Ray registra con gli Who e collabora con la band America. Suona inoltre le percussioni nelle prime produzioni di Elton John, in un album di Nicky Hopkins e nell&#8217;album dei Rolling Stones <em>It&#8217;s Only Rock&#8217;n Roll<\/em> del 1974.<em style=\"mso-bidi-font-style: normal;\"> <\/em>In quell&#8217;anno diventa ufficialmente membro della Elton John Band e contribuisce attivamente al classico sound dei lavori della rockstar.<\/span><\/strong><\/span><\/p>\n<p class=\"MsoNormal\" style=\"text-align: justify; margin: 0cm 0cm 0pt;\"><strong style=\"mso-bidi-font-weight: normal;\"><span style=\"font-family: \"><span style=\"font-size: small;\">I due artisti britannici si esibiranno insieme a Trani presso il Piazzale Monastero Colonna il 22 Settembre.<em style=\"mso-bidi-font-style: normal;\"> <\/em><\/span><\/span><\/strong><\/p>\n<p class=\"MsoNormal\" style=\"text-align: justify; margin: 0cm 0cm 0pt;\"><strong style=\"mso-bidi-font-weight: normal;\"><span style=\"font-family: \"><span style=\"font-size: small;\"> <\/span><\/span><\/strong><\/p>\n<p class=\"MsoNormal\" style=\"text-align: justify; margin: 0cm 0cm 0pt;\"><span style=\"font-family: \"><span style=\"font-size: small;\"> <\/span><\/span><\/p>\n<p class=\"MsoNormal\" style=\"text-align: justify; margin: 0cm 0cm 0pt;\"><span style=\"font-family: \"><span style=\"font-size: small;\">I biglietti sono disponibili sul circuito BookingShow :<\/span><\/span><\/p>\n<p class=\"MsoNormal\" style=\"text-align: justify; margin: 0cm 0cm 0pt;\"><span style=\"font-family: \"><span style=\"font-size: small;\"> <\/span><\/span><\/p>\n<ul style=\"margin-top: 0cm;\" type=\"disc\">\n<li class=\"MsoNormal\" style=\"text-align: justify; margin: 0cm 0cm 0pt; mso-list: l0 level1 lfo1; tab-stops: list 36.0pt;\"><span style=\"font-size: small;\"><strong><em style=\"mso-bidi-font-style: normal;\"><span style=\"font-family: \">Punti vendita<\/span><\/em><\/strong><strong><span style=\"font-family: \"> sul territorio nazionale, riconoscibili dalla vetrofania che espongono, il cuore BookingShow con la scritta punto vendita.<\/span><\/strong><\/span><\/li>\n<li class=\"MsoNormal\" style=\"text-align: justify; margin: 0cm 0cm 0pt; mso-list: l0 level1 lfo1; tab-stops: list 36.0pt;\"><span style=\"font-size: small;\"><strong><em style=\"mso-bidi-font-style: normal;\"><span style=\"font-family: \">Portale web<\/span><\/em><\/strong><strong><span style=\"font-family: \"> all&rsquo;indirizzo <a title=\"biglietti per concerti, sport, teatro, musica e spettacolo\" href=\"http:\/\/www.bookingshow.com\/\" class=\"broken_link\"><span style=\"color: #0000ff;\">www.bookingshow.com<\/span><\/a> da cui &egrave; possibile acquistare in tutta sicurezza i biglietti per gli eventi 24 ore su 24 pagando con carta di credito.<\/span><\/strong><\/span><\/li>\n<li class=\"MsoNormal\" style=\"text-align: justify; margin: 0cm 0cm 0pt; mso-list: l0 level1 lfo1; tab-stops: list 36.0pt;\"><span style=\"font-size: small;\"><strong><em style=\"mso-bidi-font-style: normal;\"><span style=\"font-family: \">Call Center<\/span><\/em><\/strong><strong><span style=\"font-family: \"> che risponde tutti i giorni dalle 8:00 alle 22:00 al numero 800 58 70 55 per l&rsquo;acquisto di biglietti e informazioni relative agli eventi.<\/span><\/strong><\/span><\/li>\n<\/ul>\n<p class=\"MsoNormal\" style=\"text-align: justify; margin: 0cm 0cm 0pt;\"><span style=\"font-family: \"><span style=\"font-size: small;\"> <\/span><\/span><\/p>\n<p class=\"MsoNormal\" style=\"text-align: justify; margin: 0cm 0cm 0pt;\"><span style=\"font-family: \"><\/span><\/p>\n<p class=\"MsoNormal\" style=\"margin: 0cm 0cm 0pt;\"><span style=\"font-family: \"><span style=\"font-size: small;\">Massimiliano di Cesare ( <\/span><a href=\"mailto:m.dicesare@bookingshow.com\"><span style=\"color: #0000ff; font-size: small;\">m.dicesare@bookingshow.com<\/span><\/a><span style=\"font-size: small;\"> )<\/span><\/span><\/p>\n","protected":false},"excerpt":{"rendered":"<p>Sir Elton Hercules John, \u00e8 un cantautore, compositore e musicista britannico. \u00c8 uno dei pi\u00f9 grandi e celebrati artisti del rock internazionale. Con la sua intensa attivit\u00e0 musicale ha infatti contribuito notevolmente alla diffusione del piano rock e<\/p>\n","protected":false},"author":2,"featured_media":0,"comment_status":"open","ping_status":"open","sticky":false,"template":"","format":"standard","meta":{"_monsterinsights_skip_tracking":false,"_monsterinsights_sitenote_active":false,"_monsterinsights_sitenote_note":"","_monsterinsights_sitenote_category":0,"footnotes":""},"categories":[7603],"tags":[],"class_list":["post-31983","post","type-post","status-publish","format-standard","hentry","category-musica"],"acf":[],"yoast_head":"<!-- This site is optimized with the Yoast SEO plugin v24.6 - https:\/\/yoast.com\/wordpress\/plugins\/seo\/ -->\n<title>Elton John &amp; Ray Cooper - area-press.eu - comunicati<\/title>\n<meta name=\"robots\" content=\"index, follow, max-snippet:-1, max-image-preview:large, max-video-preview:-1\" \/>\n<link rel=\"canonical\" href=\"https:\/\/www.area-press.eu\/comunicati\/elton-john-ray-cooper\/\" \/>\n<meta property=\"og:locale\" content=\"it_IT\" \/>\n<meta property=\"og:type\" content=\"article\" \/>\n<meta property=\"og:title\" content=\"Elton John &amp; Ray Cooper - area-press.eu - comunicati\" \/>\n<meta property=\"og:description\" content=\"Sir Elton Hercules John, \u00e8 un cantautore, compositore e musicista britannico. \u00c8 uno dei pi\u00f9 grandi e celebrati artisti del rock internazionale. Con la sua intensa attivit\u00e0 musicale ha infatti contribuito notevolmente alla diffusione del piano rock e\" \/>\n<meta property=\"og:url\" content=\"https:\/\/www.area-press.eu\/comunicati\/elton-john-ray-cooper\/\" \/>\n<meta property=\"og:site_name\" content=\"area-press.eu - comunicati\" \/>\n<meta property=\"article:published_time\" content=\"2010-08-29T22:00:00+00:00\" \/>\n<meta name=\"author\" content=\"Redazione area-press.eu\" \/>\n<meta name=\"twitter:card\" content=\"summary_large_image\" \/>\n<meta name=\"twitter:label1\" content=\"Scritto da\" \/>\n\t<meta name=\"twitter:data1\" content=\"Redazione area-press.eu\" \/>\n\t<meta name=\"twitter:label2\" content=\"Tempo di lettura stimato\" \/>\n\t<meta name=\"twitter:data2\" content=\"2 minuti\" \/>\n<script type=\"application\/ld+json\" class=\"yoast-schema-graph\">{\"@context\":\"https:\/\/schema.org\",\"@graph\":[{\"@type\":\"WebPage\",\"@id\":\"https:\/\/www.area-press.eu\/comunicati\/elton-john-ray-cooper\/\",\"url\":\"https:\/\/www.area-press.eu\/comunicati\/elton-john-ray-cooper\/\",\"name\":\"Elton John & Ray Cooper - area-press.eu - comunicati\",\"isPartOf\":{\"@id\":\"https:\/\/www.area-press.eu\/comunicati\/#website\"},\"datePublished\":\"2010-08-29T22:00:00+00:00\",\"author\":{\"@id\":\"https:\/\/www.area-press.eu\/comunicati\/#\/schema\/person\/c7a82e1cf7b2d105ee3708fcc74461f4\"},\"breadcrumb\":{\"@id\":\"https:\/\/www.area-press.eu\/comunicati\/elton-john-ray-cooper\/#breadcrumb\"},\"inLanguage\":\"it-IT\",\"potentialAction\":[{\"@type\":\"ReadAction\",\"target\":[\"https:\/\/www.area-press.eu\/comunicati\/elton-john-ray-cooper\/\"]}]},{\"@type\":\"BreadcrumbList\",\"@id\":\"https:\/\/www.area-press.eu\/comunicati\/elton-john-ray-cooper\/#breadcrumb\",\"itemListElement\":[{\"@type\":\"ListItem\",\"position\":1,\"name\":\"Home\",\"item\":\"https:\/\/www.area-press.eu\/comunicati\/\"},{\"@type\":\"ListItem\",\"position\":2,\"name\":\"Elton John &#038; Ray Cooper\"}]},{\"@type\":\"WebSite\",\"@id\":\"https:\/\/www.area-press.eu\/comunicati\/#website\",\"url\":\"https:\/\/www.area-press.eu\/comunicati\/\",\"name\":\"area-press.eu - comunicati\",\"description\":\"Press releases e comunicati stampa\",\"potentialAction\":[{\"@type\":\"SearchAction\",\"target\":{\"@type\":\"EntryPoint\",\"urlTemplate\":\"https:\/\/www.area-press.eu\/comunicati\/?s={search_term_string}\"},\"query-input\":{\"@type\":\"PropertyValueSpecification\",\"valueRequired\":true,\"valueName\":\"search_term_string\"}}],\"inLanguage\":\"it-IT\"},{\"@type\":\"Person\",\"@id\":\"https:\/\/www.area-press.eu\/comunicati\/#\/schema\/person\/c7a82e1cf7b2d105ee3708fcc74461f4\",\"name\":\"Redazione area-press.eu\",\"image\":{\"@type\":\"ImageObject\",\"inLanguage\":\"it-IT\",\"@id\":\"https:\/\/www.area-press.eu\/comunicati\/#\/schema\/person\/image\/\",\"url\":\"https:\/\/secure.gravatar.com\/avatar\/261e5fa13cfbce1e53c026c833f5e36744f89dcb35e4578439e7ced7c9b89537?s=96&d=mm&r=g\",\"contentUrl\":\"https:\/\/secure.gravatar.com\/avatar\/261e5fa13cfbce1e53c026c833f5e36744f89dcb35e4578439e7ced7c9b89537?s=96&d=mm&r=g\",\"caption\":\"Redazione area-press.eu\"},\"url\":\"https:\/\/www.area-press.eu\/comunicati\/author\/redazione-area-press-eu\/\"}]}<\/script>\n<!-- \/ Yoast SEO plugin. -->","yoast_head_json":{"title":"Elton John & Ray Cooper - area-press.eu - comunicati","robots":{"index":"index","follow":"follow","max-snippet":"max-snippet:-1","max-image-preview":"max-image-preview:large","max-video-preview":"max-video-preview:-1"},"canonical":"https:\/\/www.area-press.eu\/comunicati\/elton-john-ray-cooper\/","og_locale":"it_IT","og_type":"article","og_title":"Elton John & Ray Cooper - area-press.eu - comunicati","og_description":"Sir Elton Hercules John, \u00e8 un cantautore, compositore e musicista britannico. \u00c8 uno dei pi\u00f9 grandi e celebrati artisti del rock internazionale. Con la sua intensa attivit\u00e0 musicale ha infatti contribuito notevolmente alla diffusione del piano rock e","og_url":"https:\/\/www.area-press.eu\/comunicati\/elton-john-ray-cooper\/","og_site_name":"area-press.eu - comunicati","article_published_time":"2010-08-29T22:00:00+00:00","author":"Redazione area-press.eu","twitter_card":"summary_large_image","twitter_misc":{"Scritto da":"Redazione area-press.eu","Tempo di lettura stimato":"2 minuti"},"schema":{"@context":"https:\/\/schema.org","@graph":[{"@type":"WebPage","@id":"https:\/\/www.area-press.eu\/comunicati\/elton-john-ray-cooper\/","url":"https:\/\/www.area-press.eu\/comunicati\/elton-john-ray-cooper\/","name":"Elton John & Ray Cooper - area-press.eu - comunicati","isPartOf":{"@id":"https:\/\/www.area-press.eu\/comunicati\/#website"},"datePublished":"2010-08-29T22:00:00+00:00","author":{"@id":"https:\/\/www.area-press.eu\/comunicati\/#\/schema\/person\/c7a82e1cf7b2d105ee3708fcc74461f4"},"breadcrumb":{"@id":"https:\/\/www.area-press.eu\/comunicati\/elton-john-ray-cooper\/#breadcrumb"},"inLanguage":"it-IT","potentialAction":[{"@type":"ReadAction","target":["https:\/\/www.area-press.eu\/comunicati\/elton-john-ray-cooper\/"]}]},{"@type":"BreadcrumbList","@id":"https:\/\/www.area-press.eu\/comunicati\/elton-john-ray-cooper\/#breadcrumb","itemListElement":[{"@type":"ListItem","position":1,"name":"Home","item":"https:\/\/www.area-press.eu\/comunicati\/"},{"@type":"ListItem","position":2,"name":"Elton John &#038; Ray Cooper"}]},{"@type":"WebSite","@id":"https:\/\/www.area-press.eu\/comunicati\/#website","url":"https:\/\/www.area-press.eu\/comunicati\/","name":"area-press.eu - comunicati","description":"Press releases e comunicati stampa","potentialAction":[{"@type":"SearchAction","target":{"@type":"EntryPoint","urlTemplate":"https:\/\/www.area-press.eu\/comunicati\/?s={search_term_string}"},"query-input":{"@type":"PropertyValueSpecification","valueRequired":true,"valueName":"search_term_string"}}],"inLanguage":"it-IT"},{"@type":"Person","@id":"https:\/\/www.area-press.eu\/comunicati\/#\/schema\/person\/c7a82e1cf7b2d105ee3708fcc74461f4","name":"Redazione area-press.eu","image":{"@type":"ImageObject","inLanguage":"it-IT","@id":"https:\/\/www.area-press.eu\/comunicati\/#\/schema\/person\/image\/","url":"https:\/\/secure.gravatar.com\/avatar\/261e5fa13cfbce1e53c026c833f5e36744f89dcb35e4578439e7ced7c9b89537?s=96&d=mm&r=g","contentUrl":"https:\/\/secure.gravatar.com\/avatar\/261e5fa13cfbce1e53c026c833f5e36744f89dcb35e4578439e7ced7c9b89537?s=96&d=mm&r=g","caption":"Redazione area-press.eu"},"url":"https:\/\/www.area-press.eu\/comunicati\/author\/redazione-area-press-eu\/"}]}},"_links":{"self":[{"href":"https:\/\/www.area-press.eu\/comunicati\/wp-json\/wp\/v2\/posts\/31983","targetHints":{"allow":["GET"]}}],"collection":[{"href":"https:\/\/www.area-press.eu\/comunicati\/wp-json\/wp\/v2\/posts"}],"about":[{"href":"https:\/\/www.area-press.eu\/comunicati\/wp-json\/wp\/v2\/types\/post"}],"author":[{"embeddable":true,"href":"https:\/\/www.area-press.eu\/comunicati\/wp-json\/wp\/v2\/users\/2"}],"replies":[{"embeddable":true,"href":"https:\/\/www.area-press.eu\/comunicati\/wp-json\/wp\/v2\/comments?post=31983"}],"version-history":[{"count":0,"href":"https:\/\/www.area-press.eu\/comunicati\/wp-json\/wp\/v2\/posts\/31983\/revisions"}],"wp:attachment":[{"href":"https:\/\/www.area-press.eu\/comunicati\/wp-json\/wp\/v2\/media?parent=31983"}],"wp:term":[{"taxonomy":"category","embeddable":true,"href":"https:\/\/www.area-press.eu\/comunicati\/wp-json\/wp\/v2\/categories?post=31983"},{"taxonomy":"post_tag","embeddable":true,"href":"https:\/\/www.area-press.eu\/comunicati\/wp-json\/wp\/v2\/tags?post=31983"}],"curies":[{"name":"wp","href":"https:\/\/api.w.org\/{rel}","templated":true}]}}