{"id":31263,"date":"2010-07-23T00:00:00","date_gmt":"2010-07-22T22:00:00","guid":{"rendered":"http:\/\/www.area-press.eu\/comunicati\/alla-scoperta-dei-laghi-piu-belli-del-nord-italia\/"},"modified":"2010-07-23T00:00:00","modified_gmt":"2010-07-22T22:00:00","slug":"alla-scoperta-dei-laghi-piu-belli-del-nord-italia","status":"publish","type":"post","link":"https:\/\/www.area-press.eu\/comunicati\/alla-scoperta-dei-laghi-piu-belli-del-nord-italia\/","title":{"rendered":"Alla scoperta dei laghi pi\u00f9 belli del Nord Italia!"},"content":{"rendered":"<p><!-- VideographyWP Plugin Message: Automatic video embedding prevented by plugin options. --><\/p>\n<p>I laghi sono in Italia pi&ugrave; numerosi che nelle altre penisole dell&#8217;Europa meridionale mediterranea. Numerosissimi sono soprattutti quelli che si incontrano nella regione alpina. <\/p>\n<p><strong>Qualche suggerimento di case vacanze<\/strong>: <\/p>\n<p><strong>Affittate un appartamento sul lago d&#8217;Iseo<\/strong> <\/p>\n<p><a href=\"http:\/\/www.facebook.com\/photo.php?pid=419244&amp;op=1&amp;view=all&amp;subj=115634088484380&amp;aid=-1&amp;auser=0&amp;oid=115634088484380&amp;id=131827363498005\" class=\"broken_link\"><img decoding=\"async\" class=\"img\" src=\"http:\/\/photos-b.ak.fbcdn.net\/hphotos-ak-ash2\/hs015.ash2\/34090_142927015721373_131827363498005_419244_1827333_a.jpg\" alt=\"\" \/><\/a><\/p>\n<p>Approfittate di sconti su questa casa vacanze con vista sul lago a Riva di Solto. Grazie alla sua posizione geografica eccezionale potrete praticare diverse attivit&agrave;: windsurf, wakeboard, canottaggio, escursioni a piedi, a cavallo o mountain-bike in collina, visite di siti di notevole interesse naturalistico, itinerari enogastronomici&#8230; Per maggiori informazioni, <strong><a href=\"http:\/\/www.mediavacanze.com\/IT\/property.php?view=57047\" target=\"_blank\">cliccate qui<\/a><\/strong>. <\/p>\n<p><strong>Monolocale con splendido panorama su tutto il Lago di Como<\/strong><\/p>\n<p><a href=\"http:\/\/www.facebook.com\/photo.php?pid=419410&amp;op=1&amp;view=all&amp;subj=115634088484380&amp;aid=-1&amp;auser=0&amp;oid=115634088484380&amp;id=131827363498005\" class=\"broken_link\"><img decoding=\"async\" class=\"img\" src=\"http:\/\/photos-h.ak.fbcdn.net\/hphotos-ak-snc4\/hs174.snc4\/38060_142935542387187_131827363498005_419410_1153071_a.jpg\" alt=\"\" \/><\/a><\/p>\n<p>Ottimo punto di partenza per escursioni e gite sul lago, questa casa vacanze vi offre un panorama da sogno sul famoso Lago di Como! Vi invitiamo a scoprire questo alloggio <strong><a href=\"http:\/\/www.mediavacanze.com\/IT\/property.php?view=45695\" target=\"_blank\">cliccando qui<\/a><\/strong>. <\/p>\n<p><strong>Questo elegante bilocale a Caprino Veronese<\/strong><\/p>\n<p><a href=\"http:\/\/www.facebook.com\/photo.php?pid=419603&amp;op=1&amp;view=all&amp;subj=115634088484380&amp;aid=-1&amp;auser=0&amp;oid=115634088484380&amp;id=131827363498005\" class=\"broken_link\"><img decoding=\"async\" class=\"img\" src=\"http:\/\/photos-c.ak.fbcdn.net\/hphotos-ak-ash2\/hs085.ash2\/37607_142943622386379_131827363498005_419603_6054640_a.jpg\" alt=\"\" \/><\/a><\/p>\n<p>Vi diamo la possibilit&agrave; di essere in contatto diretto con la natura e di rilassarvi! Affittate questo appartamento in villa con piscina a 2 passi dal centro e ritrovate la tranquillit&agrave; e l&#8217;autenticit&agrave; della campagna. <a href=\"http:\/\/www.mediavacanze.com\/IT\/property.php?view=49404\" target=\"_blank\"><strong>Scoprite questa casa vacanze su MediaVacanze.com<\/strong><\/a>. <\/p>\n<p>Sorvolate la Regione dei Laghi, <a href=\"http:\/\/www.mediavacanze.com\/IT\/Affitti-Case-Vacanze-Regione-Laghi?video=open#video3D\" target=\"_blank\">cliccate qui per vedere il video<\/a>! <\/p>\n<p>Affrettatevi di prenotare al prezzo pi&ugrave; giusto grazie alle <a href=\"http:\/\/www.mediavacanze.com\/IT\/casa-vacanze_regione-dei-laghi_idmr-9\/affitti_promozione-last-minute.php\" target=\"_blank\" class=\"broken_link\">Offerte Last Minute<\/a> proposte dai nostri proprietari!<\/p>\n<p><a href=\"http:\/\/www.facebook.com\/MediaVacanze\" target=\"_blank\" class=\"broken_link\">Trovate anche tutte le nostre attualit&agrave; su Facebook<\/a> <\/p>\n<p><em>Con pi&ugrave; di 20.000 offerte di case vacanza stagionali tra privati in Italia, in Europa e nel resto del mondo, <a href=\"http:\/\/www.mediavacanze.com\/\" target=\"_blank\">MediaVacanze.com<\/a> &egrave; uno dei protagonisti dell&#8217;affitto case vacanza. Per quest&#8217;estate, scegliete la vostra casa vacanze ideale nell&#8217;ampia proposta di ville con piscina, di appartamenti e monolocali sul lungomare, di agriturismi e bed &amp; breakfast, o ancora di alloggi insoliti! <a href=\"http:\/\/www.mediavacanze.com\/\" target=\"_blank\">MediaVacanze.com<\/a> &egrave; presente in diversi Paesi europei: in Francia (MediaVacanze.com), in Portogallo (MediaFerias.com), in Spagna (MediaVacaciones.com), in Germania (MediaFerienPortal.com), nel Regno Unito (MediaHols.com), in Olanda (MediaVakanties.com) e anche negli Stati Uniti (MediaVacationRentals.com).<\/em><\/p>\n","protected":false},"excerpt":{"rendered":"<p>Scoprite o riscoprite i laghi pi\u00f9 famosi del Nord Italia nella stagione estiva e ritrovate la sensazione di libert\u00e0 immerso in piena natura.<\/p>\n","protected":false},"author":2,"featured_media":0,"comment_status":"open","ping_status":"open","sticky":false,"template":"","format":"standard","meta":{"_monsterinsights_skip_tracking":false,"_monsterinsights_sitenote_active":false,"_monsterinsights_sitenote_note":"","_monsterinsights_sitenote_category":0,"footnotes":""},"categories":[7559],"tags":[],"class_list":["post-31263","post","type-post","status-publish","format-standard","hentry","category-turismo"],"acf":[],"yoast_head":"<!-- This site is optimized with the Yoast SEO plugin v24.6 - https:\/\/yoast.com\/wordpress\/plugins\/seo\/ -->\n<title>Alla scoperta dei laghi pi\u00f9 belli del Nord Italia! - area-press.eu - comunicati<\/title>\n<meta name=\"robots\" content=\"index, follow, max-snippet:-1, max-image-preview:large, max-video-preview:-1\" \/>\n<link rel=\"canonical\" href=\"https:\/\/www.area-press.eu\/comunicati\/alla-scoperta-dei-laghi-piu-belli-del-nord-italia\/\" \/>\n<meta property=\"og:locale\" content=\"it_IT\" \/>\n<meta property=\"og:type\" content=\"article\" \/>\n<meta property=\"og:title\" content=\"Alla scoperta dei laghi pi\u00f9 belli del Nord Italia! - area-press.eu - comunicati\" \/>\n<meta property=\"og:description\" content=\"Scoprite o riscoprite i laghi pi\u00f9 famosi del Nord Italia nella stagione estiva e ritrovate la sensazione di libert\u00e0 immerso in piena natura.\" \/>\n<meta property=\"og:url\" content=\"https:\/\/www.area-press.eu\/comunicati\/alla-scoperta-dei-laghi-piu-belli-del-nord-italia\/\" \/>\n<meta property=\"og:site_name\" content=\"area-press.eu - comunicati\" \/>\n<meta property=\"article:published_time\" content=\"2010-07-22T22:00:00+00:00\" \/>\n<meta property=\"og:image\" content=\"http:\/\/photos-b.ak.fbcdn.net\/hphotos-ak-ash2\/hs015.ash2\/34090_142927015721373_131827363498005_419244_1827333_a.jpg\" \/>\n<meta name=\"author\" content=\"Redazione area-press.eu\" \/>\n<meta name=\"twitter:card\" content=\"summary_large_image\" \/>\n<meta name=\"twitter:label1\" content=\"Scritto da\" \/>\n\t<meta name=\"twitter:data1\" content=\"Redazione area-press.eu\" \/>\n\t<meta name=\"twitter:label2\" content=\"Tempo di lettura stimato\" \/>\n\t<meta name=\"twitter:data2\" content=\"2 minuti\" \/>\n<script type=\"application\/ld+json\" class=\"yoast-schema-graph\">{\"@context\":\"https:\/\/schema.org\",\"@graph\":[{\"@type\":\"WebPage\",\"@id\":\"https:\/\/www.area-press.eu\/comunicati\/alla-scoperta-dei-laghi-piu-belli-del-nord-italia\/\",\"url\":\"https:\/\/www.area-press.eu\/comunicati\/alla-scoperta-dei-laghi-piu-belli-del-nord-italia\/\",\"name\":\"Alla scoperta dei laghi pi\u00f9 belli del Nord Italia! - area-press.eu - comunicati\",\"isPartOf\":{\"@id\":\"https:\/\/www.area-press.eu\/comunicati\/#website\"},\"primaryImageOfPage\":{\"@id\":\"https:\/\/www.area-press.eu\/comunicati\/alla-scoperta-dei-laghi-piu-belli-del-nord-italia\/#primaryimage\"},\"image\":{\"@id\":\"https:\/\/www.area-press.eu\/comunicati\/alla-scoperta-dei-laghi-piu-belli-del-nord-italia\/#primaryimage\"},\"thumbnailUrl\":\"http:\/\/photos-b.ak.fbcdn.net\/hphotos-ak-ash2\/hs015.ash2\/34090_142927015721373_131827363498005_419244_1827333_a.jpg\",\"datePublished\":\"2010-07-22T22:00:00+00:00\",\"author\":{\"@id\":\"https:\/\/www.area-press.eu\/comunicati\/#\/schema\/person\/c7a82e1cf7b2d105ee3708fcc74461f4\"},\"breadcrumb\":{\"@id\":\"https:\/\/www.area-press.eu\/comunicati\/alla-scoperta-dei-laghi-piu-belli-del-nord-italia\/#breadcrumb\"},\"inLanguage\":\"it-IT\",\"potentialAction\":[{\"@type\":\"ReadAction\",\"target\":[\"https:\/\/www.area-press.eu\/comunicati\/alla-scoperta-dei-laghi-piu-belli-del-nord-italia\/\"]}]},{\"@type\":\"ImageObject\",\"inLanguage\":\"it-IT\",\"@id\":\"https:\/\/www.area-press.eu\/comunicati\/alla-scoperta-dei-laghi-piu-belli-del-nord-italia\/#primaryimage\",\"url\":\"http:\/\/photos-b.ak.fbcdn.net\/hphotos-ak-ash2\/hs015.ash2\/34090_142927015721373_131827363498005_419244_1827333_a.jpg\",\"contentUrl\":\"http:\/\/photos-b.ak.fbcdn.net\/hphotos-ak-ash2\/hs015.ash2\/34090_142927015721373_131827363498005_419244_1827333_a.jpg\"},{\"@type\":\"BreadcrumbList\",\"@id\":\"https:\/\/www.area-press.eu\/comunicati\/alla-scoperta-dei-laghi-piu-belli-del-nord-italia\/#breadcrumb\",\"itemListElement\":[{\"@type\":\"ListItem\",\"position\":1,\"name\":\"Home\",\"item\":\"https:\/\/www.area-press.eu\/comunicati\/\"},{\"@type\":\"ListItem\",\"position\":2,\"name\":\"Alla scoperta dei laghi pi\u00f9 belli del Nord Italia!\"}]},{\"@type\":\"WebSite\",\"@id\":\"https:\/\/www.area-press.eu\/comunicati\/#website\",\"url\":\"https:\/\/www.area-press.eu\/comunicati\/\",\"name\":\"area-press.eu - comunicati\",\"description\":\"Press releases e comunicati stampa\",\"potentialAction\":[{\"@type\":\"SearchAction\",\"target\":{\"@type\":\"EntryPoint\",\"urlTemplate\":\"https:\/\/www.area-press.eu\/comunicati\/?s={search_term_string}\"},\"query-input\":{\"@type\":\"PropertyValueSpecification\",\"valueRequired\":true,\"valueName\":\"search_term_string\"}}],\"inLanguage\":\"it-IT\"},{\"@type\":\"Person\",\"@id\":\"https:\/\/www.area-press.eu\/comunicati\/#\/schema\/person\/c7a82e1cf7b2d105ee3708fcc74461f4\",\"name\":\"Redazione area-press.eu\",\"image\":{\"@type\":\"ImageObject\",\"inLanguage\":\"it-IT\",\"@id\":\"https:\/\/www.area-press.eu\/comunicati\/#\/schema\/person\/image\/\",\"url\":\"https:\/\/secure.gravatar.com\/avatar\/261e5fa13cfbce1e53c026c833f5e36744f89dcb35e4578439e7ced7c9b89537?s=96&d=mm&r=g\",\"contentUrl\":\"https:\/\/secure.gravatar.com\/avatar\/261e5fa13cfbce1e53c026c833f5e36744f89dcb35e4578439e7ced7c9b89537?s=96&d=mm&r=g\",\"caption\":\"Redazione area-press.eu\"},\"url\":\"https:\/\/www.area-press.eu\/comunicati\/author\/redazione-area-press-eu\/\"}]}<\/script>\n<!-- \/ Yoast SEO plugin. -->","yoast_head_json":{"title":"Alla scoperta dei laghi pi\u00f9 belli del Nord Italia! - area-press.eu - comunicati","robots":{"index":"index","follow":"follow","max-snippet":"max-snippet:-1","max-image-preview":"max-image-preview:large","max-video-preview":"max-video-preview:-1"},"canonical":"https:\/\/www.area-press.eu\/comunicati\/alla-scoperta-dei-laghi-piu-belli-del-nord-italia\/","og_locale":"it_IT","og_type":"article","og_title":"Alla scoperta dei laghi pi\u00f9 belli del Nord Italia! - area-press.eu - comunicati","og_description":"Scoprite o riscoprite i laghi pi\u00f9 famosi del Nord Italia nella stagione estiva e ritrovate la sensazione di libert\u00e0 immerso in piena natura.","og_url":"https:\/\/www.area-press.eu\/comunicati\/alla-scoperta-dei-laghi-piu-belli-del-nord-italia\/","og_site_name":"area-press.eu - comunicati","article_published_time":"2010-07-22T22:00:00+00:00","og_image":[{"url":"http:\/\/photos-b.ak.fbcdn.net\/hphotos-ak-ash2\/hs015.ash2\/34090_142927015721373_131827363498005_419244_1827333_a.jpg","type":"","width":"","height":""}],"author":"Redazione area-press.eu","twitter_card":"summary_large_image","twitter_misc":{"Scritto da":"Redazione area-press.eu","Tempo di lettura stimato":"2 minuti"},"schema":{"@context":"https:\/\/schema.org","@graph":[{"@type":"WebPage","@id":"https:\/\/www.area-press.eu\/comunicati\/alla-scoperta-dei-laghi-piu-belli-del-nord-italia\/","url":"https:\/\/www.area-press.eu\/comunicati\/alla-scoperta-dei-laghi-piu-belli-del-nord-italia\/","name":"Alla scoperta dei laghi pi\u00f9 belli del Nord Italia! - area-press.eu - comunicati","isPartOf":{"@id":"https:\/\/www.area-press.eu\/comunicati\/#website"},"primaryImageOfPage":{"@id":"https:\/\/www.area-press.eu\/comunicati\/alla-scoperta-dei-laghi-piu-belli-del-nord-italia\/#primaryimage"},"image":{"@id":"https:\/\/www.area-press.eu\/comunicati\/alla-scoperta-dei-laghi-piu-belli-del-nord-italia\/#primaryimage"},"thumbnailUrl":"http:\/\/photos-b.ak.fbcdn.net\/hphotos-ak-ash2\/hs015.ash2\/34090_142927015721373_131827363498005_419244_1827333_a.jpg","datePublished":"2010-07-22T22:00:00+00:00","author":{"@id":"https:\/\/www.area-press.eu\/comunicati\/#\/schema\/person\/c7a82e1cf7b2d105ee3708fcc74461f4"},"breadcrumb":{"@id":"https:\/\/www.area-press.eu\/comunicati\/alla-scoperta-dei-laghi-piu-belli-del-nord-italia\/#breadcrumb"},"inLanguage":"it-IT","potentialAction":[{"@type":"ReadAction","target":["https:\/\/www.area-press.eu\/comunicati\/alla-scoperta-dei-laghi-piu-belli-del-nord-italia\/"]}]},{"@type":"ImageObject","inLanguage":"it-IT","@id":"https:\/\/www.area-press.eu\/comunicati\/alla-scoperta-dei-laghi-piu-belli-del-nord-italia\/#primaryimage","url":"http:\/\/photos-b.ak.fbcdn.net\/hphotos-ak-ash2\/hs015.ash2\/34090_142927015721373_131827363498005_419244_1827333_a.jpg","contentUrl":"http:\/\/photos-b.ak.fbcdn.net\/hphotos-ak-ash2\/hs015.ash2\/34090_142927015721373_131827363498005_419244_1827333_a.jpg"},{"@type":"BreadcrumbList","@id":"https:\/\/www.area-press.eu\/comunicati\/alla-scoperta-dei-laghi-piu-belli-del-nord-italia\/#breadcrumb","itemListElement":[{"@type":"ListItem","position":1,"name":"Home","item":"https:\/\/www.area-press.eu\/comunicati\/"},{"@type":"ListItem","position":2,"name":"Alla scoperta dei laghi pi\u00f9 belli del Nord Italia!"}]},{"@type":"WebSite","@id":"https:\/\/www.area-press.eu\/comunicati\/#website","url":"https:\/\/www.area-press.eu\/comunicati\/","name":"area-press.eu - comunicati","description":"Press releases e comunicati stampa","potentialAction":[{"@type":"SearchAction","target":{"@type":"EntryPoint","urlTemplate":"https:\/\/www.area-press.eu\/comunicati\/?s={search_term_string}"},"query-input":{"@type":"PropertyValueSpecification","valueRequired":true,"valueName":"search_term_string"}}],"inLanguage":"it-IT"},{"@type":"Person","@id":"https:\/\/www.area-press.eu\/comunicati\/#\/schema\/person\/c7a82e1cf7b2d105ee3708fcc74461f4","name":"Redazione area-press.eu","image":{"@type":"ImageObject","inLanguage":"it-IT","@id":"https:\/\/www.area-press.eu\/comunicati\/#\/schema\/person\/image\/","url":"https:\/\/secure.gravatar.com\/avatar\/261e5fa13cfbce1e53c026c833f5e36744f89dcb35e4578439e7ced7c9b89537?s=96&d=mm&r=g","contentUrl":"https:\/\/secure.gravatar.com\/avatar\/261e5fa13cfbce1e53c026c833f5e36744f89dcb35e4578439e7ced7c9b89537?s=96&d=mm&r=g","caption":"Redazione area-press.eu"},"url":"https:\/\/www.area-press.eu\/comunicati\/author\/redazione-area-press-eu\/"}]}},"_links":{"self":[{"href":"https:\/\/www.area-press.eu\/comunicati\/wp-json\/wp\/v2\/posts\/31263","targetHints":{"allow":["GET"]}}],"collection":[{"href":"https:\/\/www.area-press.eu\/comunicati\/wp-json\/wp\/v2\/posts"}],"about":[{"href":"https:\/\/www.area-press.eu\/comunicati\/wp-json\/wp\/v2\/types\/post"}],"author":[{"embeddable":true,"href":"https:\/\/www.area-press.eu\/comunicati\/wp-json\/wp\/v2\/users\/2"}],"replies":[{"embeddable":true,"href":"https:\/\/www.area-press.eu\/comunicati\/wp-json\/wp\/v2\/comments?post=31263"}],"version-history":[{"count":0,"href":"https:\/\/www.area-press.eu\/comunicati\/wp-json\/wp\/v2\/posts\/31263\/revisions"}],"wp:attachment":[{"href":"https:\/\/www.area-press.eu\/comunicati\/wp-json\/wp\/v2\/media?parent=31263"}],"wp:term":[{"taxonomy":"category","embeddable":true,"href":"https:\/\/www.area-press.eu\/comunicati\/wp-json\/wp\/v2\/categories?post=31263"},{"taxonomy":"post_tag","embeddable":true,"href":"https:\/\/www.area-press.eu\/comunicati\/wp-json\/wp\/v2\/tags?post=31263"}],"curies":[{"name":"wp","href":"https:\/\/api.w.org\/{rel}","templated":true}]}}